{"id":226659,"date":"2025-11-09T11:31:16","date_gmt":"2025-11-09T11:31:16","guid":{"rendered":"https:\/\/www.europesays.com\/es\/226659\/"},"modified":"2025-11-09T11:31:16","modified_gmt":"2025-11-09T11:31:16","slug":"michael-lionsgate-vuelve-a-plantear-una-segunda-parte-del-biopic-de-michael-jackson","status":"publish","type":"post","link":"https:\/\/www.europesays.com\/es\/226659\/","title":{"rendered":"&#8216;Michael&#8217;: Lionsgate vuelve a plantear una segunda parte del biopic de Michael Jackson"},"content":{"rendered":"<p>El esperado biopic sobre <a href=\"https:\/\/www.ecartelera.com\/personas\/michael-jackson\/\" rel=\"nofollow noopener\" target=\"_blank\">Michael Jackson<\/a> <b>podr\u00eda tener una segunda parte<\/b>. Durante la \u00faltima llamada de resultados de Lionsgate, el presidente del grupo cinematogr\u00e1fico, Adam Fogelson, confirmaba que el estudio est\u00e1 evaluando extender &#8216;<a href=\"https:\/\/www.ecartelera.com\/peliculas\/michael\/\" rel=\"nofollow noopener\" target=\"_blank\">Michael<\/a>&#8216; en dos entregas, seg\u00fan recoge <a target=\"_blank\" href=\"https:\/\/deadline.com\/2025\/11\/michael-jackson-movie-sequel-trailer-traffic-1236609897\/\" rel=\"nofollow noopener\">Deadline<\/a>. Aunque a\u00fan no hay una decisi\u00f3n definitiva, el ejecutivo reconoc\u00eda que <b>el equipo creativo \u00abest\u00e1 trabajando para asegurarse de que podamos ofrecer m\u00e1s Michael<\/b> poco despu\u00e9s del estreno del primer filme\u00bb. \u00abTodav\u00eda no estamos listos para confirmar los planes&#8230;\u00bb, matizaba.<\/p>\n<p>Tr\u00e1iler &#8216;Michael&#8217;<\/p>\n<p><video id=\"vid-35997\" class=\"video-js vjs-default-skin\" data-title=\"Tr\u00e1iler 'Michael'\" poster=\"https:\/\/www.ecartelera.com\/images\/videos\/35900\/f35997.jpg\" controls=\"\" preload=\"auto\" width=\"640\" height=\"360\" playsinline=\"\" data-vtt=\"\/\/v1.ecartelera.com\/video\/35900\/35997_sprite.vtt\" data-stream=\"1\">El navegador no soporta el tag de v\u00eddeo.<\/video><\/p>\n<p>X<\/p>\n<p>La posibilidad no es nueva. Seg\u00fan informaba el propio estudio, la pel\u00edcula dirigida por <a href=\"https:\/\/www.ecartelera.com\/personas\/antoine-fuqua\/\" rel=\"nofollow noopener\" target=\"_blank\">Antoine Fuqua<\/a> y producida por <a href=\"https:\/\/www.ecartelera.com\/personas\/graham-king\/\" rel=\"nofollow noopener\" target=\"_blank\">Graham King<\/a> (&#8216;<a href=\"https:\/\/www.ecartelera.com\/peliculas\/bohemian-rhapsody\/\" rel=\"nofollow noopener\" target=\"_blank\">Bohemian Rhapsody<\/a>&#8216;) <b>fue inicialmente concebida como un proyecto \u00fanico, pero su primer corte alcanz\u00f3 las tres horas y media de duraci\u00f3n<\/b>. Adem\u00e1s, parte del metraje abordaba a una de las personas que en su momento acus\u00f3 a Jackson de abusos, una subtrama que tuvo que eliminarse por motivos legales ya que el acuerdo con el patrimonio del artista proh\u00edbe dramatizar ese tema.<\/p>\n<p>Fogelson ha asegurado que, <b>pese a los ajustes, el resultado final es sobresaliente<\/b>: \u00abHemos tenido el gran placer de ver el montaje del director y es excepcional\u00bb. Sin embargo, el ejecutivo dejaba claro que Lionsgate quiere mantener abierta la puerta a una secuela que permita <b>explorar m\u00e1s facetas del Rey del Pop<\/b> tras el estreno de la primera pel\u00edcula.<\/p>\n<p>\t\t\t\t\t\t\t<img decoding=\"async\" loading=\"lazy\" src=\"https:\/\/www.europesays.com\/es\/wp-content\/uploads\/2025\/11\/247615_michael-lionsgate-vuelve-a-plantear-una-segunda.jpg\" alt=\"'Michael', biopic de Michael Jackson\" width=\"1200\" height=\"675\"\/>\t<\/p>\n<p>\t\t\t\t\t\t&#8216;Michael&#8217;, biopic de Michael Jackson (Lionsgate)<\/p>\n<p>El biopic, protagonizado por <a href=\"https:\/\/www.ecartelera.com\/personas\/jaafar-jackson\/\" rel=\"nofollow noopener\" target=\"_blank\">Jaafar Jackson<\/a> \u2014sobrino del cantante\u2014, contar\u00e1 tambi\u00e9n con <a href=\"https:\/\/www.ecartelera.com\/personas\/nia-long\/\" rel=\"nofollow noopener\" target=\"_blank\">Nia Long<\/a> como Katherine Jackson, <a href=\"https:\/\/www.ecartelera.com\/personas\/colman-domingo\/\" rel=\"nofollow noopener\" target=\"_blank\">Colman Domingo<\/a> como Joe Jackson y <a href=\"https:\/\/www.ecartelera.com\/personas\/miles-teller\/\" rel=\"nofollow noopener\" target=\"_blank\">Miles Teller<\/a> como John Branca. El guion corre a cargo del tres veces nominado al Oscar <a href=\"https:\/\/www.ecartelera.com\/personas\/john-logan\/\" rel=\"nofollow noopener\" target=\"_blank\">John Logan<\/a>.<\/p>\n<p>Tr\u00e1iler de r\u00e9cord<\/p>\n<p>El inter\u00e9s por &#8216;Michael&#8217; no se limita a su contenido. <b>Su primer tr\u00e1iler ha hecho historia con m\u00e1s de 116 millones de visualizaciones en 24 horas<\/b>, seg\u00fan datos de WaveMetrix, superando los debuts de adelantos tan medi\u00e1ticos como &#8216;<a href=\"https:\/\/www.ecartelera.com\/peliculas\/taylor-swift-the-eras-tour\/\" rel=\"nofollow noopener\" target=\"_blank\">Taylor Swift: The Eras Tour<\/a>&#8216;, &#8216;<a href=\"https:\/\/www.ecartelera.com\/peliculas\/bob-marley-one-love\/\" rel=\"nofollow noopener\" target=\"_blank\">Bob Marley: One Love<\/a>&#8216; o &#8216;Bohemian Rhapsody&#8217;. Se trata del l<b>anzamiento m\u00e1s visto en la historia de Lionsgate y el tr\u00e1iler m\u00e1s popular de un biopic musical<\/b>.<\/p>\n<p>\t\t\t\t\t\t\t<img decoding=\"async\" loading=\"lazy\" src=\"https:\/\/www.europesays.com\/es\/wp-content\/uploads\/2025\/11\/247614_michael-lionsgate-vuelve-a-plantear-una-segunda.jpg\" alt=\"Jaafar Jackson es Michael Jackson en 'Michael'\" width=\"1200\" height=\"675\"\/>\t<\/p>\n<p>\t\t\t\t\t\tJaafar Jackson es Michael Jackson en &#8216;Michael&#8217; (Lionsgate)<\/p>\n<p>El avance se publicaba el mismo d\u00eda que Lionsgate presentaba sus resultados financieros y podr\u00e1 verse en cines junto al estreno de &#8216;<a href=\"https:\/\/www.ecartelera.com\/peliculas\/ahora-me-ves-ahora-no-me-ves\/\" rel=\"nofollow noopener\" target=\"_blank\">Ahora me ves 3<\/a>&#8216;. <b>En sus primeras seis horas ya hab\u00eda acumulado m\u00e1s de 30 millones de reproducciones<\/b>, superando incluso los n\u00fameros iniciales de &#8216;<a href=\"https:\/\/www.ecartelera.com\/peliculas\/john-wick-4\/\" rel=\"nofollow noopener\" target=\"_blank\">John Wick 4<\/a>&#8216;.<\/p>\n<p>Fogelson resum\u00eda el sentimiento del estudio tras el furor del tr\u00e1iler: \u00ab<b>La gente ha estado esperando mucho tiempo por esto<\/b>. Creo que todos est\u00e1n asombrados con la interpretaci\u00f3n de Jaafar\u00bb. Si el entusiasmo actual se mantiene, &#8216;Michael&#8217; podr\u00eda no solo romper r\u00e9cords de taquilla, sino tambi\u00e9n convertirse en el inicio de una saga biogr\u00e1fica sin precedentes.<\/p>\n<p>&#8216;Michael&#8217; <b>se estrena en cines el 26 de abril de 2026<\/b>.<\/p>\n","protected":false},"excerpt":{"rendered":"El esperado biopic sobre Michael Jackson podr\u00eda tener una segunda parte. Durante la \u00faltima llamada de resultados de&hellip;\n","protected":false},"author":2,"featured_media":226660,"comment_status":"","ping_status":"","sticky":false,"template":"","format":"standard","meta":{"footnotes":""},"categories":[170],"tags":[1014,1015,1013,177,1011,146,147,25,24,782,1019,1016,184,185,753,1012,23,1017,1018],"class_list":{"0":"post-226659","1":"post","2":"type-post","3":"status-publish","4":"format-standard","5":"has-post-thumbnail","7":"category-musica","8":"tag-actores","9":"tag-actrices","10":"tag-cartelera","11":"tag-cine","12":"tag-ecartelera","13":"tag-entertainment","14":"tag-entretenimiento","15":"tag-es","16":"tag-espana","17":"tag-estrellas","18":"tag-fotogramas","19":"tag-fotos","20":"tag-music","21":"tag-musica","22":"tag-peliculas","23":"tag-pelis","24":"tag-spain","25":"tag-trailers","26":"tag-videos"},"share_on_mastodon":{"url":"","error":""},"_links":{"self":[{"href":"https:\/\/www.europesays.com\/es\/wp-json\/wp\/v2\/posts\/226659","targetHints":{"allow":["GET"]}}],"collection":[{"href":"https:\/\/www.europesays.com\/es\/wp-json\/wp\/v2\/posts"}],"about":[{"href":"https:\/\/www.europesays.com\/es\/wp-json\/wp\/v2\/types\/post"}],"author":[{"embeddable":true,"href":"https:\/\/www.europesays.com\/es\/wp-json\/wp\/v2\/users\/2"}],"replies":[{"embeddable":true,"href":"https:\/\/www.europesays.com\/es\/wp-json\/wp\/v2\/comments?post=226659"}],"version-history":[{"count":0,"href":"https:\/\/www.europesays.com\/es\/wp-json\/wp\/v2\/posts\/226659\/revisions"}],"wp:featuredmedia":[{"embeddable":true,"href":"https:\/\/www.europesays.com\/es\/wp-json\/wp\/v2\/media\/226660"}],"wp:attachment":[{"href":"https:\/\/www.europesays.com\/es\/wp-json\/wp\/v2\/media?parent=226659"}],"wp:term":[{"taxonomy":"category","embeddable":true,"href":"https:\/\/www.europesays.com\/es\/wp-json\/wp\/v2\/categories?post=226659"},{"taxonomy":"post_tag","embeddable":true,"href":"https:\/\/www.europesays.com\/es\/wp-json\/wp\/v2\/tags?post=226659"}],"curies":[{"name":"wp","href":"https:\/\/api.w.org\/{rel}","templated":true}]}}