{"id":226661,"date":"2025-11-09T11:32:26","date_gmt":"2025-11-09T11:32:26","guid":{"rendered":"https:\/\/www.europesays.com\/es\/226661\/"},"modified":"2025-11-09T11:32:26","modified_gmt":"2025-11-09T11:32:26","slug":"homeless-film-festival-presenta-un-cortometraje-junto-a-bizitegi-en-bilbao","status":"publish","type":"post","link":"https:\/\/www.europesays.com\/es\/226661\/","title":{"rendered":"Homeless Film Festival presenta un cortometraje junto a Bizitegi en Bilbao"},"content":{"rendered":"<p>\n        La <strong>cima no siempre se mide en metros. <\/strong>A veces est\u00e1 en el<strong> gesto de madrugar <\/strong>cuando cuesta, en el<strong> apoyo colectivo<\/strong> al borde del camino o en el <strong>silencio <\/strong>que, all\u00e1 arriba, no oculta los<strong> problemas urbanos que esperan al bajar por la ladera.<\/strong> De eso habla El Camino Arriba, el <strong>documental <\/strong>que el pr\u00f3ximo <strong>13 de noviembre <\/strong>abre la <strong>d\u00e9cima edici\u00f3n<\/strong> de<strong>l Homeless Film Festival<\/strong> \u2013junto a otras obras art\u00edsticas\u2013, la cita que <strong>Bizitegi <\/strong>impulsa desde hace diez a\u00f1os para<strong> mirar la exclusi\u00f3n social con otros ojos.<\/strong>\n<\/p>\n<p class=\"article-body__text \">\n        El d\u00eda del <strong>rodaje <\/strong>en el monte <a href=\"https:\/\/www.deia.eus\/tags\/gorbea\/\" title=\"Gorbea\" class=\"link copy\" rel=\"nofollow noopener\" target=\"_blank\">Gorbea<\/a>, la <strong>niebla <\/strong>se empe\u00f1\u00f3 en ser la <strong>protagonista<\/strong>, pero la<strong> persistencia del director<\/strong>, <strong>I\u00f1igo Cobo,<\/strong> permiti\u00f3 poner en la gran pantalla las salidas al monte de la asociaci\u00f3n.<strong> \u201cGrabamos todo en dos d\u00edas y hicimos mucho esfuerzo, pero no m\u00e1s del que hacen los usuarios acudiendo a las excursiones\u201d<\/strong>, asegura.\n<\/p>\n<p>            <a href=\"https:\/\/www.deia.eus\/bilbao\/2025\/01\/16\/pablo-ruiz-coordinador-bizitegi-ahora-9161120.html\" title=\"Pablo Ruiz coordinador de Bizitegi: \u201cLos que ahora no tienen techo necesitan oportunidades, m\u00e1s que cuidados\u201d\" class=\"new__media\" rel=\"nofollow noopener\" target=\"_blank\"><\/p>\n<p>                <img alt=\"Pablo Ruiz coordinador de Bizitegi: \u201cLos que ahora no tienen techo necesitan oportunidades, m\u00e1s que cuidados\u201d\" data-src=\"https:\/\/www.europesays.com\/es\/wp-content\/uploads\/2025\/11\/57aea741-d835-4231-95f4-b30544d16242_16-9-aspect-ratio_default_0.jpg\" class=\"lozad\"\/><\/p>\n<p>        <\/a><\/p>\n<p>        <a href=\"https:\/\/www.deia.eus\/bilbao\/2025\/01\/16\/pablo-ruiz-coordinador-bizitegi-ahora-9161120.html\" title=\"Pablo Ruiz coordinador de Bizitegi: \u201cLos que ahora no tienen techo necesitan oportunidades, m\u00e1s que cuidados\u201d\" class=\"new__headline\" rel=\"nofollow noopener\" target=\"_blank\"><br \/>\n            Pablo Ruiz coordinador de Bizitegi: \u201cLos que ahora no tienen techo necesitan oportunidades, m\u00e1s que cuidados\u201d<br \/>\n        <\/a><\/p>\n<p>  1750 kil\u00f3metros de esperanza<\/p>\n<p class=\"article-body__text \">\n        El grupo de<strong> monte <\/strong>de <strong>Bizitegi<\/strong>, protagonista del documental, naci\u00f3 en <strong>2011 <\/strong>como una<strong> idea sencilla<\/strong>: que los <strong>usuarios<\/strong>, muchas veces <strong>sin techo<\/strong>, pudieran<strong> disfrutar de la naturaleza en compa\u00f1\u00eda.<\/strong> Con los a\u00f1os se convirti\u00f3 en algo m\u00e1s.<strong> Ciento ochenta y tres rutas, mil setecientos cincuenta kil\u00f3metros y m\u00e1s de dos mil participantes despu\u00e9s, <\/strong>el proyecto ha tejido una <strong>comunidad<\/strong>. \u201cEmpez\u00f3 com<strong>o ocio inclusivo<\/strong>, pero ha acabado siendo una forma de <strong>vida que permite sanarse\u201d<\/strong>, advierte<strong> Fernando D\u00edez<\/strong>, voluntario y <strong>dinamizador <\/strong>en las distintas excursiones. \u201cEl monte<strong> permite a los participantes sentirse libres <\/strong>y disfrutar de un d\u00eda en compa\u00f1\u00eda y tranquilidad\u201d.\n<\/p>\n<p>            <a href=\"https:\/\/www.deia.eus\/bilbao\/2025\/11\/08\/accion-social-contara-cuatro-millones-10319082.html\" title=\"Acci\u00f3n Social contar\u00e1 con cuatro millones m\u00e1s\" class=\"new__media\" rel=\"nofollow noopener\" target=\"_blank\"><\/p>\n<p>                <img alt=\"Acci\u00f3n Social contar\u00e1 con cuatro millones m\u00e1s\" data-src=\"https:\/\/www.europesays.com\/es\/wp-content\/uploads\/2025\/11\/7e71f7ce-4222-44a7-a80f-594d8ae7ff36_16-9-aspect-ratio_default_0.jpg\" class=\"lozad\"\/><\/p>\n<p>        <\/a><\/p>\n<p>        <a href=\"https:\/\/www.deia.eus\/bilbao\/2025\/11\/08\/accion-social-contara-cuatro-millones-10319082.html\" title=\"Acci\u00f3n Social contar\u00e1 con cuatro millones m\u00e1s\" class=\"new__headline\" rel=\"nofollow noopener\" target=\"_blank\"><br \/>\n            Acci\u00f3n Social contar\u00e1 con cuatro millones m\u00e1s<br \/>\n        <\/a><\/p>\n<p class=\"article-body__text \">\n        Fernando habla de <strong>caminatas con sol y lluvia, <\/strong>de <strong>bocadillos compartidos <\/strong>en los collados y de<strong> muchos momentos de convivencia sanadora. <\/strong>\u201cA veces viene <strong>gente que duerme en albergues o que est\u00e1 en momentos dif\u00edciles<\/strong>, incluso uno trajo cartones. Pero all\u00ed arriba<strong> nadie pregunta de d\u00f3nde vienes.<\/strong> Todos miramos hacia el mismo sitio\u201d. La <strong>monta\u00f1a<\/strong>, dice, \u00ab<strong>no juzga.<\/strong> Y eso<strong> ya es mucho.\u00bb<\/strong>\n<\/p>\n<p>  25 a\u00f1os en la calle<\/p>\n<p class=\"article-body__text \">\n        Entre quienes <strong>se atan las botas<\/strong> cada semana est\u00e1 <strong>Francisco Javier Mas,<\/strong> que un d\u00eda decidi\u00f3 que <strong>quer\u00eda volver a sentir el horizonte. \u201cCaminar me devuelve la calma\u201d, <\/strong>expresa.<strong> \u201cTe reta, te coloca en el presente. Compartirlo con otros me recuerda que no estoy solo\u201d.<\/strong> Lo cuenta con una <strong>sonrisa t\u00edmida,<\/strong> mirando como si la monta\u00f1a a\u00fan <strong>estuviera ah\u00ed delante.<\/strong> <strong>\u201cHe vivido 25 a\u00f1os en la calle. Ahora colaboro como voluntario y pongo mi granito de arena en las salidas\u201d, <\/strong>se\u00f1ala.\n<\/p>\n<p>            <a href=\"https:\/\/www.deia.eus\/bizkaia\/2025\/11\/07\/diputacion-bizkaia-programa-apoyo-madres-adolescentes-10315417.html\" title=\"La Diputaci\u00f3n de Bizkaia pondr\u00e1 en marcha un programa para atender a las madres adolescentes\" class=\"new__media\" rel=\"nofollow noopener\" target=\"_blank\"><\/p>\n<p>                <img alt=\"La Diputaci\u00f3n de Bizkaia pondr\u00e1 en marcha un programa para atender a las madres adolescentes\" data-src=\"https:\/\/www.europesays.com\/es\/wp-content\/uploads\/2025\/11\/1e57d809-4c70-485f-8d05-e14420522500_16-9-aspect-ratio_default_0.jpg\" class=\"lozad\"\/><\/p>\n<p>        <\/a><\/p>\n<p>        <a href=\"https:\/\/www.deia.eus\/bizkaia\/2025\/11\/07\/diputacion-bizkaia-programa-apoyo-madres-adolescentes-10315417.html\" title=\"La Diputaci\u00f3n de Bizkaia pondr\u00e1 en marcha un programa para atender a las madres adolescentes\" class=\"new__headline\" rel=\"nofollow noopener\" target=\"_blank\"><br \/>\n            La Diputaci\u00f3n de Bizkaia pondr\u00e1 en marcha un programa para atender a las madres adolescentes<br \/>\n        <\/a><\/p>\n<p class=\"article-photo__footer\">\n            Francisco Javier Mas comparte sus vivencias.            Pankra Nieto        <\/p>\n<p>  Recargar el alma<\/p>\n<p class=\"article-body__text \">\n        A su lado, <strong>Marisol Gil,<\/strong> nacida en <strong>Brasil<\/strong>, encontr\u00f3 en <strong>la asociaci\u00f3n algo m\u00e1s que un hogar.<\/strong> Lleg\u00f3 a <strong>Bilbao buscando oportunidades y termin\u00f3 encontrando un grupo con el que volver a confiar.<\/strong> \u201cMe ayud\u00f3 a<strong> salir de la soledad.<\/strong> La n<strong>aturaleza te da alegr\u00eda,<\/strong> te <strong>llena de energ\u00eda.<\/strong> Subir una<strong> cumbre es como recargar el alma. <\/strong>Cuando llegas arriba, piensas:<strong> todav\u00eda hay esperanza\u201d<\/strong>, explica emocionada con mucha ilusi\u00f3n.\n<\/p>\n<p>  Soltar la mochila<\/p>\n<p class=\"article-body__text \">\n        <strong>Marina Adamez<\/strong>, <strong>trabajadora social<\/strong>, no solo ha sido fiel testigo en cada subida monta\u00f1era<strong>. Ella misma, se mantiene en forma como nadie<\/strong> y ha <strong>visto muchas de esas peque\u00f1as transformaciones<\/strong>.<strong> \u201cCada persona lleva su propia mochila<\/strong>. La vida personal y emocional puede ser muy dura y es un gran lastre, que <strong>no sabe de clases sociales.<\/strong> Al principio cuesta, pero la monta\u00f1a <strong>te ense\u00f1a que puedes soltar peso si alguien te acompa\u00f1a<\/strong>\u201d. El grupo no solo sube montes; sube autoestima, sube confianza. Es ocio, s\u00ed, pero tambi\u00e9n terapia.\u00a0\n<\/p>\n<p>            <a href=\"https:\/\/www.deia.eus\/cultura\/2025\/10\/09\/festival-cine-personas-sin-hogar-homeless-film-festival-metro-bilbao-ehu-teatro-10190884.html\" title=\"Las personas sin hogar volver\u00e1n a ser protagonistas de la d\u00e9cima edici\u00f3n del Homeless Film Festival\" class=\"new__media\" rel=\"nofollow noopener\" target=\"_blank\"><\/p>\n<p>                <img alt=\"Las personas sin hogar volver\u00e1n a ser protagonistas de la d\u00e9cima edici\u00f3n del Homeless Film Festival\" data-src=\"https:\/\/www.europesays.com\/es\/wp-content\/uploads\/2025\/11\/2581c736-4fe6-4938-b18e-3def5f7a7f1e_16-9-aspect-ratio_default_0.jpg\" class=\"lozad\"\/><\/p>\n<p>        <\/a><\/p>\n<p>        <a href=\"https:\/\/www.deia.eus\/cultura\/2025\/10\/09\/festival-cine-personas-sin-hogar-homeless-film-festival-metro-bilbao-ehu-teatro-10190884.html\" title=\"Las personas sin hogar volver\u00e1n a ser protagonistas de la d\u00e9cima edici\u00f3n del Homeless Film Festival\" class=\"new__headline\" rel=\"nofollow noopener\" target=\"_blank\"><br \/>\n            Las personas sin hogar volver\u00e1n a ser protagonistas de la d\u00e9cima edici\u00f3n del Homeless Film Festival<br \/>\n        <\/a><\/p>\n<p>  Un grupo Imparable <\/p>\n<p class=\"article-body__text \">\n        \u201cNunca<strong> hemos querido hacer historias de pena<\/strong>. Quer\u00edamos contar historias de<strong> vida reales.<\/strong> Estoy muy orgulloso de haber<strong> podido participar en el proyecto\u201d, <\/strong>insiste Cobo, a pocos d\u00eda de dar a conocer la grabaci\u00f3n al p\u00fablico.\u00a0\n<\/p>\n<p class=\"article-body__text \">\n        El estreno de El camino arriba ser\u00e1, como dice Fernando D\u00edez,<strong> \u201cuna cima colectiva\u201d.<\/strong> No por los kil\u00f3metros recorridos \u2013que son m\u00e1s de mil setecientos cincuenta\u2013 , sino por lo <strong>que han aprendido en el trayecto.<\/strong> <strong>\u201cLa monta\u00f1a te ense\u00f1a que el esfuerzo tiene sentido,<\/strong> que siempre hay un refugio, aunque tardes en encontrarlo. Nunca hay que tirar la toalla\u201d, finaliza.\n<\/p>\n<p>            <a href=\"https:\/\/www.deia.eus\/bizkaia\/2025\/11\/06\/tres-veces-moviles-hogares-bizkaia-10309998.html\" title=\"Tres veces m\u00e1s m\u00f3viles que hogares en Bizkaia\" class=\"new__media\" rel=\"nofollow noopener\" target=\"_blank\"><\/p>\n<p>                <img alt=\"Tres veces m\u00e1s m\u00f3viles que hogares en Bizkaia\" data-src=\"https:\/\/www.europesays.com\/es\/wp-content\/uploads\/2025\/11\/9d166cbf-bd9e-4140-910f-84a2a2f162b7_16-9-aspect-ratio_default_0.jpg\" class=\"lozad\"\/><\/p>\n<p>        <\/a><\/p>\n<p>        <a href=\"https:\/\/www.deia.eus\/bizkaia\/2025\/11\/06\/tres-veces-moviles-hogares-bizkaia-10309998.html\" title=\"Tres veces m\u00e1s m\u00f3viles que hogares en Bizkaia\" class=\"new__headline\" rel=\"nofollow noopener\" target=\"_blank\"><br \/>\n            Tres veces m\u00e1s m\u00f3viles que hogares en Bizkaia<br \/>\n        <\/a><\/p>\n<p class=\"article-body__text \">\n        El <strong>Homeless Film Festival<\/strong> cumple <strong>diez a\u00f1os fiel a esa idea<\/strong>, contar la vida desde el otro lado. Naci\u00f3 como un <strong>gesto peque\u00f1o<\/strong> y se ha convertido en un espacio d<strong>onde el arte abre puertas al margen de las industrias.<\/strong> Un recordatorio necesario de que, incluso desde las aceras y los entornos m\u00e1s hostiles <strong>se puede mirar al horizonte y seguir subiendo.<\/strong><\/p>\n","protected":false},"excerpt":{"rendered":"La cima no siempre se mide en metros. A veces est\u00e1 en el gesto de madrugar cuando cuesta,&hellip;\n","protected":false},"author":2,"featured_media":226662,"comment_status":"","ping_status":"","sticky":false,"template":"","format":"standard","meta":{"footnotes":""},"categories":[169],"tags":[59771,10872,5776,177,56961,146,147,25,24,3931,176,59770,175,2782,23],"class_list":{"0":"post-226661","1":"post","2":"type-post","3":"status-publish","4":"format-standard","5":"has-post-thumbnail","7":"category-cine","8":"tag-bizitegi","9":"tag-calle","10":"tag-cima","11":"tag-cine","12":"tag-cortometraje","13":"tag-entertainment","14":"tag-entretenimiento","15":"tag-es","16":"tag-espana","17":"tag-festival","18":"tag-film","19":"tag-homeless","20":"tag-movies","21":"tag-presenta","22":"tag-spain"},"share_on_mastodon":{"url":"https:\/\/pubeurope.com\/@es\/115519523712602297","error":""},"_links":{"self":[{"href":"https:\/\/www.europesays.com\/es\/wp-json\/wp\/v2\/posts\/226661","targetHints":{"allow":["GET"]}}],"collection":[{"href":"https:\/\/www.europesays.com\/es\/wp-json\/wp\/v2\/posts"}],"about":[{"href":"https:\/\/www.europesays.com\/es\/wp-json\/wp\/v2\/types\/post"}],"author":[{"embeddable":true,"href":"https:\/\/www.europesays.com\/es\/wp-json\/wp\/v2\/users\/2"}],"replies":[{"embeddable":true,"href":"https:\/\/www.europesays.com\/es\/wp-json\/wp\/v2\/comments?post=226661"}],"version-history":[{"count":0,"href":"https:\/\/www.europesays.com\/es\/wp-json\/wp\/v2\/posts\/226661\/revisions"}],"wp:featuredmedia":[{"embeddable":true,"href":"https:\/\/www.europesays.com\/es\/wp-json\/wp\/v2\/media\/226662"}],"wp:attachment":[{"href":"https:\/\/www.europesays.com\/es\/wp-json\/wp\/v2\/media?parent=226661"}],"wp:term":[{"taxonomy":"category","embeddable":true,"href":"https:\/\/www.europesays.com\/es\/wp-json\/wp\/v2\/categories?post=226661"},{"taxonomy":"post_tag","embeddable":true,"href":"https:\/\/www.europesays.com\/es\/wp-json\/wp\/v2\/tags?post=226661"}],"curies":[{"name":"wp","href":"https:\/\/api.w.org\/{rel}","templated":true}]}}