{"id":226665,"date":"2025-11-09T11:34:10","date_gmt":"2025-11-09T11:34:10","guid":{"rendered":"https:\/\/www.europesays.com\/es\/226665\/"},"modified":"2025-11-09T11:34:10","modified_gmt":"2025-11-09T11:34:10","slug":"ivan-alarcon-ruiz-miembro-de-la-organizacion-norteamericana-de-biologia-vascular-navbo","status":"publish","type":"post","link":"https:\/\/www.europesays.com\/es\/226665\/","title":{"rendered":"Iv\u00e1n Alarc\u00f3n Ruiz, miembro de la Organizaci\u00f3n Norteamericana de Biolog\u00eda Vascular, NAVBO"},"content":{"rendered":"<p><strong>Es una de las principales organizaciones internacionales dedicadas al estudio del sistema de vasos sangu\u00edneos<\/strong><\/p>\n<p><strong>Para ello, recientemente viaj\u00f3 a Estados Unidos donde tambi\u00e9n present\u00f3 los resultados de sus investigaciones<\/strong><\/p>\n<p>M.Carmen Ca\u00f1ete Vera<\/p>\n<p>El investigador jumillano, Premio Especial Talento Joven de Siete D\u00edas Jumilla 2025 y Jumillano del A\u00f1o 2021, Iv\u00e1n Alarc\u00f3n Ruiz, ha sido aceptado como miembro de la North American Vascular Biology Organization (NAVBO), una de las principales organizaciones internacionales dedicadas al estudio de la biolog\u00eda vascular.<br \/>Por ello, el investigador viaj\u00f3 recientemente hasta Estados Unidos para participar en el congreso Vascular Biology 2025, que la NAVBO organiza junto a la Microcirculatory Society y que este a\u00f1o se ha celebrado en Cape Cod, Massachusetts.<\/p>\n<p><a href=\"https:\/\/sietediasjumilla.es\/wp-content\/uploads\/2025\/11\/1-1-scaled.jpg\" rel=\"nofollow noopener\" target=\"_blank\"><img fetchpriority=\"high\" decoding=\"async\" width=\"768\" height=\"1024\" src=\"https:\/\/www.europesays.com\/es\/wp-content\/uploads\/2025\/11\/1-1-768x1024.jpg\" alt=\"\" class=\"wp-image-134682\"  \/><\/a><\/p>\n<p>Durante una semana, Iv\u00e1n Alarc\u00f3n comparti\u00f3 espacio y reuniones con algunos de los cient\u00edficos m\u00e1s destacados en el \u00e1mbito de la investigaci\u00f3n cardiovascular, \u201cen una b\u00fasqueda de intereses comunes y sinergias que potencien la investigaci\u00f3n biom\u00e9dica\u201d, seg\u00fan ha declarado a Siete D\u00edas.<\/p>\n<p><strong>Sus investigaciones<\/strong><\/p>\n<p>Adem\u00e1s, el investigador present\u00f3 all\u00ed sus resultados centrados en el desarrollo de terapias para enfermedades raras caracterizadas por aneurismas y disecciones de la aorta, principalmente para S\u00edndrome de Marfan, una patolog\u00eda originada por mutaciones en el gen FBN1 y que provoca una enfermedad grave para la que no existe ning\u00fan tratamiento farmacol\u00f3gico.<br \/>Los resultados del trabajo de Iv\u00e1n Alarc\u00f3n, que desarrolla su tesis doctoral en el Centro Nacional de Investigaciones Cardiovasculares (CNIC), bajo la direcci\u00f3n de los doctores Juan Miguel Redondo y Miguel Campanero, han conseguido identificar diversas mol\u00e9culas que han revertido la enfermedad a\u00f3rtica en ratones con S\u00edndrome de Marfan.<\/p>\n<p><strong>Una fruct\u00edfera trayectoria<\/strong><\/p>\n<p>Alarc\u00f3n es, adem\u00e1s, revisor cient\u00edfico para la Asociaci\u00f3n Americana del Coraz\u00f3n, y ha publicado art\u00edculos en algunas de las revistas acad\u00e9micas m\u00e1s importantes del mundo, como Circulation. Ha sido vicepresidente de la Asociaci\u00f3n de Biotecn\u00f3logos de Madrid y es miembro de los principales estamentos espa\u00f1oles y europeos de Farmacolog\u00eda y Biotecnolog\u00eda, as\u00ed como la Sociedad Espa\u00f1ola de Excelencia Acad\u00e9mica y del grupo divulgador del Instituto de Gen\u00e9tica B\u00e1rbara McClintock de Per\u00fa. Tambi\u00e9n ha sido miembro de los comit\u00e9s organizadores de diversos congresos nacionales e internacionales.<\/p>\n<p><strong>Se refuerza as\u00ed su perfil internacional<\/strong><\/p>\n<p>Este congreso y su incorporaci\u00f3n a la NAVBO suponen, seg\u00fan ha declarado Iv\u00e1n Alarc\u00f3n \u201cuna gran alegr\u00eda y aliciente\u201d, que ve as\u00ed reforzado su perfil internacional y el impacto de sus resultados, que se beneficiar\u00e1n enormemente de esta experiencia.<\/p>\n","protected":false},"excerpt":{"rendered":"Es una de las principales organizaciones internacionales dedicadas al estudio del sistema de vasos sangu\u00edneos Para ello, recientemente&hellip;\n","protected":false},"author":2,"featured_media":226666,"comment_status":"","ping_status":"","sticky":false,"template":"","format":"standard","meta":{"footnotes":""},"categories":[92],"tags":[25,24,165,166,23],"class_list":{"0":"post-226665","1":"post","2":"type-post","3":"status-publish","4":"format-standard","5":"has-post-thumbnail","7":"category-salud","8":"tag-es","9":"tag-espana","10":"tag-health","11":"tag-salud","12":"tag-spain"},"share_on_mastodon":{"url":"https:\/\/pubeurope.com\/@es\/115519531918076209","error":""},"_links":{"self":[{"href":"https:\/\/www.europesays.com\/es\/wp-json\/wp\/v2\/posts\/226665","targetHints":{"allow":["GET"]}}],"collection":[{"href":"https:\/\/www.europesays.com\/es\/wp-json\/wp\/v2\/posts"}],"about":[{"href":"https:\/\/www.europesays.com\/es\/wp-json\/wp\/v2\/types\/post"}],"author":[{"embeddable":true,"href":"https:\/\/www.europesays.com\/es\/wp-json\/wp\/v2\/users\/2"}],"replies":[{"embeddable":true,"href":"https:\/\/www.europesays.com\/es\/wp-json\/wp\/v2\/comments?post=226665"}],"version-history":[{"count":0,"href":"https:\/\/www.europesays.com\/es\/wp-json\/wp\/v2\/posts\/226665\/revisions"}],"wp:featuredmedia":[{"embeddable":true,"href":"https:\/\/www.europesays.com\/es\/wp-json\/wp\/v2\/media\/226666"}],"wp:attachment":[{"href":"https:\/\/www.europesays.com\/es\/wp-json\/wp\/v2\/media?parent=226665"}],"wp:term":[{"taxonomy":"category","embeddable":true,"href":"https:\/\/www.europesays.com\/es\/wp-json\/wp\/v2\/categories?post=226665"},{"taxonomy":"post_tag","embeddable":true,"href":"https:\/\/www.europesays.com\/es\/wp-json\/wp\/v2\/tags?post=226665"}],"curies":[{"name":"wp","href":"https:\/\/api.w.org\/{rel}","templated":true}]}}