{"id":226675,"date":"2025-11-09T11:39:07","date_gmt":"2025-11-09T11:39:07","guid":{"rendered":"https:\/\/www.europesays.com\/es\/226675\/"},"modified":"2025-11-09T11:39:07","modified_gmt":"2025-11-09T11:39:07","slug":"ayuso-abandona-en-ambulancia-la-misa-de-la-almudena-por-un-mareo-noticias-de-madrid","status":"publish","type":"post","link":"https:\/\/www.europesays.com\/es\/226675\/","title":{"rendered":"Ayuso abandona en ambulancia la misa de la Almudena \u201cpor un mareo\u201d | Noticias de Madrid"},"content":{"rendered":"<p class=\"\">Isabel D\u00edaz Ayuso ha abandonado este domingo en ambulancia la misa por la patrona del Madrid, la Virgen de la Almudena, por \u201cun mareo\u201d. La presidenta de la Comunidad de Madrid ha sido trasladada a un hospital de la capital, donde se encuentra a la espera de un diagn\u00f3stico, seg\u00fan ha explicado a EL PA\u00cdS su equipo. <\/p>\n<p class=\"\">Ayuso ya cancel\u00f3 el s\u00e1bado su asistencia al <a href=\"https:\/\/elpais.com\/espana\/2025-11-09\/ultima-hora-de-la-actualidad-politica-en-directo.html\" target=\"_self\" rel=\"nofollow noopener\" title=\"https:\/\/elpais.com\/espana\/2025-11-09\/ultima-hora-de-la-actualidad-politica-en-directo.html\">Congreso del PP andaluz<\/a> por no encontrarse bien. La presidenta se despert\u00f3 con la intenci\u00f3n de ir a la estaci\u00f3n del AVE y viajar a Sevilla, pero regres\u00f3 a la cama al sentirse indispuesta. Este domingo, estaba a punto de participar en la misa que oficia el arzobispo de Madrid, Jos\u00e9 Cobo, cuando empez\u00f3 a \u201cencontrarse mal\u201d y abandon\u00f3 el lugar de las autoridades.<\/p>\n<p class=\"\">La presidenta fue atendida por una ambulancia del Summa 112. Les dijo a los sanitarios que no se encontraba \u201cbien\u201d, por lo que decidieron trasladarla a un hospital. \u201cNo est\u00e1 ingresada. Estamos pendiente del diagn\u00f3stico. Parec\u00eda que estaba recuperada de lo de ayer, pero no es as\u00ed. En este momento todav\u00eda no sabemos lo que tiene\u201d, explican los asesores de Ayuso.<\/p>\n<p class=\"\">Nada parec\u00eda presagiar que la presidenta se encontraba hoy indispuesta. Ayuso ha hecho declaraciones a los medios de comunicaci\u00f3n nada m\u00e1s llegar a la explanada de la catedral, donde iba a oficiarse la misa despu\u00e9s de una procesi\u00f3n. Ha adelantado que iba a pedirle a la virgen \u201cprosperidad para todos, convivencia y atender a las personas m\u00e1s vulnerables y las que est\u00e1n solas\u201d. Minutos despu\u00e9s ha tenido que marcharse. <\/p>\n","protected":false},"excerpt":{"rendered":"Isabel D\u00edaz Ayuso ha abandonado este domingo en ambulancia la misa por la patrona del Madrid, la Virgen&hellip;\n","protected":false},"author":2,"featured_media":226676,"comment_status":"","ping_status":"","sticky":false,"template":"","format":"standard","meta":{"footnotes":""},"categories":[8],"tags":[47823,17,18,1467,25,24,13,14,11,3515,19,20,205,39368,9,10,15,16,23,12,21,22],"class_list":{"0":"post-226675","1":"post","2":"type-post","3":"status-publish","4":"format-standard","5":"has-post-thumbnail","7":"category-espana","8":"tag-ambulancias","9":"tag-breaking-news","10":"tag-breakingnews","11":"tag-comunidad-de-madrid","12":"tag-es","13":"tag-espana","14":"tag-featured-news","15":"tag-featurednews","16":"tag-headlines","17":"tag-isabel-diaz-ayuso","18":"tag-latest-news","19":"tag-latestnews","20":"tag-madrid","21":"tag-misas","22":"tag-news","23":"tag-noticias","24":"tag-noticias-destacadas","25":"tag-noticiasdestacadas","26":"tag-spain","27":"tag-titulares","28":"tag-ultimas-noticias","29":"tag-ultimasnoticias"},"share_on_mastodon":{"url":"https:\/\/pubeurope.com\/@es\/115519551311579966","error":""},"_links":{"self":[{"href":"https:\/\/www.europesays.com\/es\/wp-json\/wp\/v2\/posts\/226675","targetHints":{"allow":["GET"]}}],"collection":[{"href":"https:\/\/www.europesays.com\/es\/wp-json\/wp\/v2\/posts"}],"about":[{"href":"https:\/\/www.europesays.com\/es\/wp-json\/wp\/v2\/types\/post"}],"author":[{"embeddable":true,"href":"https:\/\/www.europesays.com\/es\/wp-json\/wp\/v2\/users\/2"}],"replies":[{"embeddable":true,"href":"https:\/\/www.europesays.com\/es\/wp-json\/wp\/v2\/comments?post=226675"}],"version-history":[{"count":0,"href":"https:\/\/www.europesays.com\/es\/wp-json\/wp\/v2\/posts\/226675\/revisions"}],"wp:featuredmedia":[{"embeddable":true,"href":"https:\/\/www.europesays.com\/es\/wp-json\/wp\/v2\/media\/226676"}],"wp:attachment":[{"href":"https:\/\/www.europesays.com\/es\/wp-json\/wp\/v2\/media?parent=226675"}],"wp:term":[{"taxonomy":"category","embeddable":true,"href":"https:\/\/www.europesays.com\/es\/wp-json\/wp\/v2\/categories?post=226675"},{"taxonomy":"post_tag","embeddable":true,"href":"https:\/\/www.europesays.com\/es\/wp-json\/wp\/v2\/tags?post=226675"}],"curies":[{"name":"wp","href":"https:\/\/api.w.org\/{rel}","templated":true}]}}