{"id":226679,"date":"2025-11-09T11:45:10","date_gmt":"2025-11-09T11:45:10","guid":{"rendered":"https:\/\/www.europesays.com\/es\/226679\/"},"modified":"2025-11-09T11:45:10","modified_gmt":"2025-11-09T11:45:10","slug":"casper-ruud-acude-de-urgencia-a-turin-como-segundo-reserva","status":"publish","type":"post","link":"https:\/\/www.europesays.com\/es\/226679\/","title":{"rendered":"Casper Ruud acude de urgencia a Tur\u00edn como segundo reserva"},"content":{"rendered":"<p data-mrf-recirculation=\"Links P\u00e1rrafos\" class=\"ue-c-article__paragraph paragraph ue-c-article--first-letter-highlighted\">La clasificaci\u00f3n de Lorenzo Musetti para las ATP Finals como primer reserva, debido a la renuncia de Novak Djokovic, provoc\u00f3 que la noche del s\u00e1bado la organizaci\u00f3n tuviera que ponerse manos a la obra para buscar un segundo jugador en el banquillo en caso de posibles lesiones. <strong>El primero pasa a ser el kazajo Alexander Bublik<\/strong>.\u00a0<\/p>\n<p data-mrf-recirculation=\"Links P\u00e1rrafos\" class=\"ue-c-article__paragraph paragraph\"><strong>El primero que aparec\u00eda en la lista de la Race 2025 era el noruego Casper Ruud<\/strong>. Este, el decimosegundo en la clasificaci\u00f3n anual, ha aceptado la proposici\u00f3n y ya viaja hacia Italia para incorporase a los entrenamientos.\u00a0<\/p>\n<p data-mrf-recirculation=\"Links P\u00e1rrafos\" class=\"ue-c-article__paragraph paragraph\"><strong>Por su estancia en Tur\u00edn ingresar\u00e1 la no despreciable cantidad de 155.000 d\u00f3lares<\/strong> aunque parece dif\u00edcil que tenga la oportunidad de jugar. Para ello deber\u00eda haber dos bajas por lesi\u00f3n.\u00a0<br \/>\u200b<\/p>\n<p>Semifinalista de la pasada edici\u00f3n<br \/>\u200b<\/p>\n<p data-mrf-recirculation=\"Links P\u00e1rrafos\" class=\"ue-c-article__paragraph paragraph\">Ruud, finalista en la edici\u00f3n de 2022, alcanz\u00f3 las semifinales del Masters masculino la pasada campa\u00f1a. Cedi\u00f3 en las semifinales con Jannik Sinner, posterior campe\u00f3n.\u00a0<\/p>\n","protected":false},"excerpt":{"rendered":"La clasificaci\u00f3n de Lorenzo Musetti para las ATP Finals como primer reserva, debido a la renuncia de Novak&hellip;\n","protected":false},"author":2,"featured_media":226680,"comment_status":"","ping_status":"","sticky":false,"template":"","format":"standard","meta":{"footnotes":""},"categories":[274],"tags":[168,25,24,23,167,327,326],"class_list":{"0":"post-226679","1":"post","2":"type-post","3":"status-publish","4":"format-standard","5":"has-post-thumbnail","7":"category-tenis","8":"tag-deportes","9":"tag-es","10":"tag-espana","11":"tag-spain","12":"tag-sports","13":"tag-tenis","14":"tag-tennis"},"share_on_mastodon":{"url":"https:\/\/pubeurope.com\/@es\/115519574708491701","error":""},"_links":{"self":[{"href":"https:\/\/www.europesays.com\/es\/wp-json\/wp\/v2\/posts\/226679","targetHints":{"allow":["GET"]}}],"collection":[{"href":"https:\/\/www.europesays.com\/es\/wp-json\/wp\/v2\/posts"}],"about":[{"href":"https:\/\/www.europesays.com\/es\/wp-json\/wp\/v2\/types\/post"}],"author":[{"embeddable":true,"href":"https:\/\/www.europesays.com\/es\/wp-json\/wp\/v2\/users\/2"}],"replies":[{"embeddable":true,"href":"https:\/\/www.europesays.com\/es\/wp-json\/wp\/v2\/comments?post=226679"}],"version-history":[{"count":0,"href":"https:\/\/www.europesays.com\/es\/wp-json\/wp\/v2\/posts\/226679\/revisions"}],"wp:featuredmedia":[{"embeddable":true,"href":"https:\/\/www.europesays.com\/es\/wp-json\/wp\/v2\/media\/226680"}],"wp:attachment":[{"href":"https:\/\/www.europesays.com\/es\/wp-json\/wp\/v2\/media?parent=226679"}],"wp:term":[{"taxonomy":"category","embeddable":true,"href":"https:\/\/www.europesays.com\/es\/wp-json\/wp\/v2\/categories?post=226679"},{"taxonomy":"post_tag","embeddable":true,"href":"https:\/\/www.europesays.com\/es\/wp-json\/wp\/v2\/tags?post=226679"}],"curies":[{"name":"wp","href":"https:\/\/api.w.org\/{rel}","templated":true}]}}