{"id":226696,"date":"2025-11-09T11:58:08","date_gmt":"2025-11-09T11:58:08","guid":{"rendered":"https:\/\/www.europesays.com\/es\/226696\/"},"modified":"2025-11-09T11:58:08","modified_gmt":"2025-11-09T11:58:08","slug":"valoro-mas-su-labor-que","status":"publish","type":"post","link":"https:\/\/www.europesays.com\/es\/226696\/","title":{"rendered":"\u00abValoro m\u00e1s su labor que&#8230;\u00bb"},"content":{"rendered":"<p style=\"\"><strong>Rosal\u00eda<\/strong> estren\u00f3 este pasado 7 de noviembre <a href=\"https:\/\/www.abc.es\/cultura\/musica\/critica-lux-rosalia-catedral-popera-masas-20251105173704-nt.html\" title=\"www.abc.es\" data-voc-vtm-id=\"in-text-traffic\" data-mrf-link=\"www.abc.es\" rel=\"nofollow noopener\" target=\"_blank\">su cuarto \u00e1lbum de estudio<\/a>, <strong>&#8216;Lux&#8217;<\/strong>, tras varios a\u00f1os alejada de los escenarios. Un disco que ha supuesto toda una transformaci\u00f3n para la cantante a nivel musical y est\u00e9tico, dejando atr\u00e1s parte de la  &#8230; esencia que caracteriz\u00f3 <strong>&#8216;MOTOMAMI&#8217;<\/strong>. En este nuevo proyecto, mucho m\u00e1s conceptual, la artista se aleja de lo urbano para adoptar un nuevo sonido, <a href=\"https:\/\/www.abc.es\/cultura\/musica\/festin-clasico-rosalia-20251108160612-nt.html\" title=\"www.abc.es\" data-voc-vtm-id=\"in-text-traffic\" data-mrf-link=\"www.abc.es\" rel=\"nofollow noopener\" target=\"_blank\">m\u00e1s cercano a la l\u00edrica<\/a> que estudi\u00f3 durante a\u00f1os en la Escuela Superior de M\u00fasica de Catalu\u00f1a.<\/p>\n<p class=\"voc-p\" style=\"\">Los cambios que ha incluido la de <strong>Sant Esteve Sesrovires<\/strong> no han alejado para nada a sus 28 millones de seguidores. En poco m\u00e1s de 48 horas, la artista espa\u00f1ola m\u00e1s internacional se ha colocado ya como <strong>una m\u00e1s escuchadas en todo el mundo de Spotify<\/strong>, concretamente la tercera, solo por detr\u00e1s de <a href=\"https:\/\/www.abc.es\/gente\/gesto-bonito-taylor-swift-dona-100000-dolares-20251019190000-nt.html\" title=\"www.abc.es\" data-voc-vtm-id=\"in-text-traffic\" data-mrf-link=\"www.abc.es\" rel=\"nofollow noopener\" target=\"_blank\">Taylor Swift<\/a> y <a href=\"https:\/\/www.abc.es\/cultura\/bad-bunny-super-bowl-eeuu-confirma-desplegara-20251002112334-nt.html\" title=\"www.abc.es\" data-voc-vtm-id=\"in-text-traffic\" data-mrf-link=\"www.abc.es\" rel=\"nofollow noopener\" target=\"_blank\">Bad Bunny<\/a>. <\/p>\n<p class=\"voc-p\" style=\"\">Adem\u00e1s, <strong>12 de sus 15 canciones<\/strong> \u2014&#8217;La Perla&#8217; (5), &#8216;Berghain&#8217; (7), &#8216;Reliquia&#8217; (10), &#8216;Sexo, violencia y llantas&#8217; (11), &#8216;Divinize&#8217; (14), &#8216;Porcelana&#8217; (20), &#8216;Mio Cristo Piange Diamanti&#8217; (23), &#8216;Dios es un stalker&#8217; (26), &#8216;De Madrug\u00e1&#8217; (27), &#8216;Mundo Nuevo&#8217; (31), &#8216;La Yugular&#8217; (36), &#8216;La Rumba del Perd\u00f3n&#8217; (42)\u2014 se encuentran ahora mismo entre las <strong>50 con m\u00e1s reproducciones<\/strong> en la plataforma de streaming a nivel global en las \u00faltimas horas.<\/p>\n<ul class=\"oc-d-c-list__list\">\n<li class=\"voc-d-c-list__item\">\n<p class=\"voc-d-c-list__paragraph\">5. La Perla<\/p>\n<\/li>\n<li class=\"voc-d-c-list__item\">\n<p class=\"voc-d-c-list__paragraph\">7. Berghain<\/p>\n<\/li>\n<li class=\"voc-d-c-list__item\">\n<p class=\"voc-d-c-list__paragraph\">10. Reliquia<\/p>\n<\/li>\n<li class=\"voc-d-c-list__item\">\n<p class=\"voc-d-c-list__paragraph\">11. &#8216;Sexo, violencia y llantas&#8217;<\/p>\n<\/li>\n<li class=\"voc-d-c-list__item\">\n<p class=\"voc-d-c-list__paragraph\">14. &#8216;Divinize&#8217;<\/p>\n<\/li>\n<li class=\"voc-d-c-list__item\">\n<p class=\"voc-d-c-list__paragraph\">20. &#8216;Porcelana&#8217;<\/p>\n<\/li>\n<li class=\"voc-d-c-list__item\">\n<p class=\"voc-d-c-list__paragraph\">23. &#8216;Mio Cristo Piange Diamanti&#8217;<\/p>\n<\/li>\n<li class=\"voc-d-c-list__item\">\n<p class=\"voc-d-c-list__paragraph\">26. &#8216;Dios es un stalker&#8217;<\/p>\n<\/li>\n<li class=\"voc-d-c-list__item\">\n<p class=\"voc-d-c-list__paragraph\">27. &#8216;De Madrug\u00e1&#8217;<\/p>\n<\/li>\n<li class=\"voc-d-c-list__item\">\n<p class=\"voc-d-c-list__paragraph\">31. &#8216;Mundo Nuevo&#8217;<\/p>\n<\/li>\n<li class=\"voc-d-c-list__item\">\n<p class=\"voc-d-c-list__paragraph\">36. &#8216;La Yugular&#8217;<\/p>\n<\/li>\n<li class=\"voc-d-c-list__item\">\n<p class=\"voc-d-c-list__paragraph\">42. &#8216;La Rumba del Perd\u00f3n&#8217;<\/p>\n<\/li>\n<\/ul>\n<p class=\"voc-p\" style=\"\">La que m\u00e1s \u00e9xito ha obtenido hasta el momento es <strong>&#8216;La Perla&#8217;<\/strong>, donde la catalana ha dejado versos que muchos han entendido como <a href=\"https:\/\/www.abc.es\/cultura\/musica\/letras-lux-rosalia-anatomia-noche-opera-desamor-20251107123040-nt.html\" title=\"www.abc.es\" data-voc-vtm-id=\"in-text-traffic\" data-mrf-link=\"www.abc.es\" rel=\"nofollow noopener\" target=\"_blank\">aut\u00e9nticos dardos para algunos de sus exnovios<\/a>, como <strong>Rauw Alejandro<\/strong> o <strong>C. Tangana<\/strong>. Este tema supera ya los <strong>4,5 millones de reproducciones<\/strong>, lo que ha catapultado el tema al <strong>puesto 5 del Top 50 Global<\/strong>, tan solo por detr\u00e1s de &#8216;The Fate of Ophelia&#8217; (Taylor Swift), &#8216;Golden&#8217; (HUNTR\/X), &#8216;Man I Need&#8217; (Olivia Dean) y &#8216;back to friends&#8217; (sombr).<\/p>\n<p class=\"voc-p\" style=\"\">A nivel nacional, Rosal\u00eda se ha convertido tambi\u00e9n en la artista m\u00e1s escuchada del momento. Adem\u00e1s, ha copado los <strong>16 primeros en el Top50: Espa\u00f1a<\/strong>, interrumpido tan solo por <a href=\"https:\/\/www.abc.es\/cultura\/musica\/daddy-yankee-vuelve-retiro-nueva-music-session-20251106133332-nt.html\" title=\"www.abc.es\" data-voc-vtm-id=\"in-text-traffic\" data-mrf-link=\"www.abc.es\" rel=\"nofollow noopener\" target=\"_blank\">&#8216;Daddy Yankee: Bzrp Music Sessions, Vol. 0\/66&#8217;<\/a>, colocada en el puesto 7. <\/p>\n<p class=\"voc-p\" style=\"\">Este \u00e9xito no ha gustado a muchos, que han <a href=\"https:\/\/www.abc.es\/espana\/cataluna\/nacionalismo-ataca-rosalia-cantar-castellano-coro-infantil-20251108152153-nt.html\" title=\"www.abc.es\" data-voc-vtm-id=\"in-text-traffic\" data-mrf-link=\"www.abc.es\" rel=\"nofollow noopener\" target=\"_blank\">criticado en las \u00faltimas horas<\/a> el <a href=\"https:\/\/www.abc.es\/play\/television\/noticias\/ana-rosa-quintana-dice-piensan-sobre-rosalia-20251108105439-nt.html\" title=\"www.abc.es\" data-voc-vtm-id=\"in-text-traffic\" data-mrf-link=\"www.abc.es\" rel=\"nofollow noopener\" target=\"_blank\">acercamiento a la fe<\/a> que la artista ha dado en &#8216;Lux&#8217;. Y es que, desde que comenzara la promoci\u00f3n de este \u00faltimo \u00e1lbum, la propia cantante ha reconocido la necesidad que ha tenido de <a href=\"https:\/\/www.abc.es\/recreo\/rosalia-habla-abiertamente-sobre-espiritualidad-favorita-dios-20251102120714-nt.html\" title=\"www.abc.es\" data-voc-vtm-id=\"in-text-traffic\" data-mrf-link=\"www.abc.es\" rel=\"nofollow noopener\" target=\"_blank\">vaciarse espiritualmente<\/a> en este proyecto. \u00ab<strong>Me he pasado toda la vida con esta sensaci\u00f3n de vac\u00edo<\/strong> [&#8230;] A lo mejor estamos confundiendo este espacio. Ser\u00e1 que este espacio <a href=\"https:\/\/www.abc.es\/cultura\/musica\/videoanalisis-apropiacion-arte-religion-letras-rosalia-lux-20251107020826-nt.html\" title=\"www.abc.es\" data-voc-vtm-id=\"in-text-traffic\" data-mrf-link=\"www.abc.es\" rel=\"nofollow noopener\" target=\"_blank\">es el espacio de Dios<\/a>, el de una divinidad. <strong>Igual Dios es el \u00fanico que lo puede llenar<\/strong>\u00bb, asegur\u00f3 en <a href=\"https:\/\/www.abc.es\/cultura\/musica\/rosalia-siempre-deseo-acercarme-dios-racionalizado-20251031113140-nt.html\" title=\"www.abc.es\" data-voc-vtm-id=\"in-text-traffic\" data-mrf-link=\"www.abc.es\" rel=\"nofollow noopener\" target=\"_blank\">el p\u00f3dcast R\u00e0dio Noia, de Mar Vallverd\u00fa<\/a>.<\/p>\n<p>\nPedro Ruiz habla alto y claro tras escuchar &#8216;Lux&#8217;, el nuevo disco de Rosal\u00eda\n<\/p>\n<p class=\"voc-p\" style=\"\">A\u00fan as\u00ed, son otros muchos los rostros famosos que han aplaudido el trabajo de la int\u00e9rprete espa\u00f1ola, como es el caso de <a href=\"https:\/\/www.abc.es\/recreo\/carlos-herrera-escucha-nueva-cancion-rosalia-opina-20251107130714-nt.html\" title=\"www.abc.es\" data-voc-vtm-id=\"in-text-traffic\" data-mrf-link=\"www.abc.es\" rel=\"nofollow noopener\" target=\"_blank\">Carlos Herrera<\/a> o el <a href=\"https:\/\/www.abc.es\/recreo\/obispo-ciudad-real-opina-filtros-sobre-nuevo-20251106110000-nt.html\" title=\"www.abc.es\" data-voc-vtm-id=\"in-text-traffic\" data-mrf-link=\"www.abc.es\" rel=\"nofollow noopener\" target=\"_blank\">obispo de Ciudad Real<\/a>. Tambi\u00e9n lo ha hecho <strong>Pedro Ruiz<\/strong>, que ya hace unos d\u00edas hablaba en su cuenta de X (antes Twitter) de las opiniones que hab\u00eda generado el <strong>lanzamiento del nuevo \u00e1lbum de Rosal\u00eda<\/strong>. <\/p>\n<p class=\"voc-p\" style=\"\">\u00ab<strong>Ella ha hecho lo que le apetec\u00eda<\/strong>. La polvareda posterior ya es cuesti\u00f3n de hist\u00e9rias ajenas. Ella es lista y trabajadora\u00bb, reconoc\u00eda la pasada semana el actor <a href=\"https:\/\/www.abc.es\/recreo\/pedro-ruiz-opina-filtros-sobre-nuevo-disco-20251107130202-nt.html\" title=\"www.abc.es\" data-voc-vtm-id=\"in-text-traffic\" data-mrf-link=\"www.abc.es\" rel=\"nofollow noopener\" target=\"_blank\">tras la publicaci\u00f3n de &#8216;Berghain&#8217;<\/a>, el primer adelanto del disco de la catalana.<\/p>\n<blockquote class=\"twitter-tweet\">\n<p lang=\"es\" dir=\"ltr\">Escucho todo el d\u00eda opiniones sobre Rosal\u00eda. Ella ha hecho lo que le apetec\u00eda. La polvareda posterior ya es cuesti\u00f3n de hist\u00e9rias ajenas. Ella es lista y trabajadora.<\/p>\n<p>\u2014 Pedro Ruiz (@ElPedroRuiz) <a href=\"https:\/\/twitter.com\/ElPedroRuiz\/status\/1984935577616011668?ref_src=twsrc%5Etfw\" rel=\"nofollow noopener\" target=\"_blank\">November 2, 2025<\/a><\/p><\/blockquote>\n<p class=\"voc-p\" style=\"\">Ahora, despu\u00e9s de escuchar &#8216;Lux&#8217;, el presentador tambi\u00e9n ha querido esgrimir su propia opini\u00f3n, aplaudiendo el trabajo de la int\u00e9rprete de &#8216;Malamente&#8217;. \u00ab<strong>Me alegra siempre el \u00e9xito de quien trabaja con rigor y esfuerzo<\/strong>\u00bb, ha comenzado diciendo a trav\u00e9s de sus redes sociales para hablar de este proyecto musical. <\/p>\n<blockquote class=\"twitter-tweet\">\n<p lang=\"es\" dir=\"ltr\">Me alegra siempre el \u00e9xito de quien trabaja con rigor y esfuerzo. Percibo un gran m\u00e9todo en el disco de Rosal\u00eda y la felicito. Valoro m\u00e1s su labor que las histerias que puedan rodearla.<\/p>\n<p>\u2014 Pedro Ruiz (@ElPedroRuiz) <a href=\"https:\/\/twitter.com\/ElPedroRuiz\/status\/1987213034318708944?ref_src=twsrc%5Etfw\" rel=\"nofollow noopener\" target=\"_blank\">November 8, 2025<\/a><\/p><\/blockquote>\n<p class=\"voc-p\" style=\"\">\u00c9l mismo <strong>ha percibido \u00abun gran m\u00e9todo en el disco de Rosal\u00eda\u00bb<\/strong> y, por ello, ha querido felicitarla p\u00fablicamente tras los buenos n\u00fameros que ha obtenido la barcelonesa. \u00ab<strong>Valoro m\u00e1s su labor que las histerias que puedan rodearla<\/strong>\u00bb, ha sentenciado Pedro Ruiz, apoyando a la estrella espa\u00f1ola.<\/p>\n<p><script async src=\"https:\/\/platform.twitter.com\/widgets.js\" charset=\"utf-8\"><\/script><\/p>\n","protected":false},"excerpt":{"rendered":"Rosal\u00eda estren\u00f3 este pasado 7 de noviembre su cuarto \u00e1lbum de estudio, &#8216;Lux&#8217;, tras varios a\u00f1os alejada de&hellip;\n","protected":false},"author":2,"featured_media":226697,"comment_status":"","ping_status":"","sticky":false,"template":"","format":"standard","meta":{"footnotes":""},"categories":[91],"tags":[12019,146,147,25,28158,24,39454,28372,52523,524,17332,1822,4147,5106,57,23,59787],"class_list":{"0":"post-226696","1":"post","2":"type-post","3":"status-publish","4":"format-standard","5":"has-post-thumbnail","7":"category-entretenimiento","8":"tag-disco","9":"tag-entertainment","10":"tag-entretenimiento","11":"tag-es","12":"tag-escucha","13":"tag-espana","14":"tag-filtros","15":"tag-labor","16":"tag-lux","17":"tag-nuevo","18":"tag-opina","19":"tag-pedro","20":"tag-rosalia","21":"tag-ruiz","22":"tag-sobre","23":"tag-spain","24":"tag-valoro"},"share_on_mastodon":{"url":"https:\/\/pubeurope.com\/@es\/115519625950740907","error":""},"_links":{"self":[{"href":"https:\/\/www.europesays.com\/es\/wp-json\/wp\/v2\/posts\/226696","targetHints":{"allow":["GET"]}}],"collection":[{"href":"https:\/\/www.europesays.com\/es\/wp-json\/wp\/v2\/posts"}],"about":[{"href":"https:\/\/www.europesays.com\/es\/wp-json\/wp\/v2\/types\/post"}],"author":[{"embeddable":true,"href":"https:\/\/www.europesays.com\/es\/wp-json\/wp\/v2\/users\/2"}],"replies":[{"embeddable":true,"href":"https:\/\/www.europesays.com\/es\/wp-json\/wp\/v2\/comments?post=226696"}],"version-history":[{"count":0,"href":"https:\/\/www.europesays.com\/es\/wp-json\/wp\/v2\/posts\/226696\/revisions"}],"wp:featuredmedia":[{"embeddable":true,"href":"https:\/\/www.europesays.com\/es\/wp-json\/wp\/v2\/media\/226697"}],"wp:attachment":[{"href":"https:\/\/www.europesays.com\/es\/wp-json\/wp\/v2\/media?parent=226696"}],"wp:term":[{"taxonomy":"category","embeddable":true,"href":"https:\/\/www.europesays.com\/es\/wp-json\/wp\/v2\/categories?post=226696"},{"taxonomy":"post_tag","embeddable":true,"href":"https:\/\/www.europesays.com\/es\/wp-json\/wp\/v2\/tags?post=226696"}],"curies":[{"name":"wp","href":"https:\/\/api.w.org\/{rel}","templated":true}]}}