{"id":226753,"date":"2025-11-09T12:46:16","date_gmt":"2025-11-09T12:46:16","guid":{"rendered":"https:\/\/www.europesays.com\/es\/226753\/"},"modified":"2025-11-09T12:46:16","modified_gmt":"2025-11-09T12:46:16","slug":"la-luna-de-saturno-podria-ser-apta-para-la-vida-kiss-fm","status":"publish","type":"post","link":"https:\/\/www.europesays.com\/es\/226753\/","title":{"rendered":"La luna de Saturno podr\u00eda ser apta para la vida \u2013 KISS FM"},"content":{"rendered":"<p>&#13;<br \/>\n\t\t&#13;<br \/>\n&#13;<br \/>\n\t&#13;<\/p>\n<p>Las \u00faltimas observaciones de la misi\u00f3n <strong>Cassini<\/strong> de la NASA han revelado que <strong>Enc\u00e9lado, una de las lunas heladas de Saturno, pierde calor por ambos polos<\/strong>, lo que sugiere que posee un equilibrio t\u00e9rmico capaz de sostener vida a largo plazo. El hallazgo, publicado en Science Advances por un equipo internacional encabezado por la <strong>Universidad de Oxford<\/strong>, contradice las teor\u00edas previas que situaban la actividad t\u00e9rmica solo en el polo sur. Seg\u00fan los cient\u00edficos, este descubrimiento confirma que Enc\u00e9lado <strong>emite m\u00e1s calor del esperado<\/strong>, un signo de que su interior est\u00e1 activo y din\u00e1mico.<\/p>\n<p><img decoding=\"async\" loading=\"lazy\" src=\"https:\/\/www.europesays.com\/es\/wp-content\/uploads\/2025\/11\/luna.png\" alt=\"\" class=\"wp-image-246572\" width=\"371\" height=\"214\"  \/><\/p>\n<p>Los investigadores concluyen que <strong>la estabilidad t\u00e9rmica de Enc\u00e9lado podr\u00eda mantener su oc\u00e9ano subterr\u00e1neo l\u00edquido durante millones de a\u00f1os<\/strong>, creando un entorno propicio para formas de vida microbiana. Este oc\u00e9ano, rico en sales, f\u00f3sforo e hidrocarburos complejos, es calentado por la fricci\u00f3n generada por las mareas gravitacionales de Saturno, un proceso que impide su congelaci\u00f3n total. \u201cEnc\u00e9lado es un objetivo clave en la b\u00fasqueda de vida extraterrestre\u201d, se\u00f1al\u00f3 <strong>Georgina Miles<\/strong>, una de las autoras del estudio, al destacar la importancia de comprender c\u00f3mo se mantiene la energ\u00eda en el interior de esta luna.<\/p>\n<p>El equipo, liderado por expertos del <strong>Instituto de Ciencias Planetarias de Tucson<\/strong> y el <strong>Instituto de Investigaci\u00f3n del Suroeste<\/strong>, utiliz\u00f3 los datos t\u00e9rmicos recogidos por Cassini entre 2005 y 2015 para comparar las temperaturas del polo norte durante el invierno y el verano. <strong>La superficie result\u00f3 mucho m\u00e1s c\u00e1lida de lo esperado<\/strong>, lo que solo puede explicarse por una fuga de calor procedente del oc\u00e9ano interno. Este hallazgo refuerza la hip\u00f3tesis de que <strong>Enc\u00e9lado ofrece un entorno estable y energ\u00e9ticamente equilibrado, posiblemente el mejor lugar del sistema solar para albergar vida fuera de la Tierra<\/strong>.<\/p>\n<p class=\"has-text-align-right\">Redacci\u00f3n (Agencias).<\/p>\n<p>\t&#13;<br \/>\n&#13;<\/p>\n<p>            <a href=\"http:\/\/www.facebook.com\/sharer\/sharer.php?u=https:\/\/www.kissfm.es\/2025\/11\/08\/la-luna-de-saturno-podria-ser-apta-para-la-vida\/&amp;t=La luna de Saturno podr\u00eda ser apta para la vida\" target=\"_blank\" rel=\"noopener noreferrer nofollow\"><img decoding=\"async\" src=\"https:\/\/www.europesays.com\/es\/wp-content\/uploads\/2025\/08\/Facebook.png\" alt=\"\"\/><\/a><br \/>\n            <a href=\"#\" onclick=\"essb_window('https:\/\/twitter.com\/intent\/tweet?text=La luna de Saturno podr\u00eda ser apta para la vida&amp;url=https:\/\/www.kissfm.es\/2025\/11\/08\/la-luna-de-saturno-podria-ser-apta-para-la-vida\/\/&amp;counturl=https:\/\/www.kissfm.es\/2025\/11\/08\/la-luna-de-saturno-podria-ser-apta-para-la-vida\/&amp;hashtags=\" return=\"\" false=\"\" rel=\"noopener noreferrer\"><img decoding=\"async\" src=\"https:\/\/www.europesays.com\/es\/wp-content\/uploads\/2025\/08\/Twitter.png\" alt=\"\"\/><\/a><br \/>\n        &#13;<br \/>\n        &#13;<br \/>\n<script async src=\"https:\/\/platform.twitter.com\/widgets.js\" charset=\"utf-8\"><\/script><\/p>\n","protected":false},"excerpt":{"rendered":"&#13; &#13; &#13; &#13; Las \u00faltimas observaciones de la misi\u00f3n Cassini de la NASA han revelado que Enc\u00e9lado,&hellip;\n","protected":false},"author":2,"featured_media":226754,"comment_status":"","ping_status":"","sticky":false,"template":"","format":"standard","meta":{"footnotes":""},"categories":[81],"tags":[119,123,124,25,24,117,121,122,23,118,120],"class_list":{"0":"post-226753","1":"post","2":"type-post","3":"status-publish","4":"format-standard","5":"has-post-thumbnail","7":"category-ciencia-y-tecnologia","8":"tag-ciencia","9":"tag-ciencia-y-tecnologia","10":"tag-cienciaytecnologia","11":"tag-es","12":"tag-espana","13":"tag-science","14":"tag-science-and-technology","15":"tag-scienceandtechnology","16":"tag-spain","17":"tag-technology","18":"tag-tecnologia"},"share_on_mastodon":{"url":"https:\/\/pubeurope.com\/@es\/115519814903824624","error":""},"_links":{"self":[{"href":"https:\/\/www.europesays.com\/es\/wp-json\/wp\/v2\/posts\/226753","targetHints":{"allow":["GET"]}}],"collection":[{"href":"https:\/\/www.europesays.com\/es\/wp-json\/wp\/v2\/posts"}],"about":[{"href":"https:\/\/www.europesays.com\/es\/wp-json\/wp\/v2\/types\/post"}],"author":[{"embeddable":true,"href":"https:\/\/www.europesays.com\/es\/wp-json\/wp\/v2\/users\/2"}],"replies":[{"embeddable":true,"href":"https:\/\/www.europesays.com\/es\/wp-json\/wp\/v2\/comments?post=226753"}],"version-history":[{"count":0,"href":"https:\/\/www.europesays.com\/es\/wp-json\/wp\/v2\/posts\/226753\/revisions"}],"wp:featuredmedia":[{"embeddable":true,"href":"https:\/\/www.europesays.com\/es\/wp-json\/wp\/v2\/media\/226754"}],"wp:attachment":[{"href":"https:\/\/www.europesays.com\/es\/wp-json\/wp\/v2\/media?parent=226753"}],"wp:term":[{"taxonomy":"category","embeddable":true,"href":"https:\/\/www.europesays.com\/es\/wp-json\/wp\/v2\/categories?post=226753"},{"taxonomy":"post_tag","embeddable":true,"href":"https:\/\/www.europesays.com\/es\/wp-json\/wp\/v2\/tags?post=226753"}],"curies":[{"name":"wp","href":"https:\/\/api.w.org\/{rel}","templated":true}]}}