{"id":226757,"date":"2025-11-09T12:48:08","date_gmt":"2025-11-09T12:48:08","guid":{"rendered":"https:\/\/www.europesays.com\/es\/226757\/"},"modified":"2025-11-09T12:48:08","modified_gmt":"2025-11-09T12:48:08","slug":"filipinas-evacua-a-un-millon-de-personas-antes-de-la-llegada-del-supertifon-fung-wong-2","status":"publish","type":"post","link":"https:\/\/www.europesays.com\/es\/226757\/","title":{"rendered":"Filipinas evac\u00faa a un mill\u00f3n de personas antes de la llegada del supertif\u00f3n Fung-wong"},"content":{"rendered":"<p style=\"\">M\u00e1s de un mill\u00f3n de personas fueron evacuadas y al menos una persona muri\u00f3 debido a las inundaciones del domingo en <a href=\"https:\/\/www.abc.es\/sociedad\/filipinas-declara-estado-emergencia-tifon-kalmaegi-tras-20251106071606-nt.html\" target=\"_self\" data-voc-vtm-id=\"in-text-traffic\" title=\"Filipinas\" rel=\"nofollow noopener\">Filipinas<\/a>, horas antes de que el <strong>supertif\u00f3n Fung-wong<\/strong> toque tierra en la costa este. La tormenta llega pocos d\u00edas despu\u00e9s de  &#8230; que otro tif\u00f3n, <a href=\"https:\/\/www.abc.es\/sociedad\/tifon-kalmaegi-deja-188-muertos-filipinas-causa-20251107094436-nt.html\" target=\"_self\" data-voc-vtm-id=\"in-text-traffic\" title=\"llamado Kalmaegi\" data-mrf-link=\"www.abc.es\" rel=\"nofollow noopener\">llamado Kalmaegi<\/a>, causara m\u00e1s de 220 muertos   en el pa\u00eds del sudeste asi\u00e1tico.<\/p>\n<p class=\"voc-p\" style=\"\">Fung-wong, con vientos sostenidos de 185 kil\u00f3metros por hora y r\u00e1fagas de hasta 230 km\/h, deber\u00eda tocar tierra en la provincia de Aurora entre las a \u00faltima hora del domingo, inform\u00f3 a AFP la meteor\u00f3loga estatal Charmagne Varilla. Se espera que el tif\u00f3n traiga vientos y fuertes lluvias a amplias zonas del archipi\u00e9lago.<\/p>\n<p class=\"voc-p\" style=\"\">El domingo, una de las provincias del centro de <strong>Filipinas<\/strong> ya azotada por la tormenta registr\u00f3 la primera muerte conocida a causa de Fung-wong. El rescatista Juniel Tagarino, en la ciudad de Catbalogan, indic\u00f3 a  AFP que el cuerpo de una mujer de 64 a\u00f1os que intentaba evacuar hab\u00eda sido rescatado de entre los escombros y los \u00e1rboles ca\u00eddos.<\/p>\n<p class=\"voc-p\" style=\"\">\u00abAnoche, el viento era muy fuerte y llov\u00eda mucho. Seg\u00fan sus familiares, es posible que se le olvidara algo y volviera a entrar en su casa\u00bb, declar\u00f3 Tagarino, a\u00f1adiendo que sus familiares se encontraban a solo 50 metros cuando se dieron cuenta de que hab\u00eda desaparecido.<\/p>\n<p class=\"voc-p\" style=\"\">En Aurora, donde se espera que el ojo de la tormenta toque tierra, el funcionario Aries Ora, de 34 a\u00f1os, dijo a AFP que la lluvia segu\u00eda siendo ligera mientras tapiaba su casa en la localidad de Dipac\u00falao con l\u00e1minas de acero y tablas de madera. \u00abLo que realmente nos asusta es que se espera que toque tierra por la noche\u00bb, dijo. \u00abA diferencia de los tifones anteriores, no podremos ver claramente el movimiento del viento y lo que sucede a nuestro alrededor\u00bb, sentenci\u00f3.<\/p>\n<p class=\"voc-p\" style=\"\">Escuelas y oficinas gubernamentales estar\u00e1n cerradas el lunes en la isla principal de Luz\u00f3n, incluida la capital Manila, donde unos 300 vuelos han sido cancelados hasta ahora.<\/p>\n<p>\nUn mill\u00f3n de evacuados\n<\/p>\n<p class=\"voc-p\" style=\"\">Catanduanes, una peque\u00f1a isla que podr\u00eda ser golpeada directamente por Fung-wong, se enfrent\u00f3 en la ma\u00f1ana del domingo fuertes vientos y lluvias, con intensas oleadas y con inundaciones en algunas zonas. \u00abEn este momentos se siente el impacto del tif\u00f3n, especialmente en Catanduanes, porque el ojo de la tormenta est\u00e1 m\u00e1s cerca de all\u00ed\u00bb, declar\u00f3 en conferencia de prensa Rafaelito Alejandro, subdirector de la Defensa Civil.<\/p>\n<p class=\"voc-p\" style=\"\">El funcionario confirm\u00f3 la evacuaci\u00f3n preventiva de casi 1,2 millones de personas en todo el pa\u00eds. En Guinobatan, una localidad de unos 80.000 habitantes situada en la provincia de Albay, un video verificado mostraba c\u00f3mo las calles se hab\u00edan convertido en un torrente de aguas embravecidas.<\/p>\n<p class=\"voc-p\" style=\"\">Los cient\u00edficos advierten que las tormentas se vuelven m\u00e1s poderosas debido al cambio clim\u00e1tico generado por los humanos. Los oc\u00e9anos m\u00e1s c\u00e1lidos hacen que los ciclones se fortalezcan m\u00e1s r\u00e1pidamente y el calentamiento de la atm\u00f3sfera permite retener m\u00e1s humedad, causando lluvias m\u00e1s fuertes. La semana pasada, el tif\u00f3n Kalmaegi provoc\u00f3 grandes inundaciones en las islas filipinas de Ceb\u00fa y Negros. La tormenta dej\u00f3 al menos 224 muertos y 109 desaparecidos, seg\u00fan cifras del gobierno actualizadas el domingo.<\/p>\n","protected":false},"excerpt":{"rendered":"M\u00e1s de un mill\u00f3n de personas fueron evacuadas y al menos una persona muri\u00f3 debido a las inundaciones&hellip;\n","protected":false},"author":2,"featured_media":226758,"comment_status":"","ping_status":"","sticky":false,"template":"","format":"standard","meta":{"footnotes":""},"categories":[42],"tags":[17,18,29657,13,14,20155,59796,11,61,62,63,64,19,20,5808,7818,9,10,15,16,3477,42518,12,21,22,65,66,67],"class_list":{"0":"post-226757","1":"post","2":"type-post","3":"status-publish","4":"format-standard","5":"has-post-thumbnail","7":"category-internacional","8":"tag-breaking-news","9":"tag-breakingnews","10":"tag-evacua","11":"tag-featured-news","12":"tag-featurednews","13":"tag-filipinas","14":"tag-fungwong","15":"tag-headlines","16":"tag-internacional","17":"tag-international","18":"tag-international-news","19":"tag-internationalnews","20":"tag-latest-news","21":"tag-latestnews","22":"tag-llegada","23":"tag-millon","24":"tag-news","25":"tag-noticias","26":"tag-noticias-destacadas","27":"tag-noticiasdestacadas","28":"tag-personas","29":"tag-supertifon","30":"tag-titulares","31":"tag-ultimas-noticias","32":"tag-ultimasnoticias","33":"tag-world","34":"tag-world-news","35":"tag-worldnews"},"share_on_mastodon":{"url":"https:\/\/pubeurope.com\/@es\/115519822612053837","error":""},"_links":{"self":[{"href":"https:\/\/www.europesays.com\/es\/wp-json\/wp\/v2\/posts\/226757","targetHints":{"allow":["GET"]}}],"collection":[{"href":"https:\/\/www.europesays.com\/es\/wp-json\/wp\/v2\/posts"}],"about":[{"href":"https:\/\/www.europesays.com\/es\/wp-json\/wp\/v2\/types\/post"}],"author":[{"embeddable":true,"href":"https:\/\/www.europesays.com\/es\/wp-json\/wp\/v2\/users\/2"}],"replies":[{"embeddable":true,"href":"https:\/\/www.europesays.com\/es\/wp-json\/wp\/v2\/comments?post=226757"}],"version-history":[{"count":0,"href":"https:\/\/www.europesays.com\/es\/wp-json\/wp\/v2\/posts\/226757\/revisions"}],"wp:featuredmedia":[{"embeddable":true,"href":"https:\/\/www.europesays.com\/es\/wp-json\/wp\/v2\/media\/226758"}],"wp:attachment":[{"href":"https:\/\/www.europesays.com\/es\/wp-json\/wp\/v2\/media?parent=226757"}],"wp:term":[{"taxonomy":"category","embeddable":true,"href":"https:\/\/www.europesays.com\/es\/wp-json\/wp\/v2\/categories?post=226757"},{"taxonomy":"post_tag","embeddable":true,"href":"https:\/\/www.europesays.com\/es\/wp-json\/wp\/v2\/tags?post=226757"}],"curies":[{"name":"wp","href":"https:\/\/api.w.org\/{rel}","templated":true}]}}