{"id":226759,"date":"2025-11-09T12:49:15","date_gmt":"2025-11-09T12:49:15","guid":{"rendered":"https:\/\/www.europesays.com\/es\/226759\/"},"modified":"2025-11-09T12:49:15","modified_gmt":"2025-11-09T12:49:15","slug":"cientos-de-corredores-de-la-behobia-san-sebastian-afectados-por-la-averia-de-un-tren-del-topo-en-errenteria","status":"publish","type":"post","link":"https:\/\/www.europesays.com\/es\/226759\/","title":{"rendered":"Cientos de corredores de la Behobia &#8211; San Sebasti\u00e1n afectados por la aver\u00eda de un tren del Topo en Errenteria"},"content":{"rendered":"<p><a class=\"v-mdl-ath__fig-a\" href=\"https:\/\/www.diariovasco.com\/autor\/marcela-salazar-6517.html\" title=\"Marcela Salazar\" rel=\"nofollow noopener\" target=\"_blank\"><br \/>\n<img decoding=\"async\" class=\"v-mdl-ath__img\" src=\"https:\/\/www.europesays.com\/es\/wp-content\/uploads\/2025\/09\/autor-6517-foto-4.jpeg\" alt=\"Marcela Salazar\"\/><br \/>\n<\/a><\/p>\n<p class=\"v-mdl-ath__p v-mdl-ath__p--6\">\nDomingo, 9 de noviembre 2025, 09:14<\/p>\n<p>| Actualizado 10:57h.<\/p>\n<p class=\"v-p\">Cientos de corredores de la Behobia &#8211; San Sebasti\u00e1n se han visto afectados esta ma\u00f1ana por la aver\u00eda de un tren del Topo en Errenteria. El tren E2 de Euskotren (Lasarte Oria- Hendaia) se ha descompuesto en la parada de Galtzaraborda y los corredores han tenido que cambiar de sentido para coger otro tren que estaba en la parada.<\/p>\n<blockquote class=\"twitter-tweet\">\n<p lang=\"es\" dir=\"ltr\">Tren. E2 (Lasarte Oria &#8211; Hendaia). Retrasos por incidencia en el servicio. Disculpen las molestias<\/p>\n<p>\u2014 Euskotren (@euskotren) <a href=\"https:\/\/twitter.com\/euskotren\/status\/1987436246361321940?ref_src=twsrc%5Etfw\" rel=\"nofollow noopener\" target=\"_blank\">November 9, 2025<\/a><\/p><\/blockquote>\n<p class=\"v-p\">Muchos de los corredores incluso se han tenido que quedar en tierra a escasos minutos del inicio de la popular carrera. Mientras se ha mandado otro tren en direcci\u00f3n Hendaia. Por su parte, Euskotren ha anunciado que hab\u00eda retrasos debido a esta incidencia, que se ha solucionado una hora m\u00e1s tarde.<\/p>\n<blockquote class=\"twitter-tweet\">\n<p lang=\"es\" dir=\"ltr\">Tren. E2 (Lasarte Oria &#8211; Hendaia). Restablecido el servicio habitual. Disculpen las molestias<\/p>\n<p>\u2014 Euskotren (@euskotren) <a href=\"https:\/\/twitter.com\/euskotren\/status\/1987456608985604449?ref_src=twsrc%5Etfw\" rel=\"nofollow noopener\" target=\"_blank\">November 9, 2025<\/a><\/p><\/blockquote>\n<p class=\"v-p\">\nLos periodistas de El Diario Vasco est\u00e1n trabajando para ampliar y completar esta informaci\u00f3n. Puedes seguir la \u00faltima hora a trav\u00e9s de la portada de la<br \/>\n<a href=\"https:\/\/www.diariovasco.com\/\" rel=\"nofollow noopener\" target=\"_blank\"><br \/>\nweb<br \/>\n<\/a><br \/>\n, la secci\u00f3n de<br \/>\n<a href=\"https:\/\/www.diariovasco.com\/ultima-hora\/\" rel=\"nofollow noopener\" target=\"_blank\"><br \/>\n\u00faltima hora<br \/>\n<\/a><br \/>\no activar las<br \/>\n<a href=\"https:\/\/areapersonal.diariovasco.com\/landing-tutorial-activacion.html\" rel=\"nofollow noopener\" target=\"_blank\"><br \/>\nnotificaciones<br \/>\n<\/a><br \/>\npara tu dispositivo m\u00f3vil.\n<\/p>\n<p class=\"v-p\">\nRecuerda que puedes<br \/>\n<a href=\"https:\/\/areapersonal.diariovasco.com\/suscripcion\/\" rel=\"nofollow noopener\" target=\"_blank\"><br \/>\nsuscribirte<br \/>\n<\/a><br \/>\npara tener acceso a todas las informaciones completas, herramientas personalizadas y ofertas del club del suscriptor.\n<\/p>\n<p>Reporta un error<\/p>\n<p><script async src=\"https:\/\/platform.twitter.com\/widgets.js\" charset=\"utf-8\"><\/script><\/p>\n","protected":false},"excerpt":{"rendered":"Domingo, 9 de noviembre 2025, 09:14 | Actualizado 10:57h. Cientos de corredores de la Behobia &#8211; San Sebasti\u00e1n&hellip;\n","protected":false},"author":2,"featured_media":226760,"comment_status":"","ping_status":"","sticky":false,"template":"","format":"standard","meta":{"footnotes":""},"categories":[8],"tags":[59798,15862,59797,17,18,5439,13646,57282,25,24,29100,13,14,59800,11,19,20,9,10,15,16,23,12,59799,21,22],"class_list":{"0":"post-226759","1":"post","2":"type-post","3":"status-publish","4":"format-standard","5":"has-post-thumbnail","7":"category-espana","8":"tag-afectadoas","9":"tag-averia","10":"tag-behobia-san-sebastian","11":"tag-breaking-news","12":"tag-breakingnews","13":"tag-cientos","14":"tag-corredores","15":"tag-errenteria","16":"tag-es","17":"tag-espana","18":"tag-euskotren","19":"tag-featured-news","20":"tag-featurednews","21":"tag-galtzalaborda","22":"tag-headlines","23":"tag-latest-news","24":"tag-latestnews","25":"tag-news","26":"tag-noticias","27":"tag-noticias-destacadas","28":"tag-noticiasdestacadas","29":"tag-spain","30":"tag-titulares","31":"tag-topo","32":"tag-ultimas-noticias","33":"tag-ultimasnoticias"},"share_on_mastodon":{"url":"https:\/\/pubeurope.com\/@es\/115519826703544915","error":""},"_links":{"self":[{"href":"https:\/\/www.europesays.com\/es\/wp-json\/wp\/v2\/posts\/226759","targetHints":{"allow":["GET"]}}],"collection":[{"href":"https:\/\/www.europesays.com\/es\/wp-json\/wp\/v2\/posts"}],"about":[{"href":"https:\/\/www.europesays.com\/es\/wp-json\/wp\/v2\/types\/post"}],"author":[{"embeddable":true,"href":"https:\/\/www.europesays.com\/es\/wp-json\/wp\/v2\/users\/2"}],"replies":[{"embeddable":true,"href":"https:\/\/www.europesays.com\/es\/wp-json\/wp\/v2\/comments?post=226759"}],"version-history":[{"count":0,"href":"https:\/\/www.europesays.com\/es\/wp-json\/wp\/v2\/posts\/226759\/revisions"}],"wp:featuredmedia":[{"embeddable":true,"href":"https:\/\/www.europesays.com\/es\/wp-json\/wp\/v2\/media\/226760"}],"wp:attachment":[{"href":"https:\/\/www.europesays.com\/es\/wp-json\/wp\/v2\/media?parent=226759"}],"wp:term":[{"taxonomy":"category","embeddable":true,"href":"https:\/\/www.europesays.com\/es\/wp-json\/wp\/v2\/categories?post=226759"},{"taxonomy":"post_tag","embeddable":true,"href":"https:\/\/www.europesays.com\/es\/wp-json\/wp\/v2\/tags?post=226759"}],"curies":[{"name":"wp","href":"https:\/\/api.w.org\/{rel}","templated":true}]}}