{"id":226769,"date":"2025-11-09T13:00:14","date_gmt":"2025-11-09T13:00:14","guid":{"rendered":"https:\/\/www.europesays.com\/es\/226769\/"},"modified":"2025-11-09T13:00:14","modified_gmt":"2025-11-09T13:00:14","slug":"sabemos-donde-ha-estado-durante-su-misteriosa-ausencia","status":"publish","type":"post","link":"https:\/\/www.europesays.com\/es\/226769\/","title":{"rendered":"sabemos d\u00f3nde ha estado durante su misteriosa ausencia"},"content":{"rendered":"<p><b>Alba Carrillo <\/b>est\u00e1 de vuelta. La modelo, actriz, escritora, crimin\u00f3loga y presentadora regresa este domingo, 9 de noviembre, a <b>D Coraz\u00f3n,<\/b> el magac\u00edn de Televisi\u00f3n Espa\u00f1ola que presentan <b>Anne Igartiburu<\/b> y <b>Javi de Hoyos.<\/b> Su regreso era uno de los m\u00e1s esperados, sobre todo despu\u00e9s de desaparecer de la pantalla sin previo aviso. Alba, que era una de las fijas del espacio, dej\u00f3 su silla de un d\u00eda para otro sin explicar los motivos. Muchos pensaron que se trataba de un descanso o de una ruptura profesional, pero la realidad era bien distinta: <a href=\"https:\/\/www.eleconomista.es\/informalia\/famosos\/noticias\/13631951\/11\/25\/alba-carrillo-sobre-las-memorias-de-juan-carlos-i-es-un-fallo-gordisimo-hace-dano-a-la-institucion-y-a-su-propio-hijo.html\" rel=\"nofollow noopener\" target=\"_blank\">como ya explicamos, hab\u00eda fichado en secreto por el nuevo reality de Televisi\u00f3n Espa\u00f1ola, <b>Hasta el fin del mundo,<\/b> cuya grabaci\u00f3n concluy\u00f3 hace apenas unas semanas.<\/a><\/p>\n<p>En este formato de aventuras, la ex mujer de <b>Feliciano L\u00f3pez <\/b> ha compartido experiencia con <b>Cristina Cifuentes, Yolanda Ramos, Ainoa Olivares Ramos, Jedet, Andrea Compton, <a href=\"https:\/\/www.eleconomista.es\/informalia\/television\/noticias\/13629817\/11\/25\/la-reaccion-de-rocio-carrasco-cuando-le-preguntamos-si-sigue-siendo-amiga-de-terelu-campos-hasta-el-fin-del-mundo.html\" rel=\"nofollow noopener\" target=\"_blank\">Roc\u00edo Carrasco,<\/a> Anabel Due\u00f1as, NIA, J. Kbello, Aldo Comas y Jos\u00e9 Lamu\u00f1o. <\/b>Un grupo heterog\u00e9neo y explosivo que promete dar mucho que hablar. El programa, que se estrenar\u00e1 el pr\u00f3ximo mi\u00e9rcoles, es una de las grandes apuestas de la cadena p\u00fablica bajo la direcci\u00f3n de <b>Jos\u00e9 Pablo L\u00f3pez.<\/b><\/p>\n<p>                            <img decoding=\"async\" src=\"https:\/\/www.europesays.com\/es\/wp-content\/uploads\/2025\/11\/770x_juan-carlos-alba-carrillo-eE-.jpg\" loading=\"lazy\"\/><\/p>\n<p><a href=\"https:\/\/www.eleconomista.es\/informalia\/famosos\/noticias\/13631951\/11\/25\/alba-carrillo-sobre-las-memorias-de-juan-carlos-i-es-un-fallo-gordisimo-hace-dano-a-la-institucion-y-a-su-propio-hijo.html\" rel=\"nofollow noopener\" target=\"_blank\">Alba Carrillo, sobre las memorias de Juan Carlos I: \u00abEs un fallo gord\u00edsimo, hace da\u00f1o a la instituci\u00f3n y a su propio hijo\u00bb<\/a><\/p>\n<p>Un D Coraz\u00f3n completamente renovado<\/p>\n<p>Alba regresa, adem\u00e1s, a un D Coraz\u00f3n completamente renovado. El programa ha estrenado un decorado m\u00e1s moderno, nuevos contertulios y una hora adicional de emisi\u00f3n. Pero, sobre todo, Alba vuelve a un espacio que ha crecido desde que se fue Jordi Gonz\u00e1lez y se ha consolidado como l\u00edder de su franja horaria los fines de semana, imponi\u00e9ndose con holgura frente a sus competidores. Si antes deb\u00eda medirse con el hist\u00f3rico Socialit\u00e9, ahora D Coraz\u00f3n domina c\u00f3modamente frente a <b>Vaya Fama,<\/b> el formato de La 1 presentado por <b>Cristina Lasvignes y Fran Ram\u00edrez.<\/b> Su audiencia media ronda el 10 %, un dato m\u00e1s que positivo para una franja que tradicionalmente ha sido complicada. Eso s\u00ed, no puede con La Ruleta de la Fortuna de Antena 3 en la franja de coincidencia. Alba Carrillo, de 39 a\u00f1os, comenz\u00f3 su trayectoria televisiva en Supermodelo y ha pasado por formatos tan dispares como Hable con ellas, GH VIP o Ya es mediod\u00eda, retoma ahora su papel en un momento clave para la cadena p\u00fablica. <\/p>\n<p>WhatsApp<a href=\"https:\/\/api.whatsapp.com\/send?text=https:\/\/www.eleconomista.es\/informalia\/television\/noticias\/13634972\/11\/25\/alba-carrillo-regresa-con-anne-igartiburu-sabemos-donde-ha-estado-tras-su-misteriosa-ausencia.html?utm_source%3Dwhatsapp%26utm_medium%3Dshare_button&amp;id=1648118629957_whatsapp\" target=\"_blank\" data-action=\"share\/whatsapp\/share\" aria-label=\"Compartir en Whatsapp\" rel=\"nofollow noopener\"><\/a>Facebook<a id=\"fb-share\" href=\"#\" target=\"_blank\" rel=\"noopener noreferrer\" aria-label=\"Compartir en Facebook\"><\/a>Twitter<a href=\"https:\/\/twitter.com\/share?text=Alba+Carrillo+regresa+con+Anne+Igartiburu%3A+sabemos+d%C3%B3nde+ha+estado+durante+su+misteriosa+ausencia&amp;url=https:\/\/www.eleconomista.es\/informalia\/television\/noticias\/13634972\/11\/25\/alba-carrillo-regresa-con-anne-igartiburu-sabemos-donde-ha-estado-tras-su-misteriosa-ausencia.html&amp;via=Informalia&amp;id=1648118839245_twitter\" target=\"_blank\" aria-label=\"Compartir en Twitter\" rel=\"nofollow noopener\"><\/a>Linkedin<a onclick=\"return abrirLinkedin();\" href=\"https:\/\/www.linkedin.com\/shareArticle?text=Alba+Carrillo+regresa+con+Anne+Igartiburu%3A+sabemos+d%C3%B3nde+ha+estado+durante+su+misteriosa+ausencia&amp;url=https:\/\/www.eleconomista.es\/informalia\/television\/noticias\/13634972\/11\/25\/alba-carrillo-regresa-con-anne-igartiburu-sabemos-donde-ha-estado-tras-su-misteriosa-ausencia.html&amp;mini=true\" target=\"_blank\" aria-label=\"Compartir en linkedin\" rel=\"nofollow noopener\"><\/a>Beloud<a href=\"https:\/\/beloud.com\/share?text=Alba+Carrillo+regresa+con+Anne+Igartiburu%3A+sabemos+d%C3%B3nde+ha+estado+durante+su+misteriosa+ausencia&amp;url=https:\/\/www.eleconomista.es\/informalia\/television\/noticias\/13634972\/11\/25\/alba-carrillo-regresa-con-anne-igartiburu-sabemos-donde-ha-estado-tras-su-misteriosa-ausencia.html&amp;via=Informalia&amp;id=1648118839245_beloud\" target=\"_blank\" aria-label=\"Compartir en beloud\" rel=\"nofollow noopener\"><\/a>Bluesky<a href=\"https:\/\/bsky.app\/intent\/compose?text=https:\/\/bsky.app\/intent\/compose?text=https:\/\/www.eleconomista.es\/informalia\/television\/noticias\/13634972\/11\/25\/alba-carrillo-regresa-con-anne-igartiburu-sabemos-donde-ha-estado-tras-su-misteriosa-ausencia.html&amp;url=https:\/\/www.eleconomista.es\/informalia\/television\/noticias\/13634972\/11\/25\/alba-carrillo-regresa-con-anne-igartiburu-sabemos-donde-ha-estado-tras-su-misteriosa-ausencia.html&amp;via=elEconomistaes&amp;id=1648118839245_bluesky\" target=\"_blank\" aria-label=\"Compartir en bluesky\" rel=\"nofollow noopener\"><\/a><\/p>\n<p><script async src=\"https:\/\/platform.twitter.com\/widgets.js\" charset=\"utf-8\"><\/script><\/p>\n","protected":false},"excerpt":{"rendered":"Alba Carrillo est\u00e1 de vuelta. La modelo, actriz, escritora, crimin\u00f3loga y presentadora regresa este domingo, 9 de noviembre,&hellip;\n","protected":false},"author":2,"featured_media":226770,"comment_status":"","ping_status":"","sticky":false,"template":"","format":"standard","meta":{"footnotes":""},"categories":[174],"tags":[255,146,147,25,24,256,23,807],"class_list":{"0":"post-226769","1":"post","2":"type-post","3":"status-publish","4":"format-standard","5":"has-post-thumbnail","7":"category-famosos","8":"tag-celebrities","9":"tag-entertainment","10":"tag-entretenimiento","11":"tag-es","12":"tag-espana","13":"tag-famosos","14":"tag-spain","15":"tag-television"},"share_on_mastodon":{"url":"https:\/\/pubeurope.com\/@es\/115519870026881416","error":""},"_links":{"self":[{"href":"https:\/\/www.europesays.com\/es\/wp-json\/wp\/v2\/posts\/226769","targetHints":{"allow":["GET"]}}],"collection":[{"href":"https:\/\/www.europesays.com\/es\/wp-json\/wp\/v2\/posts"}],"about":[{"href":"https:\/\/www.europesays.com\/es\/wp-json\/wp\/v2\/types\/post"}],"author":[{"embeddable":true,"href":"https:\/\/www.europesays.com\/es\/wp-json\/wp\/v2\/users\/2"}],"replies":[{"embeddable":true,"href":"https:\/\/www.europesays.com\/es\/wp-json\/wp\/v2\/comments?post=226769"}],"version-history":[{"count":0,"href":"https:\/\/www.europesays.com\/es\/wp-json\/wp\/v2\/posts\/226769\/revisions"}],"wp:featuredmedia":[{"embeddable":true,"href":"https:\/\/www.europesays.com\/es\/wp-json\/wp\/v2\/media\/226770"}],"wp:attachment":[{"href":"https:\/\/www.europesays.com\/es\/wp-json\/wp\/v2\/media?parent=226769"}],"wp:term":[{"taxonomy":"category","embeddable":true,"href":"https:\/\/www.europesays.com\/es\/wp-json\/wp\/v2\/categories?post=226769"},{"taxonomy":"post_tag","embeddable":true,"href":"https:\/\/www.europesays.com\/es\/wp-json\/wp\/v2\/tags?post=226769"}],"curies":[{"name":"wp","href":"https:\/\/api.w.org\/{rel}","templated":true}]}}