{"id":226807,"date":"2025-11-09T13:31:13","date_gmt":"2025-11-09T13:31:13","guid":{"rendered":"https:\/\/www.europesays.com\/es\/226807\/"},"modified":"2025-11-09T13:31:13","modified_gmt":"2025-11-09T13:31:13","slug":"comienza-el-v-festival-de-jazz-de-san-roque","status":"publish","type":"post","link":"https:\/\/www.europesays.com\/es\/226807\/","title":{"rendered":"Comienza el V festival de Jazz de San Roque"},"content":{"rendered":"<p>El V Festival de Jazz de San Roque ha vivido su jornada inaugural en la tarde de este s\u00e1bado con la actuaci\u00f3n de la Andaluc\u00eda Big Bang junto a la cantante Deborah J. Carter con un teatro Juan Lu\u00eds Galiardo repleto de p\u00fablico.<\/p>\n<p>Esta nueva edici\u00f3n est\u00e1 organizada por la delegaci\u00f3n de Cultura que dirige la teniente de alcalde, Ana Ruiz, presente entre el p\u00fablico, y que ha recibido un homenaje, momentos antes del inicio de la la actuaci\u00f3n, en agradecimiento por su apuesta por el jazz de manos del responsable de Rizoma R\u00e9cords, Juanlu Valle, entidad que colabora en la organizaci\u00f3n de este festival.<\/p>\n<p>Ruiz ha agradecido el trabajo que realiza Rizoma R\u00e9cords en la promoci\u00f3n del jazz y por su aportaci\u00f3n a este festival en San Roque.<\/p>\n<p>\u201cVer la respuesta del p\u00fablico a esta cita con el teatro repleto de p\u00fablico nos hace afianzarnos m\u00e1s, si cabe, en nuestro compromiso, el del equipo de gobierno municipal con la promoci\u00f3n de la cultura y a San Roque como capital cultural del Campo de Gibraltar\u201d ha se\u00f1alado la edil.<\/p>\n<p>El p\u00fablico que ha acudido al teatro ha tenido la oportunidad de disfrutar de la Andaluc\u00eda Big Bang, grupo que se form\u00f3 en 2011, creado y gestionado por los m\u00fasicos que la componen, naci\u00f3 con el objetivo de ser una orquesta de jazz estable que tuviera la funci\u00f3n de acercar el jazz al p\u00fablico dando a conocer tanto el repertorio m\u00e1s tradicional de Big band como de compositores actuales. Junto a ellos ha actuado Deborah J. Carter, una cantante universal de jazz perteneciente a una generaci\u00f3n que venera la herencia cultural Afro-Americana.<\/p>\n<p>Por su parte, la jornada de clausura el domingo 9, esta vez a partir de las 19 horas, actuar\u00e1 Alicia Tamariz Quartet que presentar\u00e1 el espect\u00e1culo \u201cEntre notas y naipes\u201d, un concierto Show en la que participan Alba Haro con el Chelo; Juan Pastor con el contrabajo; Tramel Levalle en la percusi\u00f3n; y Alicia Tamariz con el piano y la voz.<\/p>\n<p>\u00abEntre Notas y Naipes\u00bb, es un espect\u00e1culo en el que Alicia Tamariz, hija del carism\u00e1tico mago Juan Tamariz, desarrolla junto a su padre, la teor\u00eda de los 7 velos.<\/p>\n<p>Un Concierto en el que el padre-maestro, virtual a trav\u00e9s de proyecciones, y la m\u00fasica original de Alicia, pianista y cantante, transmiten esta emocionante filosof\u00eda llena de Magia.<\/p>\n<p>Las entradas para esta \u00faltima jornada se pueden adquirir de manera anticipada a 10 \u20ac, en la plataforma <a href=\"http:\/\/Giglon.com\" style=\"border-radius: var(--ds-radius-small, 4px); box-decoration-break: clone; color: var(--ds-link, #0052CC); display: inline; line-height: 22px; margin-left: var(--ds-space-negative-025, -2px); -moz-user-select: none; -ms-user-select: text; padding: var(--ds-space-025, 2px) 0px; transition: 0.1s all ease-in-out; user-select: text; -webkit-box-decoration-break: clone; -webkit-transition: 0.1s all ease-in-out; -webkit-user-select: text;\" rel=\"nofollow noopener\" target=\"_blank\">http:\/\/Giglon.com<\/a> y en taquilla 15 \u20ac.<\/p>\n","protected":false},"excerpt":{"rendered":"El V Festival de Jazz de San Roque ha vivido su jornada inaugural en la tarde de este&hellip;\n","protected":false},"author":2,"featured_media":226808,"comment_status":"","ping_status":"","sticky":false,"template":"","format":"standard","meta":{"footnotes":""},"categories":[91],"tags":[1250,2193,2191,146,147,25,24,2190,2186,2189,2185,2187,23,2192,2188],"class_list":{"0":"post-226807","1":"post","2":"type-post","3":"status-publish","4":"format-standard","5":"has-post-thumbnail","7":"category-entretenimiento","8":"tag-ayuntamiento","9":"tag-cadiz","10":"tag-campamento","11":"tag-entertainment","12":"tag-entretenimiento","13":"tag-es","14":"tag-espana","15":"tag-guadiaro","16":"tag-roque","17":"tag-san-enrique","18":"tag-san-roque","19":"tag-soto-grande","20":"tag-spain","21":"tag-taraguilla","22":"tag-torreguadiaro"},"share_on_mastodon":{"url":"https:\/\/pubeurope.com\/@es\/115519991666826594","error":""},"_links":{"self":[{"href":"https:\/\/www.europesays.com\/es\/wp-json\/wp\/v2\/posts\/226807","targetHints":{"allow":["GET"]}}],"collection":[{"href":"https:\/\/www.europesays.com\/es\/wp-json\/wp\/v2\/posts"}],"about":[{"href":"https:\/\/www.europesays.com\/es\/wp-json\/wp\/v2\/types\/post"}],"author":[{"embeddable":true,"href":"https:\/\/www.europesays.com\/es\/wp-json\/wp\/v2\/users\/2"}],"replies":[{"embeddable":true,"href":"https:\/\/www.europesays.com\/es\/wp-json\/wp\/v2\/comments?post=226807"}],"version-history":[{"count":0,"href":"https:\/\/www.europesays.com\/es\/wp-json\/wp\/v2\/posts\/226807\/revisions"}],"wp:featuredmedia":[{"embeddable":true,"href":"https:\/\/www.europesays.com\/es\/wp-json\/wp\/v2\/media\/226808"}],"wp:attachment":[{"href":"https:\/\/www.europesays.com\/es\/wp-json\/wp\/v2\/media?parent=226807"}],"wp:term":[{"taxonomy":"category","embeddable":true,"href":"https:\/\/www.europesays.com\/es\/wp-json\/wp\/v2\/categories?post=226807"},{"taxonomy":"post_tag","embeddable":true,"href":"https:\/\/www.europesays.com\/es\/wp-json\/wp\/v2\/tags?post=226807"}],"curies":[{"name":"wp","href":"https:\/\/api.w.org\/{rel}","templated":true}]}}