{"id":226821,"date":"2025-11-09T13:42:13","date_gmt":"2025-11-09T13:42:13","guid":{"rendered":"https:\/\/www.europesays.com\/es\/226821\/"},"modified":"2025-11-09T13:42:13","modified_gmt":"2025-11-09T13:42:13","slug":"equipo-israel-el-israel-premier-tech-se-queda-al-borde-de-la-desaparicion","status":"publish","type":"post","link":"https:\/\/www.europesays.com\/es\/226821\/","title":{"rendered":"EQUIPO ISRAEL | El Israel-Premier Tech se queda al borde de la desaparici\u00f3n"},"content":{"rendered":"<p class=\"ft-text\">El gigante agr\u00edcola canadiense, <strong>Premier Tech<\/strong>, ha decidido desvincularse de forma inmediata del conjunto denominado hasta ahora <strong>Israel-Premier Tech<\/strong>, a pesar de las promesas de que la escuadra ciclista dejaba de promocionar al pa\u00eds de Oriente Medio. De este modo, el equipo pierde al que deb\u00eda ser su principal sost\u00e9n econ\u00f3mico para 2026 y queda casi al borde de la desaparici\u00f3n si no encuentra un relevo r\u00e1pidamente en las pr\u00f3ximas semanas.<\/p>\n<p class=\"ft-text\">La situaci\u00f3n era insostenible a pesar de la salida de <strong>Sylvan Adams<\/strong>, -amigo personal de <strong>Benjam\u00edn Netanyahu<\/strong>, primer ministro israel\u00ed-, due\u00f1o del equipo y que aprovechaba el ciclismo para promocionar la imagen internacional de Israel. Las protestas en la <strong>Vuelta<\/strong> contra el genocidio en Gaza han sido el desencadenante que han provocado que de una forma u otra todas las organizaciones de pruebas ciclistas manifestasen el desencanto por acoger al <strong>Israel-Premier Tech<\/strong> en sus carreras.<\/p>\n<p>Cycling Academy<\/p>\n<p class=\"ft-text\">Dos d\u00edas antes de la presentaci\u00f3n del Tour se supo que el equipo estaba inscrito en la Uni\u00f3n Ciclista Internacional (UCI) como <strong>Cycling Academy<\/strong>, sin patrocinadores a la vista, lo que en parte ya delat\u00f3 las dificultades que manten\u00eda el hasta ahora Israel para mantenerse entre los mejores equipos del mundo. El <strong>Ayuntamiento de Barcelona<\/strong> pidi\u00f3 a la organizaci\u00f3n de la ronda francesa garant\u00edas de que ning\u00fan equipo israel\u00ed participar\u00eda en la edici\u00f3n del Tour del a\u00f1o que viene, que parte desde la capital catalana.<\/p>\n<p class=\"ft-text\">\u00abTras varias conversaciones con el equipo y una cuidadosa evaluaci\u00f3n de todas las circunstancias relevantes<strong>, Premier\u00a0Tech ha decidido dejar de ser copatrocinador principal del equipo con efecto inmediato<\/strong>\u00ab, relat\u00f3 la empresa canadiense en un comunicado que llega despu\u00e9s de que la direcci\u00f3n de<strong> la firma viese que el apoyo al equipo repercut\u00eda de forma negativa ante sus clientes<\/strong>. \u201cAunque tomamos nota de la decisi\u00f3n del equipo de cambiar de nombre para la temporada 2026, la raz\u00f3n principal de Premier\u00a0Tech como patrocinador del equipo ha quedado eclipsada hasta tal punto que nos resulta insostenible continuar como patrocinadores\u201d, a\u00f1adi\u00f3 la firma norteamericana, que agradeci\u00f3 el esfuerzo de corredores y personal del equipo y destac\u00f3 que llevaban 30 a\u00f1os colaborando con el ciclismo desde sus inicios cuando decidieron impulsar a este deporte en Quebec.<\/p>\n<p>\u00bfCiclistas en libertad?<\/p>\n<p class=\"ft-text\"><strong>\u00a0<\/strong>Ahora, de forma r\u00e1pida, el equipo heredero del Israel debe buscar un patrocinador para salvar toda la infraestructura. Si no lo encuentra en las primeras semanas de diciembre los corredores quedar\u00e1n en libertad; entre ellos, el l\u00edder principal, el corredor canadiense <strong>Derek Gee<\/strong>, que mantiene un litigio con su escuadra que quiere paralizar su marcha al Ineos.<\/p>\n<p class=\"ft-text\"><strong>Factor<\/strong>, empresa brit\u00e1nica que ofrec\u00eda las bicicletas de competici\u00f3n al Israel, lleva semanas con la incertidumbre de si mantendr\u00e1 el apoyo. Con el nombre de <strong>Cycling Academy<\/strong> es imposible afrontar el gasto que supone sustentar una infraestructura ciclista de primer nivel, si no hay un apoyo econ\u00f3mico potente.<\/p>\n<p>Futuro complicado<\/p>\n<p class=\"ft-text\">Tampoco hay que olvidar que con este nombre comenz\u00f3 la andadura del <strong>Israel <\/strong>en el mundo del ciclismo de la mano de <strong>Adams<\/strong>, en 2015, hasta que consiguieron el apoyo oficial de Israel, antes de comprar en 2020 la licencia del conjunto ruso del <strong>Katusha<\/strong> y acceder de este modo a la principal categor\u00eda, la UCI World Tour.<\/p>\n<p class=\"ft-text\">\u00bfQu\u00e9 pasar\u00e1 a partir de ahora? De un nuevo patrocinador depende el futuro de los corredores, t\u00e9cnicos y personal cuando todo parec\u00eda indicar que la empresa canadiense se iba a hacer cargo de toda la infraestructura. El relevo se debe encontrar en poco m\u00e1s de un mes. Premier Tech, adem\u00e1s, aportaba el principal apoyo econ\u00f3mico al Israel, a pesar de figurar como copatrocinador y fue el nombre al que se acogieron durante la <strong>Vuelta<\/strong> cuando decidieron, ya demasiado tarde y con las calles encendidas, retirar el nombre de Israel de los uniformes ciclistas.<\/p>\n<p data-close=\"closedContent\" class=\"closeContentEnd\">Suscr\u00edbete para seguir leyendo<\/p>\n","protected":false},"excerpt":{"rendered":"El gigante agr\u00edcola canadiense, Premier Tech, ha decidido desvincularse de forma inmediata del conjunto denominado hasta ahora Israel-Premier&hellip;\n","protected":false},"author":2,"featured_media":226822,"comment_status":"","ping_status":"","sticky":false,"template":"","format":"standard","meta":{"footnotes":""},"categories":[273],"tags":[313,1757,312,168,622,25,24,74,17656,23,167,17765],"class_list":{"0":"post-226821","1":"post","2":"type-post","3":"status-publish","4":"format-standard","5":"has-post-thumbnail","7":"category-ciclismo","8":"tag-ciclismo","9":"tag-ciclista","10":"tag-cycling","11":"tag-deportes","12":"tag-equipo","13":"tag-es","14":"tag-espana","15":"tag-israel","16":"tag-premier","17":"tag-spain","18":"tag-sports","19":"tag-tech"},"share_on_mastodon":{"url":"https:\/\/pubeurope.com\/@es\/115520034747649901","error":""},"_links":{"self":[{"href":"https:\/\/www.europesays.com\/es\/wp-json\/wp\/v2\/posts\/226821","targetHints":{"allow":["GET"]}}],"collection":[{"href":"https:\/\/www.europesays.com\/es\/wp-json\/wp\/v2\/posts"}],"about":[{"href":"https:\/\/www.europesays.com\/es\/wp-json\/wp\/v2\/types\/post"}],"author":[{"embeddable":true,"href":"https:\/\/www.europesays.com\/es\/wp-json\/wp\/v2\/users\/2"}],"replies":[{"embeddable":true,"href":"https:\/\/www.europesays.com\/es\/wp-json\/wp\/v2\/comments?post=226821"}],"version-history":[{"count":0,"href":"https:\/\/www.europesays.com\/es\/wp-json\/wp\/v2\/posts\/226821\/revisions"}],"wp:featuredmedia":[{"embeddable":true,"href":"https:\/\/www.europesays.com\/es\/wp-json\/wp\/v2\/media\/226822"}],"wp:attachment":[{"href":"https:\/\/www.europesays.com\/es\/wp-json\/wp\/v2\/media?parent=226821"}],"wp:term":[{"taxonomy":"category","embeddable":true,"href":"https:\/\/www.europesays.com\/es\/wp-json\/wp\/v2\/categories?post=226821"},{"taxonomy":"post_tag","embeddable":true,"href":"https:\/\/www.europesays.com\/es\/wp-json\/wp\/v2\/tags?post=226821"}],"curies":[{"name":"wp","href":"https:\/\/api.w.org\/{rel}","templated":true}]}}