{"id":226825,"date":"2025-11-09T13:45:11","date_gmt":"2025-11-09T13:45:11","guid":{"rendered":"https:\/\/www.europesays.com\/es\/226825\/"},"modified":"2025-11-09T13:45:11","modified_gmt":"2025-11-09T13:45:11","slug":"futbol-base-suspenden-un-partido-de-alevines-en-castellon-por-intento-de-agresion-al-arbitro","status":"publish","type":"post","link":"https:\/\/www.europesays.com\/es\/226825\/","title":{"rendered":"F\u00daTBOL BASE | Suspenden un partido de alevines en Castell\u00f3n por intento de agresi\u00f3n al \u00e1rbitro"},"content":{"rendered":"<p class=\"ft-text ft-helper-closenews\"><strong>Suspenden un partido en <\/strong><a class=\"ft-link ft-link--decoration\" href=\"https:\/\/www.elperiodicomediterraneo.com\/castello-provincia\/\" target=\"_blank\" rel=\"nofollow noopener\"><strong>Castell\u00f3n<\/strong><\/a><strong> por intento de agresi\u00f3n al \u00e1rbitro<\/strong>. Ocurri\u00f3 este s\u00e1bado en el campo municipal Jes\u00fas Beire Gil de <a class=\"ft-link ft-link--decoration\" href=\"https:\/\/www.elperiodicomediterraneo.com\/castello\/sant-joan-de-moro\/\" target=\"_blank\" rel=\"nofollow noopener\"><strong>Sant Joan de Mor\u00f3<\/strong><\/a><strong>.<\/strong> Se enfrentaban los alevines del <strong>CF Mor\u00f3 A y del CD <\/strong><a class=\"ft-link ft-link--decoration\" href=\"https:\/\/www.elperiodicomediterraneo.com\/castello\/cabanes\/\" target=\"_blank\" rel=\"nofollow noopener\"><strong>Cabanes<\/strong><\/a><strong> A<\/strong>, dentro del grupo I de la Segunda FFCV Alev\u00edn de segundo <a class=\"ft-link ft-link--decoration\" href=\"https:\/\/www.elperiodicomediterraneo.com\/tags\/anos\/\" target=\"_blank\" rel=\"nofollow noopener\">a\u00f1o<\/a>, con arbitraje del <strong>colegiado Alejandro Molina Fern\u00e1ndez<\/strong>. Este encuentro no pudo acabar por un intento de agresi\u00f3n al colegiado.<\/p>\n<p class=\"ft-text\">Apenas faltaban tres minutos para la conclusi\u00f3n, seg\u00fan reza el acta, y el marcador era favorable al conjunto del CD Cabanes por <strong>2-5.<\/strong><\/p>\n<p>Dos intentos<\/p>\n<p class=\"ft-text\">No finaliz\u00f3 porque una persona que estaba presenciando el partido intent\u00f3 agredir al colegiado.<strong> En un primer intento casi lo logra<\/strong>, seg\u00fan las personas a las que ha consultado el peri\u00f3dico <a class=\"ft-link ft-link--decoration\" href=\"https:\/\/www.elperiodicomediterraneo.com\/\" target=\"_blank\" rel=\"nofollow noopener\"><strong>Mediterr\u00e1neo<\/strong><\/a>, y en el segundo intento ya fue sujetado por el cuerpo t\u00e9cnico local, visitante y algunos aficionados. Ante esta situaci\u00f3n tensa, y trat\u00e1ndose de chavales muy j\u00f3venes, <strong>separaron a los ni\u00f1os y el \u00e1rbitro decret\u00f3 la suspensi\u00f3n del encuentro.<\/strong><\/p>\n<p>Momento de la &#8216;no expulsi\u00f3n&#8217;<\/p>\n<p class=\"ft-text\">Al parecer todo ocurri\u00f3 a falta de tres minutos para el final. Un delantero del CD Cabanes se fue direcci\u00f3n a porter\u00eda con el bal\u00f3n para marcar y choc\u00f3 con el guardameta local. El portero se levant\u00f3 y empuj\u00f3 al delantero y lo tir\u00f3 al suelo, seg\u00fan han relatado testigos al diario. <strong>El colegiado no expuls\u00f3 al arquero <\/strong>porque en estas categor\u00edas el \u00e1rbitro suele hablar con el entrenador para sustituirle por otro jugador (portero).<\/p>\n<p class=\"ft-text\">Por lo visto, <strong>esto no le sent\u00f3 nada bien a un espectador <\/strong>(al parecer vinculado a un jugador del equipo local) que entr\u00f3 al campo para intentar agredir al colegiado en dos ocasiones. El joven \u00e1rbitro no quiso continuar y suspendi\u00f3 el partido con el marcador de 2-5 y a falta de tres minutos para el final. Ser\u00e1 el Comit\u00e9 de Competici\u00f3n el que tendr\u00e1 que decidir.<\/p>\n<p data-close=\"closedContent\" class=\"subscribeHideForDisplay\">Suscr\u00edbete para seguir leyendo<\/p>\n","protected":false},"excerpt":{"rendered":"Suspenden un partido en Castell\u00f3n por intento de agresi\u00f3n al \u00e1rbitro. Ocurri\u00f3 este s\u00e1bado en el campo municipal&hellip;\n","protected":false},"author":2,"featured_media":226826,"comment_status":"","ping_status":"","sticky":false,"template":"","format":"standard","meta":{"footnotes":""},"categories":[268],"tags":[11971,59810,19418,5716,3965,168,25,24,280,282,1045,281,23,167,15234],"class_list":{"0":"post-226825","1":"post","2":"type-post","3":"status-publish","4":"format-standard","5":"has-post-thumbnail","7":"category-futbol","8":"tag-agresion","9":"tag-alevines","10":"tag-arbitro","11":"tag-campo","12":"tag-castellon","13":"tag-deportes","14":"tag-es","15":"tag-espana","16":"tag-football","17":"tag-futbol","18":"tag-partido","19":"tag-soccer","20":"tag-spain","21":"tag-sports","22":"tag-suspenden"},"share_on_mastodon":{"url":"https:\/\/pubeurope.com\/@es\/115520046788814985","error":""},"_links":{"self":[{"href":"https:\/\/www.europesays.com\/es\/wp-json\/wp\/v2\/posts\/226825","targetHints":{"allow":["GET"]}}],"collection":[{"href":"https:\/\/www.europesays.com\/es\/wp-json\/wp\/v2\/posts"}],"about":[{"href":"https:\/\/www.europesays.com\/es\/wp-json\/wp\/v2\/types\/post"}],"author":[{"embeddable":true,"href":"https:\/\/www.europesays.com\/es\/wp-json\/wp\/v2\/users\/2"}],"replies":[{"embeddable":true,"href":"https:\/\/www.europesays.com\/es\/wp-json\/wp\/v2\/comments?post=226825"}],"version-history":[{"count":0,"href":"https:\/\/www.europesays.com\/es\/wp-json\/wp\/v2\/posts\/226825\/revisions"}],"wp:featuredmedia":[{"embeddable":true,"href":"https:\/\/www.europesays.com\/es\/wp-json\/wp\/v2\/media\/226826"}],"wp:attachment":[{"href":"https:\/\/www.europesays.com\/es\/wp-json\/wp\/v2\/media?parent=226825"}],"wp:term":[{"taxonomy":"category","embeddable":true,"href":"https:\/\/www.europesays.com\/es\/wp-json\/wp\/v2\/categories?post=226825"},{"taxonomy":"post_tag","embeddable":true,"href":"https:\/\/www.europesays.com\/es\/wp-json\/wp\/v2\/tags?post=226825"}],"curies":[{"name":"wp","href":"https:\/\/api.w.org\/{rel}","templated":true}]}}