{"id":226890,"date":"2025-11-09T14:40:09","date_gmt":"2025-11-09T14:40:09","guid":{"rendered":"https:\/\/www.europesays.com\/es\/226890\/"},"modified":"2025-11-09T14:40:09","modified_gmt":"2025-11-09T14:40:09","slug":"calma-tensa-en-el-clan-pantoja-tras-las-declaraciones-de-kiko-rivera-en-su-vuelta-a-television","status":"publish","type":"post","link":"https:\/\/www.europesays.com\/es\/226890\/","title":{"rendered":"Calma tensa en el clan Pantoja tras las declaraciones de Kiko Rivera en su vuelta a televisi\u00f3n"},"content":{"rendered":"<p class=\"v-mdl-ath__p v-mdl-ath__p--6\">\nDomingo, 9 de noviembre 2025, 15:26<\/p>\n<p class=\"v-p\">\u00abQuiero dejar claro algo desde el principio: no voy a sacar partido econ\u00f3mico de esta situaci\u00f3n, ni voy a acudir a televisi\u00f3n para hablar de mi vida privada\u00bb, as\u00ed rezaba el comunicado de Kiko Rivera con el que confirmaba su separaci\u00f3n de Irene Rosales despu\u00e9s de once a\u00f1os juntos y dos hijas en com\u00fan. Sin embargo, su silencio ha durado lo que ha tardado en ver a su mujer proclamar su amor por su nueva pareja a los cuatro vientos. El dj visit\u00f3 el plat\u00f3 de &#8216;\u00a1De viernes!&#8217; donde se despach\u00f3 con una serie de duras declaraciones que, de momento, han provocado una calma tensa en su entorno. <\/p>\n<p class=\"v-p\">Y es que, ninguna de las destinatarias de sus menajes se ha pronunciado sobre el contenido de la entrevista, pero s\u00ed que han hecho publicaciones en sus redes sociales haciendo ver que permanecen ajenas a las rotundas afirmaciones del hijo de Isabel Pantoja que entr\u00f3 en todas y cada una de las pol\u00e9micas que le rodean. <\/p>\n<p class=\"v-p\">Sobre su esposa, record\u00f3 que la conoci\u00f3 cuando ella ten\u00eda 22 a\u00f1os. \u00abEstaba viviendo todav\u00eda con sus padres y yo creo que salir de su casa tan joven para venir a vivir conmigo en la peor etapa de mi vida, pues no fue lo mejor\u00bb, explic\u00f3. \u00abCreo que se ha saltado etapas de su vida, miles de cosas, que creo que yo se las arrebat\u00e9 en ese sentido\u00bb, confes\u00f3, al tiempo que quiso subrayar que fue \u00e9l quien puso fin a su matrimonio, no sin insinuar que la sevillana podr\u00eda haber empezado con su actual pareja antes de que ellos terminaran. \u00abEl que dio el primer paso fui yo, lo que pasa que luego ella ha dado como quince m\u00e1s que yo\u00bb, dijo. \u00abElla ya est\u00e1 con otra persona, contenta, feliz, por lo que eso te hace pensar que eso viene de antes porque si no no se entiende\u00bb, apostill\u00f3.<\/p>\n<p class=\"v-p\">Unas palabras por las que los reporteros han preguntado a Irene Rosales que ha dado la callada por respuesta. Eso s\u00ed, en sus redes sociales, ha dejado claro cu\u00e1l es su momento actual felicitando muy cari\u00f1osa a su novio Guillermo por su 42 cumplea\u00f1os: \u00abFeliz cumplea\u00f1os, amor. Que bonito es tenerte\u00bb, le ha dedicado con una fotograf\u00eda en la que aparecen los dos abrazados. \u00abPor unos 42 bien dulces, amor\u00bb, le ha escrito en otro story. Queda por ver si la nueva colaboradora de &#8216;Y ahora Sonsoles&#8217; consigue esquivar la pol\u00e9mica cuando sea preguntada en su programa. <\/p>\n<p class=\"v-p\">Mas rotunda ha sido Isabel Pantoja, que, como en otras ocasiones, decidi\u00f3 no ver la entrevista. \u00abNo encendi\u00f3 ni el televisor. A su hermano Agust\u00edn le ha prohibido que le hable absolutamente nada del tema, no quiere saber nada de lo que ha dicho su hijo, ha prohibido hasta que le nombren a Kiko\u00bb, revel\u00f3 Kike Calleja en el programa &#8216;De fiesta&#8217;. \u00abIsabel ha expresado que ojal\u00e1 que ninguno de sus tres hijos le haga lo que \u00e9l le ha hecho a ella\u00bb, coment\u00f3. <\/p>\n<p class=\"v-p\">Y es que Kiko Rivera no dud\u00f3 en reprochar a su madre que no est\u00e9 \u00aba la altura como abuela\u00bb y que le haya \u00abdecepcionado\u00bb. \u00abPara mi madre sus problemas eran los \u00fanicos que exist\u00edan\u00bb, asegur\u00f3 y lament\u00f3 que, a pesar de su paso por prisi\u00f3n, \u00abla lecci\u00f3n no est\u00e1 aprendida\u00bb. Un c\u00famulo de obst\u00e1culos que le han dejado \u00absin ganas y sin fuerzas\u00bb para intentar una reconciliaci\u00f3n. <\/p>\n<p class=\"v-p\">No falt\u00f3 en su vuelta a Mediaset un repaso al sobrecogedor episodio de la manguera con su hermana, a la que pidi\u00f3 perd\u00f3n p\u00fablicamente, a pesar de no haberse puesto en contacto con ella para hacerlo en persona o para felicitarla por el reciente nacimiento de su hijo Cairo. \u00abSigue siendo mi ni\u00f1a peque\u00f1a. Me gustar\u00eda pedirle disculpas por todo el dolor y da\u00f1o que le he podido causar\u00bb, dijo en una intervenci\u00f3n en la que tambi\u00e9n reconoci\u00f3 que hab\u00eda escuchado a su madre amenazar a su hermana con \u00abdevolverla a Per\u00fa\u00bb.<\/p>\n<p class=\"v-p\">\u00abLo que s\u00ed sucedi\u00f3 aquel d\u00eda fue que mi madre y mi hermana tuvieron una pelea de la hostia y a m\u00ed me pill\u00f3 en medio. Y yo tuve una reacci\u00f3n que no era la correcta. Yo ten\u00eda 28 o 29 a\u00f1os. Pero la vida que yo llevaba, que no era la m\u00e1s adecuada, yo no estaba preparado para solucionar eso. Y mi madre se desentiende y me deja a m\u00ed con el marr\u00f3n\u00bb, record\u00f3 justificando su actitud en el consumo de sustancias. \u00abComet\u00ed un error por desesperaci\u00f3n\u00bb, se excus\u00f3. \u00abMe dejaron con una ni\u00f1a completamente fuera de s\u00ed. Y yo tambi\u00e9n. Yo estaba hasta aqu\u00ed, beb\u00eda, sal\u00eda, no estaba preparado. Fue un episodio horrible, ojal\u00e1 no hubiese sucedido nunca\u00bb, lament\u00f3.<\/p>\n<p class=\"v-p\">Lejos de pronunciarse al respecto, Isa Pantoja celebraba en la intimidad su cumplea\u00f1os durante el fin de semana. La hija de la tonadillera ha cumplido 30 a\u00f1os este 8 de noviembre y su marido, Asraf Beno, ha logrado emocionarla hasta las l\u00e1grimas con su regalo, un colgante con las iniciales de sus dos hijos, Alberto, fruto de su noviazgo de juventud con Alberto Isla, y Cairo, el beb\u00e9 que tuvieron en com\u00fan el pasado junio. Una emotiva escena que hemos podido vivir a trav\u00e9s de sus redes sociales en las que, hasta ahora, no hay rastro de su hermano Kiko. <\/p>\n<p>Reporta un error<\/p>\n","protected":false},"excerpt":{"rendered":"Domingo, 9 de noviembre 2025, 15:26 \u00abQuiero dejar claro algo desde el principio: no voy a sacar partido&hellip;\n","protected":false},"author":2,"featured_media":226891,"comment_status":"","ping_status":"","sticky":false,"template":"","format":"standard","meta":{"footnotes":""},"categories":[91],"tags":[3458,12877,14762,146,147,25,24,3523,10878,10787,23,807,3642,575,1357],"class_list":{"0":"post-226890","1":"post","2":"type-post","3":"status-publish","4":"format-standard","5":"has-post-thumbnail","7":"category-entretenimiento","8":"tag-calma","9":"tag-clan","10":"tag-declaraciones","11":"tag-entertainment","12":"tag-entretenimiento","13":"tag-es","14":"tag-espana","15":"tag-kiko","16":"tag-pantoja","17":"tag-rivera","18":"tag-spain","19":"tag-television","20":"tag-tensa","21":"tag-tras","22":"tag-vuelta"},"share_on_mastodon":{"url":"https:\/\/pubeurope.com\/@es\/115520263486952144","error":""},"_links":{"self":[{"href":"https:\/\/www.europesays.com\/es\/wp-json\/wp\/v2\/posts\/226890","targetHints":{"allow":["GET"]}}],"collection":[{"href":"https:\/\/www.europesays.com\/es\/wp-json\/wp\/v2\/posts"}],"about":[{"href":"https:\/\/www.europesays.com\/es\/wp-json\/wp\/v2\/types\/post"}],"author":[{"embeddable":true,"href":"https:\/\/www.europesays.com\/es\/wp-json\/wp\/v2\/users\/2"}],"replies":[{"embeddable":true,"href":"https:\/\/www.europesays.com\/es\/wp-json\/wp\/v2\/comments?post=226890"}],"version-history":[{"count":0,"href":"https:\/\/www.europesays.com\/es\/wp-json\/wp\/v2\/posts\/226890\/revisions"}],"wp:featuredmedia":[{"embeddable":true,"href":"https:\/\/www.europesays.com\/es\/wp-json\/wp\/v2\/media\/226891"}],"wp:attachment":[{"href":"https:\/\/www.europesays.com\/es\/wp-json\/wp\/v2\/media?parent=226890"}],"wp:term":[{"taxonomy":"category","embeddable":true,"href":"https:\/\/www.europesays.com\/es\/wp-json\/wp\/v2\/categories?post=226890"},{"taxonomy":"post_tag","embeddable":true,"href":"https:\/\/www.europesays.com\/es\/wp-json\/wp\/v2\/tags?post=226890"}],"curies":[{"name":"wp","href":"https:\/\/api.w.org\/{rel}","templated":true}]}}