{"id":226951,"date":"2025-11-09T15:30:15","date_gmt":"2025-11-09T15:30:15","guid":{"rendered":"https:\/\/www.europesays.com\/es\/226951\/"},"modified":"2025-11-09T15:30:15","modified_gmt":"2025-11-09T15:30:15","slug":"miles-de-personas-toman-las-calles-andaluzas-contra-la-gestion-de-moreno-la-crisis-de-la-sanidad-andaluza-trasciende-de-los-cribados-noticias-de-andalucia","status":"publish","type":"post","link":"https:\/\/www.europesays.com\/es\/226951\/","title":{"rendered":"Miles de personas toman las calles andaluzas contra la gesti\u00f3n de Moreno: \u201cLa crisis de la sanidad andaluza trasciende de los cribados\u201d | Noticias de Andaluc\u00eda"},"content":{"rendered":"<p class=\"\">Mientras el presidente de la Junta de Andaluc\u00eda, Juan Manuel Moreno, <a href=\"https:\/\/elpais.com\/espana\/2025-11-09\/moreno-se-baja-de-la-nube.html\" target=\"_blank\" rel=\"noreferrer nofollow noopener\" title=\"https:\/\/elpais.com\/espana\/2025-11-09\/moreno-se-baja-de-la-nube.html\">defend\u00eda la gesti\u00f3n de la sanidad realizada de su Ejecutivo<\/a> en la clausura del congreso regional del PP en el que ha sido reelegido como su presidente auton\u00f3mico, miles de personas clamaban en las calles de toda la comunidad precisamente por \u201cel fracaso de la pol\u00edtica sanitaria del gobierno andaluz\u201d, y ped\u00edan su dimisi\u00f3n, <a href=\"https:\/\/elpais.com\/sociedad\/2025-10-08\/miles-de-personas-claman-contra-moreno-por-el-escandalo-de-los-cribados-hoy-son-ellas-manana-podemos-ser-cualquiera.html\" target=\"_blank\" rel=\"noreferrer nofollow noopener\" title=\"https:\/\/elpais.com\/sociedad\/2025-10-08\/miles-de-personas-claman-contra-moreno-por-el-escandalo-de-los-cribados-hoy-son-ellas-manana-podemos-ser-cualquiera.html\">un grito que hasta la primera concentraci\u00f3n en apoyo <\/a>a las mujeres afectadas por el retraso en el diagn\u00f3stico de los cribados de c\u00e1ncer de mama, el 8 de octubre, no se hab\u00eda escuchado en ninguna de las marchas, que, como la de este domingo, hab\u00eda convocado Marea Blanca en los \u00faltimos cuatro a\u00f1os para alertar sobre el deterioro del sistema de salud p\u00fablico andaluz y su progresiva privatizaci\u00f3n.<\/p>\n<p class=\"\">El esc\u00e1ndalo de los cribados ha puesto rostro y voz al sufrimiento de muchos otros andaluces que llevan tiempo teniendo que esperar <a href=\"https:\/\/elpais.com\/sociedad\/2025-10-25\/andalucia-multiplica-los-retrasos-de-hasta-tres-semanas-para-ver-al-medico-de-cabecera.html\" target=\"_blank\" rel=\"noreferrer nofollow noopener\" title=\"https:\/\/elpais.com\/sociedad\/2025-10-25\/andalucia-multiplica-los-retrasos-de-hasta-tres-semanas-para-ver-al-medico-de-cabecera.html\">m\u00e1s de 20 d\u00edas o incluso tres semanas <\/a>a tener cita con su m\u00e9dico de cabecera, como Mar\u00eda Jos\u00e9 Romero, una jubilada de Bormujos; o un a\u00f1o y medio para poder visitar al traumat\u00f3logo, que es lo que ha tenido que esperar una auxiliar de enfermer\u00eda de Sevilla, que prefiere no dar su nombre; o m\u00e1s de dos a\u00f1os para extirparse unos quistes en el pecho, como Sandra Mor\u00e1n, administrativa de Guillena, que acab\u00f3 oper\u00e1ndose en una cl\u00ednica privada. Por estos y otros problemas que sufren ellas u otros familiares, como la falta de pediatras o el cambio de m\u00e9dico de cabecera, han acudido este domingo a la manifestaci\u00f3n de Sevilla.<\/p>\n<p class=\"\">\u201cLos cribados son la punta del iceberg, pero la crisis trasciende a todo el sistema p\u00fablico de salud. El Gobierno se equivoca si cree que arreglando lo de los cribados, se va a poner sordina a este deterioro\u201d, advierte Kati, auxiliar de ayuda a domicilio, que tambi\u00e9n ha viajado hasta Sevilla, junto a su marido y su hija, psic\u00f3loga en servicios sociales, desde Arcos de la Frontera, en C\u00e1diz. \u201cHemos acudido a casi todas las manifestaciones de Marea Blanca, unas veces vamos a la de C\u00e1diz y otras a la de Sevilla\u201d, explica.<\/p>\n<p class=\"\"><a href=\"https:\/\/elpais.com\/sociedad\/2022-11-26\/primera-movilizacion-multitudinaria-en-andalucia-contra-el-gobierno-del-pp-le-chupan-la-sangre-a-la-sanidad-publica-para-beneficiar-a-la-privada.html\" target=\"_blank\" rel=\"noreferrer nofollow noopener\" title=\"https:\/\/elpais.com\/sociedad\/2022-11-26\/primera-movilizacion-multitudinaria-en-andalucia-contra-el-gobierno-del-pp-le-chupan-la-sangre-a-la-sanidad-publica-para-beneficiar-a-la-privada.html\">La primera manifestaci\u00f3n en defensa de la sanidad p\u00fablica <\/a>se celebr\u00f3 el 26 de noviembre de 2022, pocos meses despu\u00e9s de que Moreno se alzara con la mayor\u00eda absoluta. En este tiempo, pese a los distintos planes de choque en materia sanitaria que ha ido aprobando el Gobierno andaluz (en atenci\u00f3n primaria, para reducir las listas de espera o <a href=\"https:\/\/elpais.com\/espana\/andalucia\/2024-12-11\/moreno-se-autoenmienda-y-promete-que-los-andaluces-seran-atendidos-por-un-medico-de-familia-en-menos-de-72-horas.html\" target=\"_blank\" rel=\"noreferrer nofollow noopener\" title=\"https:\/\/elpais.com\/espana\/andalucia\/2024-12-11\/moreno-se-autoenmienda-y-promete-que-los-andaluces-seran-atendidos-por-un-medico-de-familia-en-menos-de-72-horas.html\">para atender las citas del m\u00e9dico de cabecera en menos de 72 horas<\/a>) la sensaci\u00f3n de deterioro del sistema se ha acentuado, tanto para los usuarios, como para los profesionales sanitarios, saturados por la falta de plantilla, la ausencia de sustituciones y unas consultas que no disminuyen, como se comprometi\u00f3 la Junta.<\/p>\n<p><img decoding=\"auto\" class=\"_re lazyload a_m-h\" height=\"276\"  width=\"414\"  src=\"https:\/\/www.europesays.com\/es\/wp-content\/uploads\/2025\/11\/H2NY6IH5GREGRFF7N7MDSO6V74.jpg\" loading=\"lazy\"\/>Manifestaci\u00f3n en defensa de la Sanidad P\u00fablica en Andaluc\u00eda, este domingo por el centro de Granada.\u00c1lex C\u00e1mara<\/p>\n<p class=\"\">Lo sabe bien Ana Puy L\u00f3pez, trabajadora del Centro de Salud de Cenes, a unos minutos de Granada capital, que recuerda que \u201cnos prometieron 35 pacientes por d\u00eda y mi d\u00eda a d\u00eda es de 50 o m\u00e1s\u201d. El mayor problema, explica, \u201ces la falta de sustituciones. Este verano hemos tenido cero sustituciones en enfermer\u00eda y en m\u00e9dicos, lo que genera una presi\u00f3n imposible en quienes est\u00e1n trabajando. Adem\u00e1s, alcanzar los objetivos [se refiere al seguimiento y control de enfermos diab\u00e9ticos, polimedicados, con insuficiencia card\u00edaca, EPOC, etc&#8230; aquellos que vuelven peri\u00f3dicamente a consulta para revisi\u00f3n] es muy dif\u00edcil\u201d. <\/p>\n<p class=\"\">La administraci\u00f3n les ofrece en ocasiones, hacer horas extras por la tarde para esos pacientes \u201cpero entonces nos quedamos sin tiempo para vivir y conciliar con nuestra familia\u201d, explica esta doctora, mientras a su lado hay una pancarta que dice \u201cMoreno Bonilla privatiza de maravilla\u201d.<\/p>\n<p><img decoding=\"auto\" class=\"_re lazyload a_m-h\" height=\"276\"  width=\"414\"  src=\"https:\/\/www.europesays.com\/es\/wp-content\/uploads\/2025\/11\/IOQRAMV6GJA6XGENDAMIOULQ2A.jpg\" loading=\"lazy\"\/>Manifestaci\u00f3n en defensa de la Sanidad P\u00fablica en Andaluc\u00eda, este domingo en Granada. \u00c1lex C\u00e1mara<\/p>\n<p class=\"\">Al alto estr\u00e9s, se suma, en el caso de las m\u00e9dicas reci\u00e9n incorporadas, la p\u00e9rdida de ilusi\u00f3n. Eva Jim\u00e9nez, Laura Allende y Elena S\u00e1nchez son residentes de seis meses en la capital granadina y est\u00e1n en la manifestaci\u00f3n. En el caso de Eva, reci\u00e9n salida de un turno de 24 horas de guardia en el hospital Ruiz de Alda. Las tres coinciden: \u201cLa sanidad p\u00fablica no da abasto\u201d e insisten en que ven muchos m\u00e1s pacientes de los 35 establecidos. \u201cTenemos cupos muy altos\u201d, abundan sobre el n\u00famero total de pacientes bajo su control, \u201cen nuestro caso, 1.300 personas\u201d. Las tres coinciden en que el principio de la soluci\u00f3n es invertir en atenci\u00f3n primaria para evitar que las urgencias se colapsen. <\/p>\n<p class=\"\">El Gobierno de Moreno considera que la crisis de los cribados es un problema acotado sobre todo a la provincia de Sevilla, por encontrarse en el Hospital Virgen del Roc\u00edo de la capital andaluza el 97% de los casos de cribados dudosos que no se informaron, y que no va a permear al resto de la sociedad andaluza, porque se trata de un problema que afecta a las mujeres que han padecido c\u00e1ncer de mama. Pero la alta participaci\u00f3n en capitales como Granada, con alrededor de 20.000 personas marchando en la calle, evidencia que el descontento con la sanidad p\u00fablica trasciende de la crisis de los cribados. <\/p>\n<p class=\"\">Algo que tambi\u00e9n se pon\u00eda de manifiesto en la marcha de Almer\u00eda: \u201cLa gente est\u00e1 harta en Andaluc\u00eda, especialmente en Almer\u00eda. Los cribados del c\u00e1ncer de mama han sido la gota que ha colmado el vaso. No es posible que crezcan los presupuestos en Sanidad, pero cada vez se destine m\u00e1s a la privada\u201d, ha se\u00f1alado Fernando Plaza, uno de los portavoces de la Marea Blanca en la provincia almeriense,<b> informa Jos\u00e9 Miguel Ben\u00edtez.<\/b><\/p>\n<p><img decoding=\"auto\" class=\"_re lazyload a_m-h\" height=\"276\"  width=\"414\"  src=\"https:\/\/www.europesays.com\/es\/wp-content\/uploads\/2025\/11\/VVFG7ILXORHIVFSUGXFF7E4JNI.jpg\" loading=\"lazy\"\/>Manifestaci\u00f3n en defensa de la Sanidad P\u00fablica andaluza, este domingo en Sevilla. Alejandro Ruesga<\/p>\n<p class=\"\">En Sevilla tambi\u00e9n lo recordaba Elena, una ama de casa de 36 a\u00f1os. \u201cEsto es m\u00e1s que los cribados, aqu\u00ed nos jugamos el futuro de nuestros hijos, nuestro presente y lo que han construido nuestros abuelos. Nos est\u00e1n robando nuestro derecho a la sanidad p\u00fablica\u201d, asegura, con su hijo en brazos y acompa\u00f1ada de su hija Estefan\u00eda, de 18 a\u00f1os y que estudia para T\u00e9cnico de Enfermer\u00eda. \u201cLa perspectiva laboral en Andaluc\u00eda no es muy halag\u00fce\u00f1a, pero si los j\u00f3venes no luchamos y nos responsabilizamos por mantener la calidad de nuestro sistema de salud p\u00fablica, este no tendr\u00e1 futuro\u201d, dice convencida.<\/p>\n<p>El protagonismo de Amama<\/p>\n<p class=\"\">Guillermo Vel\u00e1zquez, m\u00e9dico de familia de Sevilla y habitual de todas las manifestaciones -esta es la s\u00e9ptima- convocadas por Marea Blanca, advierte tambi\u00e9n sobre la fragilidad del sistema de salud p\u00fablico andaluz: \u201cLos derechos igual que se logran se pierden. Primero jugaron con las citas m\u00e9dicas y ahora est\u00e1n jugando directamente con la salud de los ciudadanos\u201d, dice sobre los efectos de los retrasos tanto para obtener consulta con el m\u00e9dico de cabecera como sobre los retrasos en las pruebas diagn\u00f3sticas. \u201cLo acabamos de ver con los cribados de mama, pero est\u00e1 pasando con otros tipos de c\u00e1ncer\u201d, advierte el profesional.<\/p>\n<p class=\"\"><a href=\"https:\/\/elpais.com\/sociedad\/2025-10-26\/miles-de-personas-claman-contra-moreno-por-la-gestion-de-los-cribados-de-cancer-la-sanidad-publica-esta-destruida-y-por-eso-estamos-aqui.html\" target=\"_blank\" rel=\"noreferrer nofollow noopener\" title=\"https:\/\/elpais.com\/sociedad\/2025-10-26\/miles-de-personas-claman-contra-moreno-por-la-gestion-de-los-cribados-de-cancer-la-sanidad-publica-esta-destruida-y-por-eso-estamos-aqui.html\">Amama puso cara a la desaz\u00f3n<\/a> que supone pasar de la certeza de estar sana a constatar que dentro de uno mismo se ha desarrollado un tumor de cuyo riesgo alguien decidi\u00f3 no que no se deb\u00eda advertir -de acuerdo con las explicaciones no oficiales que est\u00e1 dando la Junta de Andaluc\u00eda, \u201cuna orden verbal dentro del sistema de salud\u201d-. <\/p>\n<p class=\"\">\u201cSomos la punta del iceberg de los problemas de la salud p\u00fablica, pero no somos cualquier punta del iceberg\u201d, advierte Mar\u00eda Jos\u00e9 de la Fuente, miembro de la junta directiva de Amama, aferrada, junto con el resto de las mujeres de la asociaci\u00f3n, a la pancarta de la manifestaci\u00f3n de Sevilla con el lema Nuestras vidas no pueden esperar. <\/p>\n<p><img decoding=\"auto\" class=\"_re lazyload a_m-h\" height=\"276\"  width=\"414\"  src=\"https:\/\/www.europesays.com\/es\/wp-content\/uploads\/2025\/11\/STX67XCWQBHAJEG35EN6PV6GOQ.jpg\" loading=\"lazy\"\/>Manifestaci\u00f3n por la Sanidad P\u00fablica andaluza en Sevilla, este domingo. Alejandro Ruesga<\/p>\n<p class=\"\">Ellas rechazan la minimizaci\u00f3n del problema que hace el PP andaluz, circunscribiendo a 2.317 las mujeres afectadas, de las que solo un 2% podr\u00edan desarrollar c\u00e1ncer y que, en un 97% se concentran en el Virgen del Roc\u00edo. <\/p>\n<p class=\"\">\u201cA nosotras nos siguen llamando \u00bfQui\u00e9n tiene ese recuento? Esa cifra desde primera hora fue incierta y sigue siendo incierta\u201d, incide De la Fuente. Es el caso de Olga Li\u00e9bana, de 55 a\u00f1os, de Higuera de Calatrava (Ja\u00e9n), una de las muchas mujeres afectadas por los cribados que han asistido a la marcha en la capital jiennense. En 2023 se hizo una mamograf\u00eda, pero nadie la envi\u00f3 ninguna carta y nadie la llam\u00f3 para comunicarle el resultado. Veinte meses despu\u00e9s se not\u00f3 un bulto en un pecho que acab\u00f3 siendo c\u00e1ncer. El Servicio Andaluz de Salud (SAS) no encuentra sus im\u00e1genes de aquella mamograf\u00eda ni tampoco el informe ni ninguna derivaci\u00f3n a un hospital. \u201cMi sospecha y mi preocupaci\u00f3n es pensar qu\u00e9 tendr\u00eda yo en 2023, pero no me dan ninguna explicaci\u00f3n\u201d, indica Li\u00e9bana.<\/p>\n<p class=\"\">Aunque en general todos los manifestantes insisten en que el problema de la sanidad p\u00fablica va mucho m\u00e1s all\u00e1 de la crisis de los cribados, la mayor\u00eda s\u00ed considera que este esc\u00e1ndalo deber\u00eda suponer un antes y un despu\u00e9s en la gesti\u00f3n de la sanidad p\u00fablica. \u201cLa l\u00e1stima es que solo se haga por motivos pol\u00edticos y electorales\u201d, se lamentaba la hija de Kati.<\/p>\n<p class=\"\">El descontento es generalizado, m\u00e1s all\u00e1 de los cribados. Lo demuestran las multitudinarias marchas en todas las capitales de provincia andaluza, a pesar de que Csif y Satse se descolgaron en el \u00faltimo momento por desavenencias en el manifiesto y en la elecci\u00f3n del recorrido. En M\u00e1laga, los participantes han dirigido sus c\u00e1nticos principalmente a la defensa de una \u201csanidad universal, p\u00fablica y de calidad\u201d, <b>informa Nacho S\u00e1nchez.<\/b>\u201cRecortar en sanidad es criminal\u201d o \u201cNo se vende, la salud se defiende\u201d han sido otras de las proclamas escuchadas durante el recorrido, donde tambi\u00e9n se han visto pancartas dirigidas al presidente de la Junta de Andaluc\u00eda, Juan Manuel Moreno Bonilla. \u201cTu pol\u00edtica mata: el c\u00e1ncer no espera\u201d, dec\u00eda una de ellas<\/p>\n<p class=\"\">En Sevilla, cuando pasaba una hora desde que comenzaran a dirigirse al p\u00fablico las mujeres de Amama y los organizadores frente al Palacio de San Telmo, sede de la Junta, la cola de la manifestaci\u00f3n todav\u00eda estaba a discurriendo a la altura de los Jardines de Murillo, a unos 300 metros de distancia.<\/p>\n","protected":false},"excerpt":{"rendered":"Mientras el presidente de la Junta de Andaluc\u00eda, Juan Manuel Moreno, defend\u00eda la gesti\u00f3n de la sanidad realizada&hellip;\n","protected":false},"author":2,"featured_media":226952,"comment_status":"","ping_status":"","sticky":false,"template":"","format":"standard","meta":{"footnotes":""},"categories":[8],"tags":[46770,59837,259,17,18,17019,54792,25,24,13,14,11,26166,26165,19,20,46038,6016,9,10,15,16,46769,45688,2581,1811,26164,17109,3905,492,23,12,21,22],"class_list":{"0":"post-226951","1":"post","2":"type-post","3":"status-publish","4":"format-standard","5":"has-post-thumbnail","7":"category-espana","8":"tag-adelante-andalucia","9":"tag-amama","10":"tag-andalucia","11":"tag-breaking-news","12":"tag-breakingnews","13":"tag-cancer-mama","14":"tag-crisis-cribados","15":"tag-es","16":"tag-espana","17":"tag-featured-news","18":"tag-featurednews","19":"tag-headlines","20":"tag-juan-manuel-moreno","21":"tag-junta-andalucia","22":"tag-latest-news","23":"tag-latestnews","24":"tag-listas-espera","25":"tag-medicos","26":"tag-news","27":"tag-noticias","28":"tag-noticias-destacadas","29":"tag-noticiasdestacadas","30":"tag-por-andalucia","31":"tag-pp-a","32":"tag-psoe-a","33":"tag-sanidad","34":"tag-sanidad-privada","35":"tag-sanidad-publica","36":"tag-sindicatos","37":"tag-sociedad","38":"tag-spain","39":"tag-titulares","40":"tag-ultimas-noticias","41":"tag-ultimasnoticias"},"share_on_mastodon":{"url":"","error":"Validation failed: Text character limit of 500 exceeded"},"_links":{"self":[{"href":"https:\/\/www.europesays.com\/es\/wp-json\/wp\/v2\/posts\/226951","targetHints":{"allow":["GET"]}}],"collection":[{"href":"https:\/\/www.europesays.com\/es\/wp-json\/wp\/v2\/posts"}],"about":[{"href":"https:\/\/www.europesays.com\/es\/wp-json\/wp\/v2\/types\/post"}],"author":[{"embeddable":true,"href":"https:\/\/www.europesays.com\/es\/wp-json\/wp\/v2\/users\/2"}],"replies":[{"embeddable":true,"href":"https:\/\/www.europesays.com\/es\/wp-json\/wp\/v2\/comments?post=226951"}],"version-history":[{"count":0,"href":"https:\/\/www.europesays.com\/es\/wp-json\/wp\/v2\/posts\/226951\/revisions"}],"wp:featuredmedia":[{"embeddable":true,"href":"https:\/\/www.europesays.com\/es\/wp-json\/wp\/v2\/media\/226952"}],"wp:attachment":[{"href":"https:\/\/www.europesays.com\/es\/wp-json\/wp\/v2\/media?parent=226951"}],"wp:term":[{"taxonomy":"category","embeddable":true,"href":"https:\/\/www.europesays.com\/es\/wp-json\/wp\/v2\/categories?post=226951"},{"taxonomy":"post_tag","embeddable":true,"href":"https:\/\/www.europesays.com\/es\/wp-json\/wp\/v2\/tags?post=226951"}],"curies":[{"name":"wp","href":"https:\/\/api.w.org\/{rel}","templated":true}]}}