{"id":226957,"date":"2025-11-09T15:37:35","date_gmt":"2025-11-09T15:37:35","guid":{"rendered":"https:\/\/www.europesays.com\/es\/226957\/"},"modified":"2025-11-09T15:37:35","modified_gmt":"2025-11-09T15:37:35","slug":"europeo-cx-aerts-repite-9-anos-despues-y-tras-su-sancion","status":"publish","type":"post","link":"https:\/\/www.europesays.com\/es\/226957\/","title":{"rendered":"Europeo CX: Aerts repite 9 a\u00f1os despu\u00e9s y tras su sanci\u00f3n"},"content":{"rendered":"<blockquote class=\"twitter-tweet\" data-media-max-width=\"560\">\n<p dir=\"ltr\" lang=\"es\">\ud83c\udfce\ufe0f\ud83c\udde7\ud83c\uddea Toon Aerts, la \ud835\udc97\ud835\udc96\ud835\udc86\ud835\udc8d\ud835\udc95\ud835\udc82 \ud835\udc93\ud835\udc82\u0301\ud835\udc91\ud835\udc8a\ud835\udc85\ud835\udc82 en el <a href=\"https:\/\/twitter.com\/hashtag\/EuroCross25?src=hash&amp;ref_src=twsrc%5Etfw\" rel=\"nofollow noopener\" target=\"_blank\">#EuroCross25<\/a><\/p>\n<p>El belga corona el triplete patrio en Middelkerke ante Nys y Wyseure tras una carrera de F\u00f3rmula 1 sobre la arena<\/p>\n<p>\ud83c\uddea\ud83c\uddf8 <a href=\"https:\/\/twitter.com\/felipeorts15?ref_src=twsrc%5Etfw\" rel=\"nofollow noopener\" target=\"_blank\">@felipeorts15<\/a> cumple y termina 9\u00ba en el Europeo<\/p>\n<p>\ud83d\udcfa Lo viviste en Eurosport y <a href=\"https:\/\/twitter.com\/StreamMaxES?ref_src=twsrc%5Etfw\" rel=\"nofollow noopener\" target=\"_blank\">@StreamMaxES<\/a> <a href=\"https:\/\/t.co\/2Ty5u9Jjku\" rel=\"nofollow\">pic.twitter.com\/2Ty5u9Jjku<\/a><\/p>\n<p>\u2014 Eurosport.es (@Eurosport_ES) <a href=\"https:\/\/twitter.com\/Eurosport_ES\/status\/1987536578965536782?ref_src=twsrc%5Etfw\" rel=\"nofollow noopener\" target=\"_blank\">November 9, 2025<\/a><\/p>\n<\/blockquote>\n<p><strong>Redacci\u00f3n \/ <a href=\"https:\/\/www.ciclo21.com\/\" target=\"_blank\" rel=\"noopener nofollow\">Ciclo 21<\/a><\/strong><\/p>\n<p><strong>Domingo 9 noviembre<\/strong><\/p>\n<p><strong>CLASIFICACI\u00d3N COMPLETA ELITE HOMBRES<\/strong><\/p>\n<tr class=\"ng-scope\">\n<td class=\"text-right ng-binding\">1.<\/td>\n<td class=\"text-center\"><img class=\"lazy\" decoding=\"async\" src=\"data:image\/svg+xml,%3Csvg%20xmlns=\" http:=\"\" data-src=\"https:\/\/www.europesays.com\/es\/wp-content\/uploads\/2025\/11\/bel.png\"\/><\/td>\n<td>\n<p><b class=\"ng-binding\"> AERTS Toon<\/b>\u00a0<\/p>\n<\/td>\n<td class=\"text-right\">58:40<\/td>\n<\/tr>\n<tr class=\"ng-scope\">\n<td class=\"text-right ng-binding\">2.<\/td>\n<td class=\"text-center\"><img class=\"lazy\" decoding=\"async\" src=\"data:image\/svg+xml,%3Csvg%20xmlns=\" http:=\"\" data-src=\"https:\/\/www.europesays.com\/es\/wp-content\/uploads\/2025\/11\/bel.png\"\/><\/td>\n<td>\n<p><b class=\"ng-binding\"> NYS Thibau<\/b><\/p>\n<\/td>\n<td class=\"text-right\">m.t.<\/td>\n<\/tr>\n<tr class=\"ng-scope\">\n<td class=\"text-right ng-binding\">3.<\/td>\n<td class=\"text-center\"><img class=\"lazy\" decoding=\"async\" src=\"data:image\/svg+xml,%3Csvg%20xmlns=\" http:=\"\" data-src=\"https:\/\/www.europesays.com\/es\/wp-content\/uploads\/2025\/11\/bel.png\"\/><\/td>\n<td>\n<p><b class=\"ng-binding\"> WYSEURE Joran<\/b>\u00a0<\/p>\n<\/td>\n<td class=\"text-right\">+3<\/td>\n<\/tr>\n<tr class=\"ng-scope\">\n<td class=\"text-right ng-binding\">4.<\/td>\n<td class=\"text-center\"><img class=\"lazy\" decoding=\"async\" src=\"data:image\/svg+xml,%3Csvg%20xmlns=\" http:=\"\" data-src=\"https:\/\/www.europesays.com\/es\/wp-content\/uploads\/2025\/11\/ned.png\"\/><\/td>\n<td>\n<p><b class=\"ng-binding\"> RONHAAR Pim<\/b>\u00a0<\/p>\n<\/td>\n<td class=\"text-right\">+4<\/td>\n<\/tr>\n<tr class=\"ng-scope\">\n<td class=\"text-right ng-binding\">5.<\/td>\n<td class=\"text-center\"><img class=\"lazy\" decoding=\"async\" src=\"data:image\/svg+xml,%3Csvg%20xmlns=\" http:=\"\" data-src=\"https:\/\/www.europesays.com\/es\/wp-content\/uploads\/2025\/11\/gbr.png\"\/><\/td>\n<td>\n<p><b class=\"ng-binding\"> MASON Cameron<\/b>\u00a0<\/p>\n<\/td>\n<td class=\"text-right\">+4<\/td>\n<\/tr>\n<tr class=\"ng-scope\">\n<td class=\"text-right ng-binding\">6.<\/td>\n<td class=\"text-center\"><img class=\"lazy\" decoding=\"async\" src=\"data:image\/svg+xml,%3Csvg%20xmlns=\" http:=\"\" data-src=\"https:\/\/www.europesays.com\/es\/wp-content\/uploads\/2025\/11\/bel.png\"\/><\/td>\n<td>\n<p><b class=\"ng-binding\"> VERSTRYNGE Emiel<\/b><\/p>\n<\/td>\n<td class=\"text-right\">+12<\/td>\n<\/tr>\n<tr class=\"ng-scope\">\n<td class=\"text-right ng-binding\">7.<\/td>\n<td class=\"text-center\"><img class=\"lazy\" decoding=\"async\" src=\"data:image\/svg+xml,%3Csvg%20xmlns=\" http:=\"\" data-src=\"https:\/\/www.europesays.com\/es\/wp-content\/uploads\/2025\/11\/ned.png\"\/><\/td>\n<td>\n<p><b class=\"ng-binding\"> HENDRIKX Mees<\/b><\/p>\n<\/td>\n<td class=\"text-right\">+25<\/td>\n<\/tr>\n<tr class=\"ng-scope\">\n<td class=\"text-right ng-binding\">8.<\/td>\n<td class=\"text-center\"><img class=\"lazy\" decoding=\"async\" src=\"data:image\/svg+xml,%3Csvg%20xmlns=\" http:=\"\" data-src=\"https:\/\/www.europesays.com\/es\/wp-content\/uploads\/2025\/11\/bel.png\"\/><\/td>\n<td>\n<p><b class=\"ng-binding\"> MICHELS Jente<\/b>\u00a0<\/p>\n<\/td>\n<td class=\"text-right\">+33<\/td>\n<\/tr>\n<tr class=\"ng-scope\">\n<td class=\"text-right ng-binding\">9.<\/td>\n<td class=\"text-center\"><img class=\"lazy\" decoding=\"async\" src=\"data:image\/svg+xml,%3Csvg%20xmlns=\" http:=\"\" data-src=\"https:\/\/www.europesays.com\/es\/wp-content\/uploads\/2025\/11\/esp.png\"\/><\/td>\n<td>\n<p><b class=\"ng-binding\"> ORTS Felipe<\/b><\/p>\n<\/td>\n<td class=\"text-right\">+37<\/td>\n<\/tr>\n<tr class=\"ng-scope\">\n<td class=\"text-right ng-binding\">10.<\/td>\n<td class=\"text-center\"><img class=\"lazy\" decoding=\"async\" src=\"data:image\/svg+xml,%3Csvg%20xmlns=\" http:=\"\" data-src=\"https:\/\/www.europesays.com\/es\/wp-content\/uploads\/2025\/11\/bel.png\"\/><\/td>\n<td>\n<p><b class=\"ng-binding\"> VANTHOURENHOUT Michael<\/b><\/p>\n<\/td>\n<td class=\"text-right\">+42<\/td>\n<\/tr>\n<tr class=\"ng-scope\">\n<td class=\"text-right ng-binding\">11.<\/td>\n<td class=\"text-center\"><img class=\"lazy\" decoding=\"async\" src=\"data:image\/svg+xml,%3Csvg%20xmlns=\" http:=\"\" data-src=\"https:\/\/www.europesays.com\/es\/wp-content\/uploads\/2025\/11\/bel.png\"\/><\/td>\n<td>\n<p><b class=\"ng-binding\"> SWEECK Laurens<\/b>\u00a0<\/p>\n<\/td>\n<td class=\"text-right\">+47<\/td>\n<\/tr>\n<tr class=\"ng-scope\">\n<td class=\"text-right ng-binding\">12.<\/td>\n<td class=\"text-center\"><img class=\"lazy\" decoding=\"async\" src=\"data:image\/svg+xml,%3Csvg%20xmlns=\" http:=\"\" data-src=\"https:\/\/www.europesays.com\/es\/wp-content\/uploads\/2025\/11\/ned.png\"\/><\/td>\n<td>\n<p><b class=\"ng-binding\"> VAN DER HAAR Lars<\/b><\/p>\n<\/td>\n<td class=\"text-right\">+58<\/td>\n<\/tr>\n<tr class=\"ng-scope\">\n<td class=\"text-right ng-binding\">13.<\/td>\n<td class=\"text-center\"><img class=\"lazy\" decoding=\"async\" src=\"data:image\/svg+xml,%3Csvg%20xmlns=\" http:=\"\" data-src=\"https:\/\/www.europesays.com\/es\/wp-content\/uploads\/2025\/11\/ita.png\"\/><\/td>\n<td>\n<p><b class=\"ng-binding\"> FONTANA Filippo<\/b><\/p>\n<\/td>\n<td class=\"text-right\">+1:18<\/td>\n<\/tr>\n<tr class=\"ng-scope\">\n<td class=\"text-right ng-binding\">14.<\/td>\n<td class=\"text-center\"><img class=\"lazy\" decoding=\"async\" src=\"data:image\/svg+xml,%3Csvg%20xmlns=\" http:=\"\" data-src=\"https:\/\/www.europesays.com\/es\/wp-content\/uploads\/2025\/11\/cze.png\"\/><\/td>\n<td>\n<p><b class=\"ng-binding\"> BORO\u0160 Michael<\/b><\/p>\n<\/td>\n<td class=\"text-right\">+1:37<\/td>\n<\/tr>\n<tr class=\"ng-scope\">\n<td class=\"text-right ng-binding\">15.<\/td>\n<td class=\"text-center\"><img class=\"lazy\" decoding=\"async\" src=\"data:image\/svg+xml,%3Csvg%20xmlns=\" http:=\"\" data-src=\"https:\/\/www.europesays.com\/es\/wp-content\/uploads\/2025\/11\/ned.png\"\/><\/td>\n<td>\n<p><b class=\"ng-binding\"> NIEUWENHUIS Joris<\/b><\/p>\n<\/td>\n<td class=\"text-right\">+1:50<\/td>\n<\/tr>\n<tr class=\"ng-scope\">\n<td class=\"text-right ng-binding\">16.<\/td>\n<td class=\"text-center\"><img class=\"lazy\" decoding=\"async\" src=\"data:image\/svg+xml,%3Csvg%20xmlns=\" http:=\"\" data-src=\"https:\/\/www.europesays.com\/es\/wp-content\/uploads\/2025\/11\/ned.png\"\/><\/td>\n<td>\n<p><b class=\"ng-binding\"> KAMP Ryan<\/b>\u00a0<\/p>\n<\/td>\n<td class=\"text-right\">+1:59<\/td>\n<\/tr>\n<tr class=\"ng-scope\">\n<td class=\"text-right ng-binding\">17.<\/td>\n<td class=\"text-center\"><img class=\"lazy\" decoding=\"async\" src=\"data:image\/svg+xml,%3Csvg%20xmlns=\" http:=\"\" data-src=\"https:\/\/www.europesays.com\/es\/wp-content\/uploads\/2025\/11\/fra.png\"\/><\/td>\n<td>\n<p><b class=\"ng-binding\"> MENUT David<\/b>\u00a0<\/p>\n<\/td>\n<td class=\"text-right\">+2:11<\/td>\n<\/tr>\n<tr class=\"ng-scope\">\n<td class=\"text-right ng-binding\">18.<\/td>\n<td class=\"text-center\"><img class=\"lazy\" decoding=\"async\" src=\"data:image\/svg+xml,%3Csvg%20xmlns=\" http:=\"\" data-src=\"https:\/\/www.europesays.com\/es\/wp-content\/uploads\/2025\/11\/sui.png\"\/><\/td>\n<td>\n<p><b class=\"ng-binding\"> KUHN Kevin<\/b><\/p>\n<\/td>\n<td class=\"text-right\">+2:25<\/td>\n<\/tr>\n<tr class=\"ng-scope\">\n<td class=\"text-right ng-binding\">19.<\/td>\n<td class=\"text-center\"><img class=\"lazy\" decoding=\"async\" src=\"data:image\/svg+xml,%3Csvg%20xmlns=\" http:=\"\" data-src=\"https:\/\/www.europesays.com\/es\/wp-content\/uploads\/2025\/11\/fra.png\"\/><\/td>\n<td>\n<p><b class=\"ng-binding\"> THOMAS Th\u00e9o<\/b><\/p>\n<\/td>\n<td class=\"text-right\">+2:37<\/td>\n<\/tr>\n<tr class=\"ng-scope\">\n<td class=\"text-right ng-binding\">20.<\/td>\n<td class=\"text-center\"><img class=\"lazy\" decoding=\"async\" src=\"data:image\/svg+xml,%3Csvg%20xmlns=\" http:=\"\" data-src=\"https:\/\/www.europesays.com\/es\/wp-content\/uploads\/2025\/11\/esp.png\"\/><\/td>\n<td>\n<p><b class=\"ng-binding\"> SU\u00c1REZ Kevin<\/b>\u00a0<\/p>\n<\/td>\n<td class=\"text-right\">+3:27<\/td>\n<\/tr>\n<tr class=\"ng-scope\">\n<td class=\"text-right ng-binding\">21.<\/td>\n<td class=\"text-center\"><img class=\"lazy\" decoding=\"async\" src=\"data:image\/svg+xml,%3Csvg%20xmlns=\" http:=\"\" data-src=\"https:\/\/www.europesays.com\/es\/wp-content\/uploads\/2025\/11\/bel.png\"\/><\/td>\n<td>\n<p><b class=\"ng-binding\"> VANDEPUTTE Niels<\/b>\u00a0<\/p>\n<\/td>\n<td class=\"text-right\">+3:47<\/td>\n<\/tr>\n<tr class=\"ng-scope\">\n<td class=\"text-right ng-binding\">22.<\/td>\n<td class=\"text-center\"><img class=\"lazy\" decoding=\"async\" src=\"data:image\/svg+xml,%3Csvg%20xmlns=\" http:=\"\" data-src=\"https:\/\/www.europesays.com\/es\/wp-content\/uploads\/2025\/11\/ita.png\"\/><\/td>\n<td>\n<p><b class=\"ng-binding\"> CEOLIN Federico<\/b><\/p>\n<\/td>\n<td class=\"text-right\">+4:52<\/td>\n<\/tr>\n<tr class=\"ng-scope\">\n<td class=\"text-right ng-binding\">23.<\/td>\n<td class=\"text-center\"><img class=\"lazy\" decoding=\"async\" src=\"data:image\/svg+xml,%3Csvg%20xmlns=\" http:=\"\" data-src=\"https:\/\/www.europesays.com\/es\/wp-content\/uploads\/2025\/11\/swe.png\"\/><\/td>\n<td>\n<p><b class=\"ng-binding\"> RISBERG David<\/b>\u00a0<\/p>\n<\/td>\n<td class=\"text-right\">+6:36<\/td>\n<\/tr>\n<tr class=\"ng-scope\">\n<td class=\"text-right ng-binding\">24.<\/td>\n<td class=\"text-center\"><img class=\"lazy\" decoding=\"async\" src=\"data:image\/svg+xml,%3Csvg%20xmlns=\" http:=\"\" data-src=\"https:\/\/www.europesays.com\/es\/wp-content\/uploads\/2025\/11\/ned.png\"\/><\/td>\n<td>\n<p><b class=\"ng-binding\"> VAN LIEROP Danny<\/b>\u00a0<\/p>\n<\/td>\n<td class=\"text-right\">+7:29<\/td>\n<\/tr>\n<tr class=\"ng-scope\">\n<td class=\"text-right ng-binding\">25.<\/td>\n<td class=\"text-center\"><img class=\"lazy\" decoding=\"async\" src=\"data:image\/svg+xml,%3Csvg%20xmlns=\" http:=\"\" data-src=\"https:\/\/www.europesays.com\/es\/wp-content\/uploads\/2025\/11\/ger.png\"\/><\/td>\n<td>\n<p><b class=\"ng-binding\"> HARTER Luca<\/b>\u00a0<\/p>\n<\/td>\n<td class=\"text-right\">+8:23<\/td>\n<\/tr>\n<tr class=\"ng-scope\">\n<td class=\"text-right ng-binding\">ABN<\/td>\n<td class=\"text-center\"><img class=\"lazy\" decoding=\"async\" src=\"data:image\/svg+xml,%3Csvg%20xmlns=\" http:=\"\" data-src=\"https:\/\/www.europesays.com\/es\/wp-content\/uploads\/2025\/11\/ltu.png\"\/><\/td>\n<td>\n<p><b class=\"ng-binding\"> LUK\u0160AS Dovydas<\/b><\/p>\n<\/td>\n<td class=\"text-right\">\u00a0<\/td>\n<\/tr>\n<tr class=\"ng-scope\">\n<td class=\"text-right ng-binding\">DNS<\/td>\n<td class=\"text-center\"><img class=\"lazy\" decoding=\"async\" src=\"data:image\/svg+xml,%3Csvg%20xmlns=\" http:=\"\" data-src=\"https:\/\/www.europesays.com\/es\/wp-content\/uploads\/2025\/11\/and.png\"\/><\/td>\n<td>\n<p><b class=\"ng-binding\"> JOVE Xavier<\/b><\/p>\n<\/td>\n<td class=\"text-right\">\u00a0<\/td>\n<\/tr>\n<p><strong>CLASIFICACI\u00d3N COMPLETA SUB-23 F\u00c9MINAS<\/strong><\/p>\n<tr class=\"r1_row d-block r1_result\" role=\"row\" data-rider=\"25505\">\n<td class=\"res_position  \">1<\/td>\n<td class=\"res_rider  d-flex align-items-center \"><img decoding=\"async\" class=\"flag bs16 lazy\" title=\"Pa\u00edses Bajos\" src=\"data:image\/svg+xml,%3Csvg%20xmlns=\" http:=\"\" data-src=\"https:\/\/cyclocross24.com\/images\/flag\/32\/Netherlands.png\" alt=\"\"\/><\/p>\n<p>BENTVELD Leonie<\/p>\n<\/td>\n<td class=\"res_time \">44:06<\/td>\n<\/tr>\n<tr class=\"r1_row d-block r1_result\" role=\"row\" data-rider=\"29862\">\n<td class=\"res_position  \">2<\/td>\n<td class=\"res_rider  d-flex align-items-center \"><img decoding=\"async\" class=\"flag bs16 lazy\" title=\"Francia\" src=\"data:image\/svg+xml,%3Csvg%20xmlns=\" http:=\"\" data-src=\"https:\/\/cyclocross24.com\/images\/flag\/32\/France.png\" alt=\"\"\/><\/p>\n<p>GERY C\u00e9lia<\/p>\n<\/td>\n<td class=\"res_time \">1:13<\/td>\n<\/tr>\n<tr class=\"r1_row d-block r1_result\" role=\"row\" data-rider=\"29123\">\n<td class=\"res_position  \">3<\/td>\n<td class=\"res_rider  d-flex align-items-center \"><img decoding=\"async\" class=\"flag bs16 lazy\" title=\"Francia\" src=\"data:image\/svg+xml,%3Csvg%20xmlns=\" http:=\"\" data-src=\"https:\/\/cyclocross24.com\/images\/flag\/32\/France.png\" alt=\"\"\/><\/p>\n<p>MULLER Amandine<\/p>\n<\/td>\n<td class=\"res_time \">1:49<\/td>\n<\/tr>\n<tr class=\"r1_row d-block r1_result\" role=\"row\" data-rider=\"29254\">\n<td class=\"res_position  \">4<\/td>\n<td class=\"res_rider  d-flex align-items-center \"><img decoding=\"async\" class=\"flag bs16 lazy\" title=\"B\u00e9lgica\" src=\"data:image\/svg+xml,%3Csvg%20xmlns=\" http:=\"\" data-src=\"https:\/\/cyclocross24.com\/images\/flag\/32\/Belgium.png\" alt=\"\"\/><\/p>\n<p>DE SCHOESITTER Shanyl<\/p>\n<\/td>\n<td class=\"res_time \">2:25<\/td>\n<\/tr>\n<tr class=\"r1_row d-block r1_result\" role=\"row\" data-rider=\"29179\">\n<td class=\"res_position  \">5<\/td>\n<td class=\"res_rider  d-flex align-items-center \"><img decoding=\"async\" class=\"flag bs16 lazy\" title=\"Pa\u00edses Bajos\" src=\"data:image\/svg+xml,%3Csvg%20xmlns=\" http:=\"\" data-src=\"https:\/\/cyclocross24.com\/images\/flag\/32\/Netherlands.png\" alt=\"\"\/><\/p>\n<p>KALIS Bloeme<\/p>\n<\/td>\n<td class=\"res_time \">2:42<\/td>\n<\/tr>\n<tr class=\"r1_row d-block r1_result\" role=\"row\" data-rider=\"25468\">\n<td class=\"res_position  \">6<\/td>\n<td class=\"res_rider  d-flex align-items-center \"><img decoding=\"async\" class=\"flag bs16 lazy\" title=\"Rep\u00fablica Checa\" src=\"data:image\/svg+xml,%3Csvg%20xmlns=\" http:=\"\" data-src=\"https:\/\/cyclocross24.com\/images\/flag\/32\/Czech%20Republic.png\" alt=\"\"\/><\/p>\n<p>HLADIKOV\u00c1 Katerina<\/p>\n<\/td>\n<td class=\"res_time \">3:18<\/td>\n<\/tr>\n<tr class=\"r1_row d-block r1_result\" role=\"row\" data-rider=\"33826\">\n<td class=\"res_position  \">7<\/td>\n<td class=\"res_rider  d-flex align-items-center \"><img decoding=\"async\" class=\"flag bs16 lazy\" title=\"Italia\" src=\"data:image\/svg+xml,%3Csvg%20xmlns=\" http:=\"\" data-src=\"https:\/\/cyclocross24.com\/images\/flag\/32\/Italy.png\" alt=\"\"\/><\/p>\n<p>FERRI Elisa<\/p>\n<\/td>\n<td class=\"res_time \">\u00bb<\/td>\n<\/tr>\n<tr class=\"r1_row d-block r1_result\" role=\"row\" data-rider=\"26852\">\n<td class=\"res_position  \">8<\/td>\n<td class=\"res_rider  d-flex align-items-center \"><img decoding=\"async\" class=\"flag bs16 lazy\" title=\"Pa\u00edses Bajos\" src=\"data:image\/svg+xml,%3Csvg%20xmlns=\" http:=\"\" data-src=\"https:\/\/cyclocross24.com\/images\/flag\/32\/Netherlands.png\" alt=\"\"\/><\/p>\n<p>MOLENGRAAF Lauren<\/p>\n<\/td>\n<td class=\"res_time \">3:19<\/td>\n<\/tr>\n<tr class=\"r1_row d-block r1_result\" role=\"row\" data-rider=\"33876\">\n<td class=\"res_position  \">9<\/td>\n<td class=\"res_rider  d-flex align-items-center \"><img decoding=\"async\" class=\"flag bs16 lazy\" title=\"Rep\u00fablica Checa\" src=\"data:image\/svg+xml,%3Csvg%20xmlns=\" http:=\"\" data-src=\"https:\/\/cyclocross24.com\/images\/flag\/32\/Czech%20Republic.png\" alt=\"\"\/><\/p>\n<p>GOTTWALDOV\u00c1 Am\u00e1lie<\/p>\n<\/td>\n<td class=\"res_time \">3:22<\/td>\n<\/tr>\n<tr class=\"r1_row d-block r1_result\" role=\"row\" data-rider=\"26595\">\n<td class=\"res_position  \">10<\/td>\n<td class=\"res_rider  d-flex align-items-center \"><img decoding=\"async\" class=\"flag bs16 lazy\" title=\"Suiza\" src=\"data:image\/svg+xml,%3Csvg%20xmlns=\" http:=\"\" data-src=\"https:\/\/cyclocross24.com\/images\/flag\/32\/Switzerland.png\" alt=\"\"\/><\/p>\n<p>GLAUS Jana<\/p>\n<\/td>\n<td class=\"res_time \">3:24<\/td>\n<\/tr>\n<tr class=\"r1_row d-block r1_result\" role=\"row\" data-rider=\"26535\">\n<td class=\"res_position  \">11<\/td>\n<td class=\"res_rider  d-flex align-items-center \"><img decoding=\"async\" class=\"flag bs16 lazy\" title=\"Gran Breta\u00f1a\" src=\"data:image\/svg+xml,%3Csvg%20xmlns=\" http:=\"\" data-src=\"https:\/\/cyclocross24.com\/images\/flag\/32\/Great%20Britain.png\" alt=\"\"\/><\/p>\n<p>EYEINGTON Kacey<\/p>\n<\/td>\n<td class=\"res_time \">3:36<\/td>\n<\/tr>\n<tr class=\"r1_row d-block r1_result\" role=\"row\" data-rider=\"26321\">\n<td class=\"res_position  \">12<\/td>\n<td class=\"res_rider  d-flex align-items-center \"><img decoding=\"async\" class=\"flag bs16 lazy\" title=\"Gran Breta\u00f1a\" src=\"data:image\/svg+xml,%3Csvg%20xmlns=\" http:=\"\" data-src=\"https:\/\/cyclocross24.com\/images\/flag\/32\/Great%20Britain.png\" alt=\"\"\/><\/p>\n<p>DAY Elena<\/p>\n<\/td>\n<td class=\"res_time \">3:41<\/td>\n<\/tr>\n<tr class=\"r1_row d-block r1_result\" role=\"row\" data-rider=\"29323\">\n<td class=\"res_position  \">13<\/td>\n<td class=\"res_rider  d-flex align-items-center \"><img decoding=\"async\" class=\"flag bs16 lazy\" title=\"Rep\u00fablica Checa\" src=\"data:image\/svg+xml,%3Csvg%20xmlns=\" http:=\"\" data-src=\"https:\/\/cyclocross24.com\/images\/flag\/32\/Czech%20Republic.png\" alt=\"\"\/><\/p>\n<p>DOUDEROV\u00c1 Katerina<\/p>\n<\/td>\n<td class=\"res_time \">4:15<\/td>\n<\/tr>\n<tr class=\"r1_row d-block r1_result\" role=\"row\" data-rider=\"29255\">\n<td class=\"res_position  \">14<\/td>\n<td class=\"res_rider  d-flex align-items-center \"><img decoding=\"async\" class=\"flag bs16 lazy\" title=\"B\u00e9lgica\" src=\"data:image\/svg+xml,%3Csvg%20xmlns=\" http:=\"\" data-src=\"https:\/\/cyclocross24.com\/images\/flag\/32\/Belgium.png\" alt=\"\"\/><\/p>\n<p>SEYNAVE Ilken<\/p>\n<\/td>\n<td class=\"res_time \">4:35<\/td>\n<\/tr>\n<tr class=\"r1_row d-block r1_result\" role=\"row\" data-rider=\"29370\">\n<td class=\"res_position  \">15<\/td>\n<td class=\"res_rider  d-flex align-items-center \"><img decoding=\"async\" class=\"flag bs16 lazy\" title=\"Pa\u00edses Bajos\" src=\"data:image\/svg+xml,%3Csvg%20xmlns=\" http:=\"\" data-src=\"https:\/\/cyclocross24.com\/images\/flag\/32\/Netherlands.png\" alt=\"\"\/><\/p>\n<p>LANGENBARG Puck<\/p>\n<\/td>\n<td class=\"res_time \">4:48<\/td>\n<\/tr>\n<tr class=\"r1_row d-block r1_result\" role=\"row\" data-rider=\"26519\">\n<td class=\"res_position  \">16<\/td>\n<td class=\"res_rider  d-flex align-items-center \"><img decoding=\"async\" class=\"flag bs16 lazy\" title=\"Gran Breta\u00f1a\" src=\"data:image\/svg+xml,%3Csvg%20xmlns=\" http:=\"\" data-src=\"https:\/\/cyclocross24.com\/images\/flag\/32\/Great%20Britain.png\" alt=\"\"\/><\/p>\n<p>INGLIS Hope<\/p>\n<\/td>\n<td class=\"res_time \">5:20<\/td>\n<\/tr>\n<tr class=\"r1_row d-block r1_result\" role=\"row\" data-rider=\"33778\">\n<td class=\"res_position  \">17<\/td>\n<td class=\"res_rider  d-flex align-items-center \"><img decoding=\"async\" class=\"flag bs16 lazy\" title=\"Dinamarca\" src=\"data:image\/svg+xml,%3Csvg%20xmlns=\" http:=\"\" data-src=\"https:\/\/cyclocross24.com\/images\/flag\/32\/Denmark.png\" alt=\"\"\/><\/p>\n<p>FOLDAGER NIELSEN Mille<\/p>\n<\/td>\n<td class=\"res_time \">5:37<\/td>\n<\/tr>\n<tr class=\"r1_row d-block r1_result\" role=\"row\" data-rider=\"29609\">\n<td class=\"res_position  \">18<\/td>\n<td class=\"res_rider  d-flex align-items-center \"><img decoding=\"async\" class=\"flag bs16 lazy\" title=\"Eslovaquia\" src=\"data:image\/svg+xml,%3Csvg%20xmlns=\" http:=\"\" data-src=\"https:\/\/cyclocross24.com\/images\/flag\/32\/Slovakia.png\" alt=\"\"\/><\/p>\n<p>UNGEROV\u00c1 Sofia<\/p>\n<\/td>\n<td class=\"res_time \">6:04<\/td>\n<\/tr>\n<tr class=\"r1_row d-block r1_result\" role=\"row\" data-rider=\"33946\">\n<td class=\"res_position  \">19<\/td>\n<td class=\"res_rider  d-flex align-items-center \"><img decoding=\"async\" class=\"flag bs16 lazy\" title=\"Espa\u00f1a\" src=\"data:image\/svg+xml,%3Csvg%20xmlns=\" http:=\"\" data-src=\"https:\/\/cyclocross24.com\/images\/flag\/32\/Spain.png\" alt=\"\"\/><\/p>\n<p>OLANO AROZENA Maier<\/p>\n<\/td>\n<td class=\"res_time \">6:18<\/td>\n<\/tr>\n<tr class=\"r1_row d-block r1_result\" role=\"row\" data-rider=\"33779\">\n<td class=\"res_position  \">20<\/td>\n<td class=\"res_rider  d-flex align-items-center \"><img decoding=\"async\" class=\"flag bs16 lazy\" title=\"Suecia\" src=\"data:image\/svg+xml,%3Csvg%20xmlns=\" http:=\"\" data-src=\"https:\/\/cyclocross24.com\/images\/flag\/32\/Sweden.png\" alt=\"\"\/><\/p>\n<p>PERSSON Thea<\/p>\n<\/td>\n<td class=\"res_time \">7:22<\/td>\n<\/tr>\n<tr class=\"r1_row d-block r1_result\" role=\"row\" data-rider=\"27020\">\n<td class=\"res_position  \">ABN<\/td>\n<td class=\"res_rider  d-flex align-items-center \"><img decoding=\"async\" class=\"flag bs16 lazy\" title=\"Espa\u00f1a\" src=\"data:image\/svg+xml,%3Csvg%20xmlns=\" http:=\"\" data-src=\"https:\/\/cyclocross24.com\/images\/flag\/32\/Spain.png\" alt=\"\"\/><\/p>\n<p>ARANA Nahia<\/p>\n<\/td>\n<td class=\"res_time \">\u00a0<\/td>\n<\/tr>\n<p><strong>CLASIFICACI\u00d3N COMPLETA JUNIORS HOMBRES<\/strong><\/p>\n<tr class=\"r1_row d-block r1_result\" role=\"row\" data-rider=\"36324\">\n<td class=\"res_position  \">1<\/td>\n<td class=\"res_rider  d-flex align-items-center \"><img decoding=\"async\" class=\"flag bs16 lazy\" title=\"Italia\" src=\"data:image\/svg+xml,%3Csvg%20xmlns=\" http:=\"\" data-src=\"https:\/\/cyclocross24.com\/images\/flag\/32\/Italy.png\" alt=\"\"\/><\/p>\n<p>GRIGOLINI Filippo<\/p>\n<\/td>\n<td class=\"res_time \">38:50<\/td>\n<\/tr>\n<tr class=\"r1_row d-block r1_result\" role=\"row\" data-rider=\"36530\">\n<td class=\"res_position  \">2<\/td>\n<td class=\"res_rider  d-flex align-items-center \"><img decoding=\"async\" class=\"flag bs16 lazy\" title=\"Italia\" src=\"data:image\/svg+xml,%3Csvg%20xmlns=\" http:=\"\" data-src=\"https:\/\/cyclocross24.com\/images\/flag\/32\/Italy.png\" alt=\"\"\/><\/p>\n<p>PEZZO ROSOLA Patrik<\/p>\n<\/td>\n<td class=\"res_time \">0:13<\/td>\n<\/tr>\n<tr class=\"r1_row d-block r1_result\" role=\"row\" data-rider=\"36069\">\n<td class=\"res_position  \">3<\/td>\n<td class=\"res_rider  d-flex align-items-center \"><img decoding=\"async\" class=\"flag bs16 lazy\" title=\"B\u00e9lgica\" src=\"data:image\/svg+xml,%3Csvg%20xmlns=\" http:=\"\" data-src=\"https:\/\/cyclocross24.com\/images\/flag\/32\/Belgium.png\" alt=\"\"\/><\/p>\n<p>LEJEUNE Giel<\/p>\n<\/td>\n<td class=\"res_time \">0:16<\/td>\n<\/tr>\n<tr class=\"r1_row d-block r1_result\" role=\"row\" data-rider=\"35991\">\n<td class=\"res_position  \">4<\/td>\n<td class=\"res_rider  d-flex align-items-center \"><img decoding=\"async\" class=\"flag bs16 lazy\" title=\"Pa\u00edses Bajos\" src=\"data:image\/svg+xml,%3Csvg%20xmlns=\" http:=\"\" data-src=\"https:\/\/cyclocross24.com\/images\/flag\/32\/Netherlands.png\" alt=\"\"\/><\/p>\n<p>TIMMERMANS Cas<\/p>\n<\/td>\n<td class=\"res_time \">0:27<\/td>\n<\/tr>\n<tr class=\"r1_row d-block r1_result\" role=\"row\" data-rider=\"37763\">\n<td class=\"res_position  \">5<\/td>\n<td class=\"res_rider  d-flex align-items-center \"><img decoding=\"async\" class=\"flag bs16 lazy\" title=\"Pa\u00edses Bajos\" src=\"data:image\/svg+xml,%3Csvg%20xmlns=\" http:=\"\" data-src=\"https:\/\/cyclocross24.com\/images\/flag\/32\/Netherlands.png\" alt=\"\"\/><\/p>\n<p>HEEREN Delano<\/p>\n<\/td>\n<td class=\"res_time \">0:49<\/td>\n<\/tr>\n<tr class=\"r1_row d-block r1_result\" role=\"row\" data-rider=\"36229\">\n<td class=\"res_position  \">6<\/td>\n<td class=\"res_rider  d-flex align-items-center \"><img decoding=\"async\" class=\"flag bs16 lazy\" title=\"Austria\" src=\"data:image\/svg+xml,%3Csvg%20xmlns=\" http:=\"\" data-src=\"https:\/\/cyclocross24.com\/images\/flag\/32\/Austria.png\" alt=\"\"\/><\/p>\n<p>HETTEGGER Michael<\/p>\n<\/td>\n<td class=\"res_time \">1:22<\/td>\n<\/tr>\n<tr class=\"r1_row d-block r1_result\" role=\"row\" data-rider=\"36490\">\n<td class=\"res_position  \">7<\/td>\n<td class=\"res_rider  d-flex align-items-center \"><img decoding=\"async\" class=\"flag bs16 lazy\" title=\"Pa\u00edses Bajos\" src=\"data:image\/svg+xml,%3Csvg%20xmlns=\" http:=\"\" data-src=\"https:\/\/cyclocross24.com\/images\/flag\/32\/Netherlands.png\" alt=\"\"\/><\/p>\n<p>GOIJERT No\u00ebl<\/p>\n<\/td>\n<td class=\"res_time \">1:30<\/td>\n<\/tr>\n<tr class=\"r1_row d-block r1_result\" role=\"row\" data-rider=\"36072\">\n<td class=\"res_position  \">8<\/td>\n<td class=\"res_rider  d-flex align-items-center \"><img decoding=\"async\" class=\"flag bs16 lazy\" title=\"B\u00e9lgica\" src=\"data:image\/svg+xml,%3Csvg%20xmlns=\" http:=\"\" data-src=\"https:\/\/cyclocross24.com\/images\/flag\/32\/Belgium.png\" alt=\"\"\/><\/p>\n<p>VAN LEE Jari<\/p>\n<\/td>\n<td class=\"res_time \">1:40<\/td>\n<\/tr>\n<tr class=\"r1_row d-block r1_result\" role=\"row\" data-rider=\"37647\">\n<td class=\"res_position  \">9<\/td>\n<td class=\"res_rider  d-flex align-items-center \"><img decoding=\"async\" class=\"flag bs16 lazy\" title=\"Pa\u00edses Bajos\" src=\"data:image\/svg+xml,%3Csvg%20xmlns=\" http:=\"\" data-src=\"https:\/\/cyclocross24.com\/images\/flag\/32\/Netherlands.png\" alt=\"\"\/><\/p>\n<p>VAN HOOF Kai<\/p>\n<\/td>\n<td class=\"res_time \">1:50<\/td>\n<\/tr>\n<tr class=\"r1_row d-block r1_result\" role=\"row\" data-rider=\"37764\">\n<td class=\"res_position  \">10<\/td>\n<td class=\"res_rider  d-flex align-items-center \"><img decoding=\"async\" class=\"flag bs16 lazy\" title=\"Francia\" src=\"data:image\/svg+xml,%3Csvg%20xmlns=\" http:=\"\" data-src=\"https:\/\/cyclocross24.com\/images\/flag\/32\/France.png\" alt=\"\"\/><\/p>\n<p>DEVOS Victor<\/p>\n<\/td>\n<td class=\"res_time \">2:00<\/td>\n<\/tr>\n<tr class=\"r1_row d-block r1_result\" role=\"row\" data-rider=\"37650\">\n<td class=\"res_position  \">11<\/td>\n<td class=\"res_rider  d-flex align-items-center \"><img decoding=\"async\" class=\"flag bs16 lazy\" title=\"Pa\u00edses Bajos\" src=\"data:image\/svg+xml,%3Csvg%20xmlns=\" http:=\"\" data-src=\"https:\/\/cyclocross24.com\/images\/flag\/32\/Netherlands.png\" alt=\"\"\/><\/p>\n<p>HOVERS Loek<\/p>\n<\/td>\n<td class=\"res_time \">2:04<\/td>\n<\/tr>\n<tr class=\"r1_row d-block r1_result\" role=\"row\" data-rider=\"37651\">\n<td class=\"res_position  \">12<\/td>\n<td class=\"res_rider  d-flex align-items-center \"><img decoding=\"async\" class=\"flag bs16 lazy\" title=\"Pa\u00edses Bajos\" src=\"data:image\/svg+xml,%3Csvg%20xmlns=\" http:=\"\" data-src=\"https:\/\/cyclocross24.com\/images\/flag\/32\/Netherlands.png\" alt=\"\"\/><\/p>\n<p>VAN DEN BIGGELAAR Jop<\/p>\n<\/td>\n<td class=\"res_time \">2:12<\/td>\n<\/tr>\n<tr class=\"r1_row d-block r1_result\" role=\"row\" data-rider=\"36070\">\n<td class=\"res_position  \">13<\/td>\n<td class=\"res_rider  d-flex align-items-center \"><img decoding=\"async\" class=\"flag bs16 lazy\" title=\"B\u00e9lgica\" src=\"data:image\/svg+xml,%3Csvg%20xmlns=\" http:=\"\" data-src=\"https:\/\/cyclocross24.com\/images\/flag\/32\/Belgium.png\" alt=\"\"\/><\/p>\n<p>JANSSENS Arthur<\/p>\n<\/td>\n<td class=\"res_time \">2:15<\/td>\n<\/tr>\n<tr class=\"r1_row d-block r1_result\" role=\"row\" data-rider=\"36306\">\n<td class=\"res_position  \">14<\/td>\n<td class=\"res_rider  d-flex align-items-center \"><img decoding=\"async\" class=\"flag bs16 lazy\" title=\"Francia\" src=\"data:image\/svg+xml,%3Csvg%20xmlns=\" http:=\"\" data-src=\"https:\/\/cyclocross24.com\/images\/flag\/32\/France.png\" alt=\"\"\/><\/p>\n<p>LE PANN Soen<\/p>\n<\/td>\n<td class=\"res_time \">2:16<\/td>\n<\/tr>\n<tr class=\"r1_row d-block r1_result\" role=\"row\" data-rider=\"36305\">\n<td class=\"res_position  \">15<\/td>\n<td class=\"res_rider  d-flex align-items-center \"><img decoding=\"async\" class=\"flag bs16 lazy\" title=\"Francia\" src=\"data:image\/svg+xml,%3Csvg%20xmlns=\" http:=\"\" data-src=\"https:\/\/cyclocross24.com\/images\/flag\/32\/France.png\" alt=\"\"\/><\/p>\n<p>BRUY\u00c8RE JOUMARD Soren<\/p>\n<\/td>\n<td class=\"res_time \">2:17<\/td>\n<\/tr>\n<tr class=\"r1_row d-block r1_result\" role=\"row\" data-rider=\"36230\">\n<td class=\"res_position  \">16<\/td>\n<td class=\"res_rider  d-flex align-items-center \"><img decoding=\"async\" class=\"flag bs16 lazy\" title=\"Rep\u00fablica Checa\" src=\"data:image\/svg+xml,%3Csvg%20xmlns=\" http:=\"\" data-src=\"https:\/\/cyclocross24.com\/images\/flag\/32\/Czech%20Republic.png\" alt=\"\"\/><\/p>\n<p>JOHN Antonin<\/p>\n<\/td>\n<td class=\"res_time \">2:25<\/td>\n<\/tr>\n<tr class=\"r1_row d-block r1_result\" role=\"row\" data-rider=\"37968\">\n<td class=\"res_position  \">17<\/td>\n<td class=\"res_rider  d-flex align-items-center \"><img decoding=\"async\" class=\"flag bs16 lazy\" title=\"Eslovaquia\" src=\"data:image\/svg+xml,%3Csvg%20xmlns=\" http:=\"\" data-src=\"https:\/\/cyclocross24.com\/images\/flag\/32\/Slovakia.png\" alt=\"\"\/><\/p>\n<p>H\u00daSENICA Milan<\/p>\n<\/td>\n<td class=\"res_time \">2:26<\/td>\n<\/tr>\n<tr class=\"r1_row d-block r1_result\" role=\"row\" data-rider=\"36231\">\n<td class=\"res_position  \">18<\/td>\n<td class=\"res_rider  d-flex align-items-center \"><img decoding=\"async\" class=\"flag bs16 lazy\" title=\"Hungr\u00eda\" src=\"data:image\/svg+xml,%3Csvg%20xmlns=\" http:=\"\" data-src=\"https:\/\/cyclocross24.com\/images\/flag\/32\/Hungary.png\" alt=\"\"\/><\/p>\n<p>BERENCSI Benedek<\/p>\n<\/td>\n<td class=\"res_time \">2:27<\/td>\n<\/tr>\n<tr class=\"r1_row d-block r1_result\" role=\"row\" data-rider=\"36554\">\n<td class=\"res_position  \">19<\/td>\n<td class=\"res_rider  d-flex align-items-center \"><img decoding=\"async\" class=\"flag bs16 lazy\" title=\"Eslovaquia\" src=\"data:image\/svg+xml,%3Csvg%20xmlns=\" http:=\"\" data-src=\"https:\/\/cyclocross24.com\/images\/flag\/32\/Slovakia.png\" alt=\"\"\/><\/p>\n<p>SICHTA Michal<\/p>\n<\/td>\n<td class=\"res_time \">2:38<\/td>\n<\/tr>\n<tr class=\"r1_row d-block r1_result\" role=\"row\" data-rider=\"38278\">\n<td class=\"res_position  \">20<\/td>\n<td class=\"res_rider  d-flex align-items-center \"><img decoding=\"async\" class=\"flag bs16 lazy\" title=\"Francia\" src=\"data:image\/svg+xml,%3Csvg%20xmlns=\" http:=\"\" data-src=\"https:\/\/cyclocross24.com\/images\/flag\/32\/France.png\" alt=\"\"\/><\/p>\n<p>MARTINEAU Axel<\/p>\n<\/td>\n<td class=\"res_time \">\u00bb<\/td>\n<\/tr>\n<tr class=\"r1_row d-block r1_result\" role=\"row\" data-rider=\"37762\">\n<td class=\"res_position  \">21<\/td>\n<td class=\"res_rider  d-flex align-items-center \"><img decoding=\"async\" class=\"flag bs16 lazy\" title=\"B\u00e9lgica\" src=\"data:image\/svg+xml,%3Csvg%20xmlns=\" http:=\"\" data-src=\"https:\/\/cyclocross24.com\/images\/flag\/32\/Belgium.png\" alt=\"\"\/><\/p>\n<p>OSAER Emiel<\/p>\n<\/td>\n<td class=\"res_time \">2:53<\/td>\n<\/tr>\n<tr class=\"r1_row d-block r1_result\" role=\"row\" data-rider=\"37649\">\n<td class=\"res_position  \">22<\/td>\n<td class=\"res_rider  d-flex align-items-center \"><img decoding=\"async\" class=\"flag bs16 lazy\" title=\"B\u00e9lgica\" src=\"data:image\/svg+xml,%3Csvg%20xmlns=\" http:=\"\" data-src=\"https:\/\/cyclocross24.com\/images\/flag\/32\/Belgium.png\" alt=\"\"\/><\/p>\n<p>VANDEN EYNDE Bas<\/p>\n<\/td>\n<td class=\"res_time \">3:01<\/td>\n<\/tr>\n<tr class=\"r1_row d-block r1_result\" role=\"row\" data-rider=\"36307\">\n<td class=\"res_position  \">23<\/td>\n<td class=\"res_rider  d-flex align-items-center \"><img decoding=\"async\" class=\"flag bs16 lazy\" title=\"Francia\" src=\"data:image\/svg+xml,%3Csvg%20xmlns=\" http:=\"\" data-src=\"https:\/\/cyclocross24.com\/images\/flag\/32\/France.png\" alt=\"\"\/><\/p>\n<p>CHAINEL Caliste<\/p>\n<\/td>\n<td class=\"res_time \">3:14<\/td>\n<\/tr>\n<tr class=\"r1_row d-block r1_result\" role=\"row\" data-rider=\"36117\">\n<td class=\"res_position  \">24<\/td>\n<td class=\"res_rider  d-flex align-items-center \"><img decoding=\"async\" class=\"flag bs16 lazy\" title=\"Polonia\" src=\"data:image\/svg+xml,%3Csvg%20xmlns=\" http:=\"\" data-src=\"https:\/\/cyclocross24.com\/images\/flag\/32\/Poland.png\" alt=\"\"\/><\/p>\n<p>MIZURO Kacper<\/p>\n<\/td>\n<td class=\"res_time \">3:24<\/td>\n<\/tr>\n<tr class=\"r1_row d-block r1_result\" role=\"row\" data-rider=\"35993\">\n<td class=\"res_position  \">25<\/td>\n<td class=\"res_rider  d-flex align-items-center \"><img decoding=\"async\" class=\"flag bs16 lazy\" title=\"Rep\u00fablica Checa\" src=\"data:image\/svg+xml,%3Csvg%20xmlns=\" http:=\"\" data-src=\"https:\/\/cyclocross24.com\/images\/flag\/32\/Czech%20Republic.png\" alt=\"\"\/><\/p>\n<p>SVOBODA David<\/p>\n<\/td>\n<td class=\"res_time \">3:29<\/td>\n<\/tr>\n<tr class=\"r1_row d-block r1_result\" role=\"row\" data-rider=\"37807\">\n<td class=\"res_position  \">26<\/td>\n<td class=\"res_rider  d-flex align-items-center \"><img decoding=\"async\" class=\"flag bs16 lazy\" title=\"Italia\" src=\"data:image\/svg+xml,%3Csvg%20xmlns=\" http:=\"\" data-src=\"https:\/\/cyclocross24.com\/images\/flag\/32\/Italy.png\" alt=\"\"\/><\/p>\n<p>CINGOLANI Tommaso<\/p>\n<\/td>\n<td class=\"res_time \">3:30<\/td>\n<\/tr>\n<tr class=\"r1_row d-block r1_result\" role=\"row\" data-rider=\"38004\">\n<td class=\"res_position  \">27<\/td>\n<td class=\"res_rider  d-flex align-items-center \"><img decoding=\"async\" class=\"flag bs16 lazy\" title=\"Italia\" src=\"data:image\/svg+xml,%3Csvg%20xmlns=\" http:=\"\" data-src=\"https:\/\/cyclocross24.com\/images\/flag\/32\/Italy.png\" alt=\"\"\/><\/p>\n<p>VAGLIO Walter<\/p>\n<\/td>\n<td class=\"res_time \">3:37<\/td>\n<\/tr>\n<tr class=\"r1_row d-block r1_result\" role=\"row\" data-rider=\"38151\">\n<td class=\"res_position  \">28<\/td>\n<td class=\"res_rider  d-flex align-items-center \"><img decoding=\"async\" class=\"flag bs16 lazy\" title=\"Dinamarca\" src=\"data:image\/svg+xml,%3Csvg%20xmlns=\" http:=\"\" data-src=\"https:\/\/cyclocross24.com\/images\/flag\/32\/Denmark.png\" alt=\"\"\/><\/p>\n<p>BRAEDSTRUP-HOLM Johannes<\/p>\n<\/td>\n<td class=\"res_time \">3:41<\/td>\n<\/tr>\n<tr class=\"r1_row d-block r1_result\" role=\"row\" data-rider=\"36050\">\n<td class=\"res_position  \">29<\/td>\n<td class=\"res_rider  d-flex align-items-center \"><img decoding=\"async\" class=\"flag bs16 lazy\" title=\"Gran Breta\u00f1a\" src=\"data:image\/svg+xml,%3Csvg%20xmlns=\" http:=\"\" data-src=\"https:\/\/cyclocross24.com\/images\/flag\/32\/Great%20Britain.png\" alt=\"\"\/><\/p>\n<p>STEED Jacob<\/p>\n<\/td>\n<td class=\"res_time \">3:49<\/td>\n<\/tr>\n<tr class=\"r1_row d-block r1_result\" role=\"row\" data-rider=\"37767\">\n<td class=\"res_position  \">30<\/td>\n<td class=\"res_rider  d-flex align-items-center \"><img decoding=\"async\" class=\"flag bs16 lazy\" title=\"Grecia\" src=\"data:image\/svg+xml,%3Csvg%20xmlns=\" http:=\"\" data-src=\"https:\/\/cyclocross24.com\/images\/flag\/32\/Greece.png\" alt=\"\"\/><\/p>\n<p>MAGIOGLOU Iraklis<\/p>\n<\/td>\n<td class=\"res_time \">3:54<\/td>\n<\/tr>\n<tr class=\"r1_row d-block r1_result\" role=\"row\" data-rider=\"35979\">\n<td class=\"res_position  \">31<\/td>\n<td class=\"res_rider  d-flex align-items-center \"><img decoding=\"async\" class=\"flag bs16 lazy\" title=\"B\u00e9lgica\" src=\"data:image\/svg+xml,%3Csvg%20xmlns=\" http:=\"\" data-src=\"https:\/\/cyclocross24.com\/images\/flag\/32\/Belgium.png\" alt=\"\"\/><\/p>\n<p>CORSUS Lars<\/p>\n<\/td>\n<td class=\"res_time \">4:01<\/td>\n<\/tr>\n<tr class=\"r1_row d-block r1_result\" role=\"row\" data-rider=\"37612\">\n<td class=\"res_position  \">32<\/td>\n<td class=\"res_rider  d-flex align-items-center \"><img decoding=\"async\" class=\"flag bs16 lazy\" title=\"Gran Breta\u00f1a\" src=\"data:image\/svg+xml,%3Csvg%20xmlns=\" http:=\"\" data-src=\"https:\/\/cyclocross24.com\/images\/flag\/32\/Great%20Britain.png\" alt=\"\"\/><\/p>\n<p>TRAFFORD Luke<\/p>\n<\/td>\n<td class=\"res_time \">4:02<\/td>\n<\/tr>\n<tr class=\"r1_row d-block r1_result\" role=\"row\" data-rider=\"37813\">\n<td class=\"res_position  \">33<\/td>\n<td class=\"res_rider  d-flex align-items-center \"><img decoding=\"async\" class=\"flag bs16 lazy\" title=\"Eslovaquia\" src=\"data:image\/svg+xml,%3Csvg%20xmlns=\" http:=\"\" data-src=\"https:\/\/cyclocross24.com\/images\/flag\/32\/Slovakia.png\" alt=\"\"\/><\/p>\n<p>RYBANSKY Tade\u00e1s<\/p>\n<\/td>\n<td class=\"res_time \">4:11<\/td>\n<\/tr>\n<tr class=\"r1_row d-block r1_result\" role=\"row\" data-rider=\"35994\">\n<td class=\"res_position  \">34<\/td>\n<td class=\"res_rider  d-flex align-items-center \"><img decoding=\"async\" class=\"flag bs16 lazy\" title=\"B\u00e9lgica\" src=\"data:image\/svg+xml,%3Csvg%20xmlns=\" http:=\"\" data-src=\"https:\/\/cyclocross24.com\/images\/flag\/32\/Belgium.png\" alt=\"\"\/><\/p>\n<p>VERDONCK Thomas<\/p>\n<\/td>\n<td class=\"res_time \">\u00bb<\/td>\n<\/tr>\n<tr class=\"r1_row d-block r1_result\" role=\"row\" data-rider=\"37698\">\n<td class=\"res_position  \">35<\/td>\n<td class=\"res_rider  d-flex align-items-center \"><img decoding=\"async\" class=\"flag bs16 lazy\" title=\"Alemania\" src=\"data:image\/svg+xml,%3Csvg%20xmlns=\" http:=\"\" data-src=\"https:\/\/cyclocross24.com\/images\/flag\/32\/Germany.png\" alt=\"\"\/><\/p>\n<p>TIETJEN Josh<\/p>\n<\/td>\n<td class=\"res_time \">4:12<\/td>\n<\/tr>\n<tr class=\"r1_row d-block r1_result\" role=\"row\" data-rider=\"36363\">\n<td class=\"res_position  \">36<\/td>\n<td class=\"res_rider  d-flex align-items-center \"><img decoding=\"async\" class=\"flag bs16 lazy\" title=\"Espa\u00f1a\" src=\"data:image\/svg+xml,%3Csvg%20xmlns=\" http:=\"\" data-src=\"https:\/\/cyclocross24.com\/images\/flag\/32\/Spain.png\" alt=\"\"\/><\/p>\n<p>CASTIELLO DIAZ Samuel<\/p>\n<\/td>\n<td class=\"res_time \">4:20<\/td>\n<\/tr>\n<tr class=\"r1_row d-block r1_result\" role=\"row\" data-rider=\"36361\">\n<td class=\"res_position  \">37<\/td>\n<td class=\"res_rider  d-flex align-items-center \"><img decoding=\"async\" class=\"flag bs16 lazy\" title=\"Espa\u00f1a\" src=\"data:image\/svg+xml,%3Csvg%20xmlns=\" http:=\"\" data-src=\"https:\/\/cyclocross24.com\/images\/flag\/32\/Spain.png\" alt=\"\"\/><\/p>\n<p>FERNANDEZ GARCIA Martin<\/p>\n<\/td>\n<td class=\"res_time \">4:26<\/td>\n<\/tr>\n<tr class=\"r1_row d-block r1_result\" role=\"row\" data-rider=\"36014\">\n<td class=\"res_position  \">38<\/td>\n<td class=\"res_rider  d-flex align-items-center \"><img decoding=\"async\" class=\"flag bs16 lazy\" title=\"B\u00e9lgica\" src=\"data:image\/svg+xml,%3Csvg%20xmlns=\" http:=\"\" data-src=\"https:\/\/cyclocross24.com\/images\/flag\/32\/Belgium.png\" alt=\"\"\/><\/p>\n<p>LIPPENS Brent<\/p>\n<\/td>\n<td class=\"res_time \">4:32<\/td>\n<\/tr>\n<tr class=\"r1_row d-block r1_result\" role=\"row\" data-rider=\"36887\">\n<td class=\"res_position  \">39<\/td>\n<td class=\"res_rider  d-flex align-items-center \"><img decoding=\"async\" class=\"flag bs16 lazy\" title=\"Estonia\" src=\"data:image\/svg+xml,%3Csvg%20xmlns=\" http:=\"\" data-src=\"https:\/\/cyclocross24.com\/images\/flag\/32\/Estonia.png\" alt=\"\"\/><\/p>\n<p>KAJO Herlen<\/p>\n<\/td>\n<td class=\"res_time \">4:40<\/td>\n<\/tr>\n<tr class=\"r1_row d-block r1_result\" role=\"row\" data-rider=\"37792\">\n<td class=\"res_position  \">40<\/td>\n<td class=\"res_rider  d-flex align-items-center \"><img decoding=\"async\" class=\"flag bs16 lazy\" title=\"Suiza\" src=\"data:image\/svg+xml,%3Csvg%20xmlns=\" http:=\"\" data-src=\"https:\/\/cyclocross24.com\/images\/flag\/32\/Switzerland.png\" alt=\"\"\/><\/p>\n<p>FUHRMANN Gian<\/p>\n<\/td>\n<td class=\"res_time \">4:41<\/td>\n<\/tr>\n<tr class=\"r1_row d-block r1_result\" role=\"row\" data-rider=\"37766\">\n<td class=\"res_position  \">41<\/td>\n<td class=\"res_rider  d-flex align-items-center \"><img decoding=\"async\" class=\"flag bs16 lazy\" title=\"Luxemburgo\" src=\"data:image\/svg+xml,%3Csvg%20xmlns=\" http:=\"\" data-src=\"https:\/\/cyclocross24.com\/images\/flag\/32\/Luxembourg.png\" alt=\"\"\/><\/p>\n<p>FLEMING Ben<\/p>\n<\/td>\n<td class=\"res_time \">\u00bb<\/td>\n<\/tr>\n<tr class=\"r1_row d-block r1_result\" role=\"row\" data-rider=\"36000\">\n<td class=\"res_position  \">42<\/td>\n<td class=\"res_rider  d-flex align-items-center \"><img decoding=\"async\" class=\"flag bs16 lazy\" title=\"Alemania\" src=\"data:image\/svg+xml,%3Csvg%20xmlns=\" http:=\"\" data-src=\"https:\/\/cyclocross24.com\/images\/flag\/32\/Germany.png\" alt=\"\"\/><\/p>\n<p>FESENMEIER Luca<\/p>\n<\/td>\n<td class=\"res_time \">\u00bb<\/td>\n<\/tr>\n<tr class=\"r1_row d-block r1_result\" role=\"row\" data-rider=\"36471\">\n<td class=\"res_position  \">43<\/td>\n<td class=\"res_rider  d-flex align-items-center \"><img decoding=\"async\" class=\"flag bs16 lazy\" title=\"Estonia\" src=\"data:image\/svg+xml,%3Csvg%20xmlns=\" http:=\"\" data-src=\"https:\/\/cyclocross24.com\/images\/flag\/32\/Estonia.png\" alt=\"\"\/><\/p>\n<p>SUPPI Sebastian<\/p>\n<\/td>\n<td class=\"res_time \">4:52<\/td>\n<\/tr>\n<tr class=\"r1_row d-block r1_result\" role=\"row\" data-rider=\"37718\">\n<td class=\"res_position  \">44<\/td>\n<td class=\"res_rider  d-flex align-items-center \"><img decoding=\"async\" class=\"flag bs16 lazy\" title=\"Suecia\" src=\"data:image\/svg+xml,%3Csvg%20xmlns=\" http:=\"\" data-src=\"https:\/\/cyclocross24.com\/images\/flag\/32\/Sweden.png\" alt=\"\"\/><\/p>\n<p>PALSSON GUSTAFSSON Melvin<\/p>\n<\/td>\n<td class=\"res_time \">\u00bb<\/td>\n<\/tr>\n<tr class=\"r1_row d-block r1_result\" role=\"row\" data-rider=\"36040\">\n<td class=\"res_position  \">45<\/td>\n<td class=\"res_rider  d-flex align-items-center \"><img decoding=\"async\" class=\"flag bs16 lazy\" title=\"Gran Breta\u00f1a\" src=\"data:image\/svg+xml,%3Csvg%20xmlns=\" http:=\"\" data-src=\"https:\/\/cyclocross24.com\/images\/flag\/32\/Great%20Britain.png\" alt=\"\"\/><\/p>\n<p>MILLS Jody<\/p>\n<\/td>\n<td class=\"res_time \">5:01<\/td>\n<\/tr>\n<tr class=\"r1_row d-block r1_result\" role=\"row\" data-rider=\"36666\">\n<td class=\"res_position  \">46<\/td>\n<td class=\"res_rider  d-flex align-items-center \"><img decoding=\"async\" class=\"flag bs16 lazy\" title=\"Dinamarca\" src=\"data:image\/svg+xml,%3Csvg%20xmlns=\" http:=\"\" data-src=\"https:\/\/cyclocross24.com\/images\/flag\/32\/Denmark.png\" alt=\"\"\/><\/p>\n<p>PETERSEN Mathias Houmann<\/p>\n<\/td>\n<td class=\"res_time \">5:07<\/td>\n<\/tr>\n<tr class=\"r1_row d-block r1_result\" role=\"row\" data-rider=\"38062\">\n<td class=\"res_position  \">47<\/td>\n<td class=\"res_rider  d-flex align-items-center \"><img decoding=\"async\" class=\"flag bs16 lazy\" title=\"Suiza\" src=\"data:image\/svg+xml,%3Csvg%20xmlns=\" http:=\"\" data-src=\"https:\/\/cyclocross24.com\/images\/flag\/32\/Switzerland.png\" alt=\"\"\/><\/p>\n<p>VONBACH Elias<\/p>\n<\/td>\n<td class=\"res_time \">5:09<\/td>\n<\/tr>\n<tr class=\"r1_row d-block r1_result\" role=\"row\" data-rider=\"38045\">\n<td class=\"res_position  \">48<\/td>\n<td class=\"res_rider  d-flex align-items-center \"><img decoding=\"async\" class=\"flag bs16 lazy\" title=\"Dinamarca\" src=\"data:image\/svg+xml,%3Csvg%20xmlns=\" http:=\"\" data-src=\"https:\/\/cyclocross24.com\/images\/flag\/32\/Denmark.png\" alt=\"\"\/><\/p>\n<p>NYEGAARD Villads<\/p>\n<\/td>\n<td class=\"res_time \">\u00bb<\/td>\n<\/tr>\n<tr class=\"r1_row d-block r1_result\" role=\"row\" data-rider=\"37801\">\n<td class=\"res_position  \">49<\/td>\n<td class=\"res_rider  d-flex align-items-center \"><img decoding=\"async\" class=\"flag bs16 lazy\" title=\"Suiza\" src=\"data:image\/svg+xml,%3Csvg%20xmlns=\" http:=\"\" data-src=\"https:\/\/cyclocross24.com\/images\/flag\/32\/Switzerland.png\" alt=\"\"\/><\/p>\n<p>KNECHTLE Nick<\/p>\n<\/td>\n<td class=\"res_time \">5:21<\/td>\n<\/tr>\n<tr class=\"r1_row d-block r1_result\" role=\"row\" data-rider=\"36720\">\n<td class=\"res_position  \">50<\/td>\n<td class=\"res_rider  d-flex align-items-center \"><img decoding=\"async\" class=\"flag bs16 lazy\" title=\"Portugal\" src=\"data:image\/svg+xml,%3Csvg%20xmlns=\" http:=\"\" data-src=\"https:\/\/cyclocross24.com\/images\/flag\/32\/Portugal.png\" alt=\"\"\/><\/p>\n<p>VIG\u00c1RIO Joao<\/p>\n<\/td>\n<td class=\"res_time \">\u00bb<\/td>\n<\/tr>\n<tr class=\"r1_row d-block r1_result\" role=\"row\" data-rider=\"37810\">\n<td class=\"res_position  \">51<\/td>\n<td class=\"res_rider  d-flex align-items-center \"><img decoding=\"async\" class=\"flag bs16 lazy\" title=\"Rep\u00fablica Checa\" src=\"data:image\/svg+xml,%3Csvg%20xmlns=\" http:=\"\" data-src=\"https:\/\/cyclocross24.com\/images\/flag\/32\/Czech%20Republic.png\" alt=\"\"\/><\/p>\n<p>PANUS Jakub<\/p>\n<\/td>\n<td class=\"res_time \">5:28<\/td>\n<\/tr>\n<tr class=\"r1_row d-block r1_result\" role=\"row\" data-rider=\"36517\">\n<td class=\"res_position  \">52<\/td>\n<td class=\"res_rider  d-flex align-items-center \"><img decoding=\"async\" class=\"flag bs16 lazy\" title=\"Portugal\" src=\"data:image\/svg+xml,%3Csvg%20xmlns=\" http:=\"\" data-src=\"https:\/\/cyclocross24.com\/images\/flag\/32\/Portugal.png\" alt=\"\"\/><\/p>\n<p>RAMALHO Hugo<\/p>\n<\/td>\n<td class=\"res_time \">5:44<\/td>\n<\/tr>\n<tr class=\"r1_row d-block r1_result\" role=\"row\" data-rider=\"37704\">\n<td class=\"res_position  \">53<\/td>\n<td class=\"res_rider  d-flex align-items-center \"><img decoding=\"async\" class=\"flag bs16 lazy\" title=\"Dinamarca\" src=\"data:image\/svg+xml,%3Csvg%20xmlns=\" http:=\"\" data-src=\"https:\/\/cyclocross24.com\/images\/flag\/32\/Denmark.png\" alt=\"\"\/><\/p>\n<p>DOLLERUP Magnus<\/p>\n<\/td>\n<td class=\"res_time \">5:51<\/td>\n<\/tr>\n<tr class=\"r1_row d-block r1_result\" role=\"row\" data-rider=\"37868\">\n<td class=\"res_position  \">54<\/td>\n<td class=\"res_rider  d-flex align-items-center \"><img decoding=\"async\" class=\"flag bs16 lazy\" title=\"Espa\u00f1a\" src=\"data:image\/svg+xml,%3Csvg%20xmlns=\" http:=\"\" data-src=\"https:\/\/cyclocross24.com\/images\/flag\/32\/Spain.png\" alt=\"\"\/><\/p>\n<p>GANCEDO CORRALES Pelayo<\/p>\n<\/td>\n<td class=\"res_time \">6:03<\/td>\n<\/tr>\n<tr class=\"r1_row d-block r1_result\" role=\"row\" data-rider=\"38109\">\n<td class=\"res_position  \">55<\/td>\n<td class=\"res_rider  d-flex align-items-center \"><img decoding=\"async\" class=\"flag bs16 lazy\" title=\"Polonia\" src=\"data:image\/svg+xml,%3Csvg%20xmlns=\" http:=\"\" data-src=\"https:\/\/cyclocross24.com\/images\/flag\/32\/Poland.png\" alt=\"\"\/><\/p>\n<p>STRUZIK Michal<\/p>\n<\/td>\n<td class=\"res_time \">6:07<\/td>\n<\/tr>\n<tr class=\"r1_row d-block r1_result\" role=\"row\" data-rider=\"36176\">\n<td class=\"res_position  \">56<\/td>\n<td class=\"res_rider  d-flex align-items-center \"><img decoding=\"async\" class=\"flag bs16 lazy\" title=\"Francia\" src=\"data:image\/svg+xml,%3Csvg%20xmlns=\" http:=\"\" data-src=\"https:\/\/cyclocross24.com\/images\/flag\/32\/France.png\" alt=\"\"\/><\/p>\n<p>GOUX Paul<\/p>\n<\/td>\n<td class=\"res_time \">6:08<\/td>\n<\/tr>\n<tr class=\"r1_row d-block r1_result\" role=\"row\" data-rider=\"37970\">\n<td class=\"res_position  \">57<\/td>\n<td class=\"res_rider  d-flex align-items-center \"><img decoding=\"async\" class=\"flag bs16 lazy\" title=\"Eslovaquia\" src=\"data:image\/svg+xml,%3Csvg%20xmlns=\" http:=\"\" data-src=\"https:\/\/cyclocross24.com\/images\/flag\/32\/Slovakia.png\" alt=\"\"\/><\/p>\n<p>MELICHERCIK Jergus<\/p>\n<\/td>\n<td class=\"res_time \">6:44<\/td>\n<\/tr>\n<tr class=\"r1_row d-block r1_result\" role=\"row\" data-rider=\"37083\">\n<td class=\"res_position  \">58<\/td>\n<td class=\"res_rider  d-flex align-items-center \"><img decoding=\"async\" class=\"flag bs16 lazy\" title=\"Lituania\" src=\"data:image\/svg+xml,%3Csvg%20xmlns=\" http:=\"\" data-src=\"https:\/\/cyclocross24.com\/images\/flag\/32\/Lithuania.png\" alt=\"\"\/><\/p>\n<p>MEDELINSKAS Martynas<\/p>\n<\/td>\n<td class=\"res_time \">7:14<\/td>\n<\/tr>\n<tr class=\"r1_row d-block r1_result\" role=\"row\" data-rider=\"37808\">\n<td class=\"res_position  \">59<\/td>\n<td class=\"res_rider  d-flex align-items-center \"><img decoding=\"async\" class=\"flag bs16 lazy\" title=\"Rep\u00fablica Checa\" src=\"data:image\/svg+xml,%3Csvg%20xmlns=\" http:=\"\" data-src=\"https:\/\/cyclocross24.com\/images\/flag\/32\/Czech%20Republic.png\" alt=\"\"\/><\/p>\n<p>PAZOUREK Tade\u00e1s<\/p>\n<\/td>\n<td class=\"res_time \">7:22<\/td>\n<\/tr>\n<tr class=\"r1_row d-block r1_result\" role=\"row\" data-rider=\"38232\">\n<td class=\"res_position  \">60<\/td>\n<td class=\"res_rider  d-flex align-items-center \"><img decoding=\"async\" class=\"flag bs16 lazy\" title=\"Lituania\" src=\"data:image\/svg+xml,%3Csvg%20xmlns=\" http:=\"\" data-src=\"https:\/\/cyclocross24.com\/images\/flag\/32\/Lithuania.png\" alt=\"\"\/><\/p>\n<p>SKIKAS Lukas<\/p>\n<\/td>\n<td class=\"res_time \">8:00<\/td>\n<\/tr>\n<tr class=\"r1_row d-block r1_result\" role=\"row\" data-rider=\"36868\">\n<td class=\"res_position  \">61<\/td>\n<td class=\"res_rider  d-flex align-items-center \"><img decoding=\"async\" class=\"flag bs16 lazy\" title=\"Luxemburgo\" src=\"data:image\/svg+xml,%3Csvg%20xmlns=\" http:=\"\" data-src=\"https:\/\/cyclocross24.com\/images\/flag\/32\/Luxembourg.png\" alt=\"\"\/><\/p>\n<p>FEHLEN PEREIRA Dawson<\/p>\n<\/td>\n<td class=\"res_time \">9:32<\/td>\n<\/tr>\n<tr class=\"r1_row d-block r1_result\" role=\"row\" data-rider=\"38231\">\n<td class=\"res_position  \">62<\/td>\n<td class=\"res_rider  d-flex align-items-center \"><img decoding=\"async\" class=\"flag bs16 lazy\" title=\"Polonia\" src=\"data:image\/svg+xml,%3Csvg%20xmlns=\" http:=\"\" data-src=\"https:\/\/cyclocross24.com\/images\/flag\/32\/Poland.png\" alt=\"\"\/><\/p>\n<p>ROGALSKI Maciej<\/p>\n<\/td>\n<td class=\"res_time \">\u00a0<\/td>\n<\/tr>\n<tr class=\"r1_row d-block r1_result\" role=\"row\" data-rider=\"36664\">\n<td class=\"res_position  \">DNF<\/td>\n<td class=\"res_rider  d-flex align-items-center \"><img decoding=\"async\" class=\"flag bs16 lazy\" title=\"Noruega\" src=\"data:image\/svg+xml,%3Csvg%20xmlns=\" http:=\"\" data-src=\"https:\/\/cyclocross24.com\/images\/flag\/32\/Norway.png\" alt=\"\"\/><\/p>\n<p>JORDE Jens Aksel<\/p>\n<\/td>\n<td class=\"res_time \">\u00a0<\/td>\n<\/tr>\n<p><strong>8 noviembre<\/strong><\/p>\n<p><strong>\u00c9lite f\u00e9minas<\/strong><\/p>\n<p style=\"text-align: justify;\">La neerlandesa <strong>Inge Van der Heijden<\/strong> logr\u00f3 en el Campeonato de Europa de ciclocross el <strong>triunfo m\u00e1s importante de su carrera<\/strong> deportiva. A sus 26 a\u00f1os a\u00fan <strong>no est\u00e1 acostumbrada a lograr muchas victorias,<\/strong> como evidenci\u00f3 al cruzar la meta, rompiendo a llorar de la emoci\u00f3n. En una selecci\u00f3n de los Pa\u00edses Bajos con numerosas l\u00edderes, Van der Heijden tuvo libertad para <strong>marcharse por delante en la primera vuelta en un buen movimiento t\u00e1ctico<\/strong> y nadie pudo alcanzarla en el resto de la prueba. La responsabilidad de perseguir qued\u00f3 en manos de la italiana <strong>Sara Casasola<\/strong>, que qued\u00f3 <strong>fuera del podio por una inoportuna ca\u00edda<\/strong> en las \u00faltimas vueltas.<\/p>\n<p style=\"text-align: justify;\"><strong>Lucinda Brand y Aniek Van Alphen<\/strong>, que rodaban junto a ella, se aseguraron entonces completar un <strong>podio totalmente naranja<\/strong>. La m\u00e1s veterana de ellas tom\u00f3 distancia en la vuelta final y se hizo con la <strong>medalla de plata<\/strong>. Casasola pudo acabar cuarta, aunque con <strong>Amandine Fouquenet<\/strong> pis\u00e1ndole los talones, seguida de su compatriota <strong>H\u00e9l\u00e8ne Clauzel<\/strong>. <strong>Laura Verdonschot<\/strong> fue la <strong>primera belga<\/strong> en Middelkerke, en la octava posici\u00f3n. En cuanto a la \u00fanica representante espa\u00f1ola, <strong>Sof\u00eda Rodr\u00edguez<\/strong>, acab\u00f3 en la <strong>18\u00aa plaza<\/strong>.<\/p>\n<p><a href=\"https:\/\/cyclocross24.com\/race\/17711\/\" target=\"_blank\" rel=\"noopener nofollow\"><strong>CLASIFICACI\u00d3N<\/strong><\/a>: Inge VAN DER HEIJDEN (PBA) <strong>18 Sof\u00eda RODR\u00cdGUEZ<\/strong><\/p>\n<p><strong>DECLARACIONES<\/strong><\/p>\n<p style=\"text-align: justify;\"><strong>Van de Heijden: \u00ab<\/strong>Sab\u00eda que era muy importante tener una buena salida\u201d, explic\u00f3 Van der Heijden tras la carrera. \u201cNada m\u00e1s empezar hay una subida empinada, as\u00ed que fui a por todas hacia la primera curva, llegu\u00e9 arriba en cabeza y luego me concentr\u00e9 en mi propio ritmo. Fue muy duro abrir ese hueco en la primera vuelta. No esperaba poder mantenerlo hasta el final, pero estoy muy feliz de haberlo conseguido\u201d. M\u00e1s tarde a\u00f1adi\u00f3: \u201cOjal\u00e1 pueda seguir as\u00ed. Las primeras carreras de la temporada fueron buenas, y las m\u00e1s recientes tambi\u00e9n, aunque me qued\u00e9 a las puertas del podio un par de veces. Sab\u00eda que este recorrido, con tanta arena, me favorecer\u00eda, pero a\u00fan no me creo que sea campeona de Europa. Significa much\u00edsimo para m\u00ed\u201d. Por \u00faltimo, la neerlandesa concluy\u00f3: \u201cYa gan\u00e9 un t\u00edtulo mundial sub-23, pero este a\u00f1o mi objetivo era subir al podio en el Europeo o en el Mundial. Ahora tengo el maillot. Estoy muy feliz\u00bb.<\/p>\n<p><strong>S\u00e1bado 8 noviembre<\/strong><\/p>\n<p><strong>Sub-23 hombres<\/strong><\/p>\n<p><a href=\"https:\/\/www.ciclo21.com\/wp-content\/uploads\/2025\/11\/Mattia-Agostinacchio-scaled.jpg\" target=\"_blank\" rel=\"noopener nofollow\"><img fetchpriority=\"high\" decoding=\"async\" aria-describedby=\"caption-attachment-452299\" class=\"wp-image-452299 lazy\" src=\"data:image\/svg+xml,%3Csvg%20xmlns=\" http:=\"\" data-src=\"https:\/\/www.europesays.com\/es\/wp-content\/uploads\/2025\/11\/Mattia-Agostinacchio-scaled.jpg.webp.webp\" alt=\"\" width=\"749\" height=\"499\" data- data-\/><\/a><\/p>\n<p id=\"caption-attachment-452299\" class=\"wp-caption-text\">Podio sub-23 masculino del Europeo de ciclocross \u00a9 UEC<\/p>\n<p style=\"text-align: justify;\">El italiano <strong>Mattia Agostinaccho<\/strong> se ha hecho con la victoria en el Europeo de Ciclocross, reeditando el t\u00edtulo logrado el a\u00f1o pasado <strong>en Pontevedra como junior<\/strong>, aunque esta vez, ya en la categor\u00eda sub-23. El ciclista del EF Education se impuso en una carrera muy igualada que se decidi\u00f3 en las \u00faltimas vueltas. El neerland\u00e9s <strong>David Haverdings<\/strong> se hizo con la medalla de plata y el belga <strong>Kay de Bruyckere<\/strong> se impuso al sprint ante el franc\u00e9s <strong>Romain Debord<\/strong> en la pelea por el bronce. Fuera del podio cay\u00f3 <strong>Aubin Sparfel<\/strong>, que domin\u00f3 la prueba en su primera mitad. El espa\u00f1ol <strong>Ra\u00fal<\/strong> Mira acab\u00f3 en una destacada <strong>11\u00aa posici\u00f3n<\/strong>, llegando a rodar s\u00e9ptimo en el ecuador de la carrera. Su compa\u00f1ero de selecci\u00f3n, <strong>Unax Gal\u00e1n<\/strong>, finaliz\u00f3 en la 31\u00aa plaza.<\/p>\n<p><a href=\"https:\/\/cyclocross24.com\/race\/17711\/\" target=\"_blank\" rel=\"noopener nofollow\"><strong>CLASIFICACI\u00d3N<\/strong><\/a>: Mattia AGOSTINACCHO (ITA) <strong>11 Ra\u00fal MIRA<\/strong><\/p>\n<p style=\"text-align: justify;\"><strong>DECLARACIONES<\/strong><\/p>\n<p style=\"text-align: justify;\"><strong>Agostinacchio:<\/strong> \u201cEstoy muy contento. No esperaba ganar un Campeonato Europeo en mi primer a\u00f1o como Sub-23, as\u00ed que estoy muy satisfecho. Empec\u00e9 en la tercera fila y no estaba seguro de c\u00f3mo me ir\u00eda, sobre todo con toda esa arena. Decid\u00ed darlo todo de todas formas, con la esperanza de quiz\u00e1s incluso subir al podio. En la primera vuelta tuve un problema con las zapatillas y tuve que entrar inmediatamente a boxes para solucionarlo, perdiendo algunas posiciones, pero logr\u00e9 recuperarme y mantenerme cerca de los l\u00edderes. A veces perd\u00eda unos segundos, pero siempre consegu\u00eda volver a la pista. Antes de la \u00faltima vuelta intent\u00e9 arrancar y lo consegu\u00ed: gan\u00e9 esos 15 segundos que me permitieron mantenerme hasta el final.\u201d<\/p>\n<p><strong>Junior f\u00e9minas<\/strong><\/p>\n<p><a href=\"https:\/\/www.ciclo21.com\/wp-content\/uploads\/2025\/11\/G5OtJhsWwAAWh_b-scaled.jpg\" target=\"_blank\" rel=\"noopener nofollow\"><img loading=\"lazy\" decoding=\"async\" aria-describedby=\"caption-attachment-452287\" class=\"wp-image-452287 lazy\" src=\"data:image\/svg+xml,%3Csvg%20xmlns=\" http:=\"\" data-src=\"https:\/\/www.europesays.com\/es\/wp-content\/uploads\/2025\/11\/G5OtJhsWwAAWh_b-scaled.jpg.webp.webp\" alt=\"\" width=\"753\" height=\"502\" data- data-\/><\/a><\/p>\n<p id=\"caption-attachment-452287\" class=\"wp-caption-text\">Podio junior femenino del Europeo de ciclocross \u00a9 UEC<\/p>\n<p style=\"text-align: justify;\">La checa <strong>Barbora Bukovsk\u00e1<\/strong> se ha proclamado campeona de Europa de ciclocross en la categor\u00eda <strong>junior femenina<\/strong> tras dominar la carrera de principio a fin, con un c\u00f3modo margen sobre sus m\u00e1s inmediatas perseguidoras. M\u00e1s abierta estuvo la pelea por el podio, donde la neerlandesa <strong>Nynke Jochems<\/strong>, junior de primer a\u00f1o, pudo con la italiana <strong>Nicole Azzetti<\/strong> en la disputa por la plata y el bronce. Las espa\u00f1olas no lograron acabar dentro del top-20. <strong>Aitana Guti\u00e9rrez<\/strong> (21\u00aa), <strong>Mirari Gotzxi<\/strong> (22\u00aa) y <strong>Carla Ba\u00f1uls<\/strong> (23\u00aa) hicieron una carrera bastante similar, mientras que <strong>Ane Zubeldia<\/strong> solo pudo ser 36\u00aa.<\/p>\n<p><a href=\"https:\/\/chronorace.blob.core.windows.net\/webresources\/20251108_uec\/midd_cro_crowj_results.pdf\" target=\"_blank\" rel=\"noopener nofollow\"><strong>CLASIFICACI\u00d3N<\/strong><\/a>: Barbora BUKOVSK\u00c1 (RCH) <strong>21 Aitana<\/strong> <b class=\"ng-binding\">GUTI\u00c9RREZ<\/b><\/p>\n<p><strong>PREVIA<\/strong><\/p>\n<p style=\"text-align: justify;\">El <strong>s\u00e1bado 8 y el domingo 9 de noviembre<\/strong> de 2025, <strong>Middelkerke ser\u00e1 el escenario del Campeonato Europeo de Ciclocross<\/strong>. El Campeonato Europeo es tradicionalmente el primer campeonato de la temporada de ciclocross y traer\u00e1 a los mejores ciclistas a la localidad belga para competir por el maillot de campe\u00f3n, blanco y azul con estrellas amarillas.<\/p>\n<p style=\"text-align: justify;\">\u00bfQui\u00e9n seguir\u00e1 los pasos de <strong>Thibau Nys y Fem van Empel<\/strong> este oto\u00f1o? Tres a\u00f1os despu\u00e9s del Campeonato Europeo de Namur, el Campeonato Europeo de Ciclocross volver\u00e1 a celebrarse en B\u00e9lgica. Esta vez, la batalla por el t\u00edtulo europeo tendr\u00e1 lugar en Middelkerke.<\/p>\n<p style=\"text-align: justify;\">Durante todo el fin de semana, el dominio militar de Lombardsijde servir\u00e1 como escenario \u00fanico para el Campeonato Europeo, <strong>con tramos por la arena y las dunas de Middelkerke<\/strong>. En 2022, el Campeonato Belga de Ciclocross tambi\u00e9n se celebr\u00f3 en el mismo lugar. Lamentablemente, debido a la COVID-19, la batalla por el maillot tricolor se disput\u00f3 sin p\u00fablico.<\/p>\n<p><a href=\"https:\/\/www.uec.ch\/resources\/2025%20Events\/cyclocross%20middelkerke\/2025_UEC_ECh_CX_Middelkerke_Technical_Guide_v250808.pdf\" target=\"_blank\" rel=\"noopener nofollow\"><strong>GU\u00cdA T\u00c9CNICA<\/strong><\/a><\/p>\n<p><a href=\"https:\/\/www.ciclo21.com\/europeo-ciclocross-2024-pontevedra-nys-van-empel\/\" target=\"_blank\" rel=\"noopener nofollow\"><strong>Edici\u00f3n 2024<\/strong><\/a><\/p>\n<p><strong>PROGRAMA DE COMPETICI\u00d3N<\/strong><\/p>\n<p><strong>S\u00e1bado 8 noviembre<\/strong><\/p>\n<p>11:00 \u2013 11:45 Junior f\u00e9minas<br \/>13:00 \u2013 13:55 Sub-23 hombres<br \/>15:00 \u2013 15:50 \u00c9lite f\u00e9minas<\/p>\n<p><strong>Domingo 9 noviembre<\/strong><\/p>\n<p>11:00 \u2013 11:50 Junior hombres<br \/>13:00 \u2013 13:50 Sub-23 f\u00e9minas<br \/>15:00 \u2013 16:05 \u00c9lite hombres<\/p>\n<p><strong>RECORRIDO<\/strong><\/p>\n<p><a href=\"https:\/\/www.ciclo21.com\/wp-content\/uploads\/2023\/08\/Europeo-CX-2025.png\" target=\"_blank\" rel=\"noopener nofollow\"><img loading=\"lazy\" decoding=\"async\" aria-describedby=\"caption-attachment-451578\" class=\"wp-image-451578 size-full lazy\" src=\"data:image\/svg+xml,%3Csvg%20xmlns=\" http:=\"\" data-src=\"https:\/\/www.europesays.com\/es\/wp-content\/uploads\/2025\/11\/Europeo-CX-2025.png.webp.webp\" alt=\"\" width=\"646\" height=\"458\" data- data-\/><\/a><\/p>\n<p id=\"caption-attachment-451578\" class=\"wp-caption-text\">Recorrido del Europeo de Ciclocross de 2025 \u00a9 UEC<\/p>\n<p><strong>SELECCIONES CONFIRMADAS<\/strong><\/p>\n<p><strong>B\u00e9lgica<\/strong><\/p>\n<p>Hombres: Aerts, Michels, Nys, Sweeck, Vandeputte, Vanthourenhout, Verstrynge, Wyseure<\/p>\n<p>F\u00e9minas: Brouwers, Crabbe, Norbert-Riberolle, Peeters, Verdonschot<\/p>\n<p><strong>Espa\u00f1a<\/strong><\/p>\n<p>Hombres: <strong>Orts, Su\u00e1rez<\/strong><\/p>\n<p>F\u00e9minas: <strong>Gonz\u00e1lez, Rodr\u00edguez<\/strong><\/p>\n<p><strong>Francia<\/strong><\/p>\n<p>Hombres: Bommenel, Menut, Thomas<\/p>\n<p>F\u00e9minas: Clauzel, Fouquenet<\/p>\n<p><strong>Italia<\/strong><\/p>\n<p>Hombres: Ceolin, Fontana<\/p>\n<p>F\u00e9minas: Borello, Casasola<\/p>\n<p><strong>Pa\u00edses Bajos<\/strong><\/p>\n<p>Hombres: Van der Haar, Ronhaar, Nieuwenhuis, Hendrikx, Kamp, Van Lierop<\/p>\n<p>F\u00e9minas: Brand, Van der Heijden, Bakker, Van Alphen, Betsema, Hartog<\/p>\n<p><script async src=\"https:\/\/platform.twitter.com\/widgets.js\" charset=\"utf-8\"><\/script><\/p>\n","protected":false},"excerpt":{"rendered":"\ud83c\udfce\ufe0f\ud83c\udde7\ud83c\uddea Toon Aerts, la \ud835\udc97\ud835\udc96\ud835\udc86\ud835\udc8d\ud835\udc95\ud835\udc82 \ud835\udc93\ud835\udc82\u0301\ud835\udc91\ud835\udc8a\ud835\udc85\ud835\udc82 en el #EuroCross25 El belga corona el triplete patrio en Middelkerke ante&hellip;\n","protected":false},"author":2,"featured_media":226958,"comment_status":"","ping_status":"","sticky":false,"template":"","format":"standard","meta":{"footnotes":""},"categories":[273],"tags":[59839,313,44324,312,168,25,24,59840,59841,23,167],"class_list":{"0":"post-226957","1":"post","2":"type-post","3":"status-publish","4":"format-standard","5":"has-post-thumbnail","7":"category-ciclismo","8":"tag-campeonato-europeo","9":"tag-ciclismo","10":"tag-ciclocross","11":"tag-cycling","12":"tag-deportes","13":"tag-es","14":"tag-espana","15":"tag-europeo-ciclocross","16":"tag-inge-van-der-heijden","17":"tag-spain","18":"tag-sports"},"share_on_mastodon":{"url":"https:\/\/pubeurope.com\/@es\/115520486978612295","error":""},"_links":{"self":[{"href":"https:\/\/www.europesays.com\/es\/wp-json\/wp\/v2\/posts\/226957","targetHints":{"allow":["GET"]}}],"collection":[{"href":"https:\/\/www.europesays.com\/es\/wp-json\/wp\/v2\/posts"}],"about":[{"href":"https:\/\/www.europesays.com\/es\/wp-json\/wp\/v2\/types\/post"}],"author":[{"embeddable":true,"href":"https:\/\/www.europesays.com\/es\/wp-json\/wp\/v2\/users\/2"}],"replies":[{"embeddable":true,"href":"https:\/\/www.europesays.com\/es\/wp-json\/wp\/v2\/comments?post=226957"}],"version-history":[{"count":0,"href":"https:\/\/www.europesays.com\/es\/wp-json\/wp\/v2\/posts\/226957\/revisions"}],"wp:featuredmedia":[{"embeddable":true,"href":"https:\/\/www.europesays.com\/es\/wp-json\/wp\/v2\/media\/226958"}],"wp:attachment":[{"href":"https:\/\/www.europesays.com\/es\/wp-json\/wp\/v2\/media?parent=226957"}],"wp:term":[{"taxonomy":"category","embeddable":true,"href":"https:\/\/www.europesays.com\/es\/wp-json\/wp\/v2\/categories?post=226957"},{"taxonomy":"post_tag","embeddable":true,"href":"https:\/\/www.europesays.com\/es\/wp-json\/wp\/v2\/tags?post=226957"}],"curies":[{"name":"wp","href":"https:\/\/api.w.org\/{rel}","templated":true}]}}