{"id":226990,"date":"2025-11-09T16:00:22","date_gmt":"2025-11-09T16:00:22","guid":{"rendered":"https:\/\/www.europesays.com\/es\/226990\/"},"modified":"2025-11-09T16:00:22","modified_gmt":"2025-11-09T16:00:22","slug":"pogacar-ni-siquiera-le-llega-a-los-talones-a-merckx","status":"publish","type":"post","link":"https:\/\/www.europesays.com\/es\/226990\/","title":{"rendered":"Pogacar ni siquiera le llega a los talones a Merckx"},"content":{"rendered":"\n<ul class=\"bodyList bodyList--unordered\">\n<li class=\"bodyList__item\"><a href=\"https:\/\/www.elconfidencial.com\/deportes\/ciclismo\/2025-11-02\/oier-lazkano-ciclista-suspension-dopaje-demostrar-inocencia_4240116\/\" target=\"_self\" rel=\"nofollow noopener\">Lazkano, ciclista, sobre su suspensi\u00f3n provisional por dopaje: \u00abDemostrar\u00e9 mi inocencia\u00bb<\/a><\/li>\n<li class=\"bodyList__item\"><a href=\"https:\/\/www.elconfidencial.com\/deportes\/ciclismo\/2025-10-25\/van-der-poel-pogacar-como-cuando-corria-merckx-puede-hacer-lo-que-quiera_4233406\/\" target=\"_self\" rel=\"nofollow noopener\">Van der Poel, campe\u00f3n del mundo, sobre Pogacar: \u00abEs como cuando corr\u00eda Merckx, en su terreno puede hacer lo que quiera\u00bb<\/a><\/li>\n<\/ul>\n<p> En el mundo del deporte siempre han existido las<strong> comparaciones entre las leyendas del pasado con las actuales<\/strong>, saliendo a relucir los intensos debates de qui\u00e9nes son mejores. Es un ejercicio realmente complejo debido a las diferentes \u00e9pocas, la modernizaci\u00f3n del equipamiento, la estricta preparaci\u00f3n que existe actualmente\u2026 <\/p>\n<p> Lo peor de todo es que no hay modo de demostrarlo <strong>al no poder juntarse, por edad, en un mismo escenario<\/strong>. Por ello, se suele usar la baza de comparar los t\u00edtulos. En el ciclismo, una gran mayor\u00eda ha defendido que <a href=\"https:\/\/www.elconfidencial.com\/deportes\/ciclismo\/2025-10-11\/pogacar-giro-lombardia-del-toro-evenepoel-roglic_4226601\/\" target=\"_self\" rel=\"nofollow noopener\">Eddy Merckx<\/a> era el mejor corredor de la historia, tanto por palmar\u00e9s como por dominio. <\/p>\n<p> En los \u00faltimos tiempos, colocan a <a href=\"https:\/\/www.elconfidencial.com\/deportes\/ciclismo\/2025-10-21\/ciclistas-hartan-pogacar-no-positivo-sea-tan-bueno-cansa-que-aplaste_4232419\/\" target=\"_self\" rel=\"nofollow noopener\">Tadej Pogacar a su nivel<\/a> o incluso por encima del ciclista belga. Sobre esta comparaci\u00f3n se ha pronunciado un ciclista que coincidi\u00f3 con el Can\u00edbal:<strong> Roger de Vlaeminck<\/strong>. <\/p>\n<p>              <img decoding=\"async\" class=\"inTextNews__img\" alt=\"Foto: pogacar-giro-lombardia-del-toro-evenepoel-roglic\" src=\"https:\/\/www.europesays.com\/es\/wp-content\/uploads\/2025\/11\/f.elconfidencial.com\/original\/95d\/6a6\/54a\/95d6a654a7226fab5814e6654d616dba.jpg\"  \/>     <\/p>\n<p>TE PUEDE INTERESAR<\/p>\n<p>      <a class=\"inTextNews__title\" href=\"https:\/\/www.elconfidencial.com\/deportes\/ciclismo\/2025-10-11\/pogacar-giro-lombardia-del-toro-evenepoel-roglic_4226601\/\" onclick=\"window.ECCO.emit(&#039;amplitude&#039;, { dataEventName: &#039;click_related_article_module&#039;, data: { related_article_url: &#039;https:\/\/www.elconfidencial.com\/deportes\/ciclismo\/2025-10-11\/pogacar-giro-lombardia-del-toro-evenepoel-roglic_4226601\/&#039;, related_article_author: &#039;Marcos Pereda&#039;, related_article_section: &#039;ciclismo&#039; } })\" rel=\"nofollow noopener\" target=\"_blank\"> Tadej Poga\u010dar gana Lombard\u00eda en una exhibici\u00f3n total e iguala a Merckx y Coppi <\/a>   <\/p>\n<p>    Marcos Pereda   <\/p>\n<p> El tambi\u00e9n<strong> corredor belga de 78 a\u00f1os,<\/strong> segundo corredor con m\u00e1s<strong> Monumentos de la historia<\/strong> (11), ha hablado de <strong>Tadej Pogacar, <\/strong><a href=\"https:\/\/www.elconfidencial.com\/deportes\/ciclismo\/2025-10-25\/van-der-poel-pogacar-como-cuando-corria-merckx-puede-hacer-lo-que-quiera_4233406\/\" target=\"_self\" rel=\"nofollow noopener\">Mathieu van der Poel<\/a> <strong>y Remco Evenepoel<\/strong> en una entrevista en Het Laatste Nieuws. <\/p>\n<p> Sobre el <a href=\"https:\/\/www.elconfidencial.com\/deportes\/ciclismo\/2025-10-11\/tadej-pogacar-cinco-veces-campeon-lombardia-mi-mejor-temporada-de-largo_4226614\/\" target=\"_self\" rel=\"nofollow noopener\">esloveno<\/a> y los que dicen que es el mejor de la historia dijo: \u00ab\u00a1Qu\u00e9 locura! <strong>\u00a1Pogacar ni siquiera le llega a los talones a <\/strong><a href=\"https:\/\/www.elconfidencial.com\/deportes\/ciclismo\/2025-06-22\/eddy-merckx-mejor-ciclista-historia-reta-pogacar-evenopoel-reto-de-la-hora_4156792\/\" target=\"_self\" rel=\"nofollow noopener\">Merckx<\/a><strong>! <\/strong>Los periodistas que se atreven a hacer esa comparaci\u00f3n no tienen ni idea, solo la escriben. <strong>Si tuviera 22 a\u00f1os hoy y rodara en el pelot\u00f3n con Pogacar, no se escapar\u00eda de m\u00ed<\/strong>. \u00bfD\u00f3nde fue hace poco, cuando se escap\u00f3 de Evenepoel? En Lombard\u00eda. Ni siquiera en una subida dif\u00edcil. Tan bueno como Merckx&#8230; \u00a1Venga ya!\u00bb. <\/p>\n<p> A <strong>van der Poel<\/strong> tambi\u00e9n le dio alg\u00fan palo: \u00ab<strong>Es un gran ciclista. Pero no sabe hacer contrarreloj, no sabe escalar, no sabe esprintar<\/strong>&#8230; \u00bfQu\u00e9 m\u00e1s se le puede pedir? Yo gan\u00e9 etapas de monta\u00f1a, contrarreloj, \u00a1y s\u00ed que sab\u00eda esprintar!\u00bb, declar\u00f3. <\/p>\n<p> <strong>De Vlaeminck<\/strong> tuvo palabras para <a href=\"https:\/\/www.elconfidencial.com\/deportes\/ciclismo\/2025-10-06\/evenepoel-advierte-pogacar-2026-voy-cambiar-equipo-es-su-problema_4222986\/\" target=\"_self\" rel=\"nofollow noopener\">Evenepoel<\/a>: \u00ab<strong>No es mi tipo. Es un buen ciclista<\/strong>, ya sabes. Un contrarrelojista magn\u00edfico. Pero, no s\u00e9&#8230; A veces me parece un poco <strong>arrogante<\/strong>. Cruzar la meta y levantar la bici en alto&#8230; \u00bfEs necesario? <strong>Solo hay que cruzar la meta y ganar<\/strong>, \u00bfno? En mis tiempos, yo simplemente levantaba la mano\u00bb. <\/p>\n<p> El excorredor belga se acord\u00f3 de su rivalidad con Merckx. <strong>\u00abAdmito que Merckx pod\u00eda desconcentrarme<\/strong>. Pero era una presi\u00f3n sana. Eddy sacaba lo mejor de m\u00ed. No le ten\u00eda miedo. Una vez, Eddy se me acerc\u00f3 y me pregunt\u00f3: &#8216;\u00bfTe gustar\u00eda correr para mi equipo?&#8217;. Le respond\u00ed: <strong>&#8216;No quiero correr contigo, sino contra ti. No quiero ser tu compa\u00f1ero de equipo, sino tu rival&#8217;<\/strong>. \u00bfTe imaginas que le dijera algo as\u00ed al gran Merckx?\u00bb, revel\u00f3 <strong>De Vlaeminck.<\/strong> <\/p>\n","protected":false},"excerpt":{"rendered":"Lazkano, ciclista, sobre su suspensi\u00f3n provisional por dopaje: \u00abDemostrar\u00e9 mi inocencia\u00bb Van der Poel, campe\u00f3n del mundo, sobre&hellip;\n","protected":false},"author":2,"featured_media":226991,"comment_status":"","ping_status":"","sticky":false,"template":"","format":"standard","meta":{"footnotes":""},"categories":[273],"tags":[313,312,168,25,24,23,167],"class_list":{"0":"post-226990","1":"post","2":"type-post","3":"status-publish","4":"format-standard","5":"has-post-thumbnail","7":"category-ciclismo","8":"tag-ciclismo","9":"tag-cycling","10":"tag-deportes","11":"tag-es","12":"tag-espana","13":"tag-spain","14":"tag-sports"},"share_on_mastodon":{"url":"https:\/\/pubeurope.com\/@es\/115520577638294600","error":""},"_links":{"self":[{"href":"https:\/\/www.europesays.com\/es\/wp-json\/wp\/v2\/posts\/226990","targetHints":{"allow":["GET"]}}],"collection":[{"href":"https:\/\/www.europesays.com\/es\/wp-json\/wp\/v2\/posts"}],"about":[{"href":"https:\/\/www.europesays.com\/es\/wp-json\/wp\/v2\/types\/post"}],"author":[{"embeddable":true,"href":"https:\/\/www.europesays.com\/es\/wp-json\/wp\/v2\/users\/2"}],"replies":[{"embeddable":true,"href":"https:\/\/www.europesays.com\/es\/wp-json\/wp\/v2\/comments?post=226990"}],"version-history":[{"count":0,"href":"https:\/\/www.europesays.com\/es\/wp-json\/wp\/v2\/posts\/226990\/revisions"}],"wp:featuredmedia":[{"embeddable":true,"href":"https:\/\/www.europesays.com\/es\/wp-json\/wp\/v2\/media\/226991"}],"wp:attachment":[{"href":"https:\/\/www.europesays.com\/es\/wp-json\/wp\/v2\/media?parent=226990"}],"wp:term":[{"taxonomy":"category","embeddable":true,"href":"https:\/\/www.europesays.com\/es\/wp-json\/wp\/v2\/categories?post=226990"},{"taxonomy":"post_tag","embeddable":true,"href":"https:\/\/www.europesays.com\/es\/wp-json\/wp\/v2\/tags?post=226990"}],"curies":[{"name":"wp","href":"https:\/\/api.w.org\/{rel}","templated":true}]}}