{"id":226996,"date":"2025-11-09T16:04:10","date_gmt":"2025-11-09T16:04:10","guid":{"rendered":"https:\/\/www.europesays.com\/es\/226996\/"},"modified":"2025-11-09T16:04:10","modified_gmt":"2025-11-09T16:04:10","slug":"las-primeras-y-emocionantes-palabras-de-luis-enriquez-prometido-de-susanna-griso-mientras-ella-recibe-la-antena-de-oro","status":"publish","type":"post","link":"https:\/\/www.europesays.com\/es\/226996\/","title":{"rendered":"Las primeras y emocionantes palabras de Luis Enr\u00edquez, prometido de Susanna Griso, mientras ella recibe la Antena de Oro"},"content":{"rendered":"<p id=\"eWWvUN4Upi\" data-wc=\"137\">Susanna Griso fue una de las grandes protagonistas de los Premios Antena de Oro 2025. Con una sonrisa que lo dec\u00eda todo, la periodista subi\u00f3 al escenario para agradecer un reconocimiento que llega en uno de los momentos m\u00e1s dulces de su vida. Acompa\u00f1ada por su prometido, Luis Enr\u00edquez Nistal, mostr\u00f3 su complicidad y felicidad. La presentadora, que celebr\u00f3 adem\u00e1s sus veinte a\u00f1os en televisi\u00f3n, pronunci\u00f3 un discurso lleno de gratitud y ternura. Adem\u00e1s, su prometido no pudo ocultar su orgullo y pronunci\u00f3 sus primeras palabras ante las c\u00e1maras. Con planes de boda en la Costa Brava para 2026, Griso vive una etapa de plenitud personal y profesional tras una historia de amor que comenz\u00f3 hace apenas ocho meses, pero con dos d\u00e9cadas de amistad detr\u00e1s. <strong>\u00a1No te pierdas el v\u00eddeo y descubre sus palabras m\u00e1s emotivas!<br \/><\/strong><\/p>\n","protected":false},"excerpt":{"rendered":"Susanna Griso fue una de las grandes protagonistas de los Premios Antena de Oro 2025. Con una sonrisa&hellip;\n","protected":false},"author":2,"featured_media":226997,"comment_status":"","ping_status":"","sticky":false,"template":"","format":"standard","meta":{"footnotes":""},"categories":[174],"tags":[517,255,146,147,25,24,256,23,30447],"class_list":{"0":"post-226996","1":"post","2":"type-post","3":"status-publish","4":"format-standard","5":"has-post-thumbnail","7":"category-famosos","8":"tag-actualidad","9":"tag-celebrities","10":"tag-entertainment","11":"tag-entretenimiento","12":"tag-es","13":"tag-espana","14":"tag-famosos","15":"tag-spain","16":"tag-susanna-griso"},"share_on_mastodon":{"url":"https:\/\/pubeurope.com\/@es\/115520593253622796","error":""},"_links":{"self":[{"href":"https:\/\/www.europesays.com\/es\/wp-json\/wp\/v2\/posts\/226996","targetHints":{"allow":["GET"]}}],"collection":[{"href":"https:\/\/www.europesays.com\/es\/wp-json\/wp\/v2\/posts"}],"about":[{"href":"https:\/\/www.europesays.com\/es\/wp-json\/wp\/v2\/types\/post"}],"author":[{"embeddable":true,"href":"https:\/\/www.europesays.com\/es\/wp-json\/wp\/v2\/users\/2"}],"replies":[{"embeddable":true,"href":"https:\/\/www.europesays.com\/es\/wp-json\/wp\/v2\/comments?post=226996"}],"version-history":[{"count":0,"href":"https:\/\/www.europesays.com\/es\/wp-json\/wp\/v2\/posts\/226996\/revisions"}],"wp:featuredmedia":[{"embeddable":true,"href":"https:\/\/www.europesays.com\/es\/wp-json\/wp\/v2\/media\/226997"}],"wp:attachment":[{"href":"https:\/\/www.europesays.com\/es\/wp-json\/wp\/v2\/media?parent=226996"}],"wp:term":[{"taxonomy":"category","embeddable":true,"href":"https:\/\/www.europesays.com\/es\/wp-json\/wp\/v2\/categories?post=226996"},{"taxonomy":"post_tag","embeddable":true,"href":"https:\/\/www.europesays.com\/es\/wp-json\/wp\/v2\/tags?post=226996"}],"curies":[{"name":"wp","href":"https:\/\/api.w.org\/{rel}","templated":true}]}}