{"id":227021,"date":"2025-11-09T16:21:13","date_gmt":"2025-11-09T16:21:13","guid":{"rendered":"https:\/\/www.europesays.com\/es\/227021\/"},"modified":"2025-11-09T16:21:13","modified_gmt":"2025-11-09T16:21:13","slug":"alejandro-madariaga-y-emilio-gonzalez-pasan-el-corte-en-el-pga-tour-de-los-cabos","status":"publish","type":"post","link":"https:\/\/www.europesays.com\/es\/227021\/","title":{"rendered":"Alejandro Madariaga y Emilio Gonz\u00e1lez pasan el corte en el PGA Tour de Los Cabos"},"content":{"rendered":"<blockquote class=\"wp-block-quote is-layout-flow wp-block-quote-is-layout-flow\">\n<p class=\"has-medium-font-size\">Los mexicanos avanzan al fin de semana del PGA Tour en Los Cabos tras una ronda intensa y llena de emoci\u00f3n<\/p>\n<\/blockquote>\n<p>El <strong>World Wide Technology Championship<\/strong> en <strong>Los Cabos<\/strong> contin\u00faa mostrando un alto nivel competitivo y grandes historias en su segunda jornada. Este viernes, el campo <strong>El Cardonal de Diamante<\/strong>, dise\u00f1ado por Tiger Woods, fue testigo de una intensa pelea por mantenerse dentro del corte, donde dos nombres mexicanos lograron destacar: <strong>Alejandro Madariaga<\/strong> y <strong>Emilio Gonz\u00e1lez<\/strong>.<\/p>\n<p>Mientras el alem\u00e1n <strong>Matti Schmid<\/strong> se adue\u00f1\u00f3 del liderato con una espectacular ronda de <strong>63 golpes (-9)<\/strong> que lo llev\u00f3 a <strong>-17 en total<\/strong>, y jugadores como <strong>Nick Dunlap<\/strong> y <strong>Sami Valimaki<\/strong> se mantuvieron al acecho con <strong>-16<\/strong>, los ojos del p\u00fablico local se centraron en los representantes nacionales, que consiguieron superar una exigente l\u00ednea de clasificaci\u00f3n establecida en <strong>-5<\/strong>.<\/p>\n<p>Una batalla mental: el recorrido de Alejandro Madariaga<\/p>\n<p>La segunda jornada no fue sencilla para el tapat\u00edo <strong>Alejandro Madariaga<\/strong>, quien vivi\u00f3 momentos de presi\u00f3n, emoci\u00f3n y alivio al final del d\u00eda. Su desempe\u00f1o le permiti\u00f3 cerrar en <strong>-5<\/strong>, cifra que lo mantuvo justo en el l\u00edmite del corte y <strong><a href=\"https:\/\/www.clarosports.com\/golf\/emilio-gil-y-alejandro-madariaga-ven-el-world-wide-techonology-championship-como-gran-oportunidad\/\" target=\"_blank\" rel=\"noreferrer noopener nofollow\">le asegur\u00f3 su permanencia durante el fin de semana<\/a><\/strong>.<\/p>\n<p>Al t\u00e9rmino de su ronda, Madariaga comparti\u00f3 con El Golf es Claro sus impresiones sobre un d\u00eda lleno de tensi\u00f3n y resiliencia. \u201cH\u00edjole, la verdad es que <strong>fue una ronda muy estresante. <\/strong>La verdad es que la disfrut\u00e9 mucho,<strong> <\/strong>me di much\u00edsimas oportunidades, pero ya que llegaba la l\u00ednea en corte, hasta la superaba, de repente<strong> hab\u00eda un mal swing que ten\u00eda que corregir y as<\/strong>\u00ed. Entonces, pues bueno, ya cuando met\u00ed la del nueve y supe que estaba dentro, la verdad, much\u00edsima emoci\u00f3n con tanta gente que me vino a ver\u201d.<\/p>\n<p>La emoci\u00f3n del mexicano fue evidente, no solo por el resultado, sino por <strong>la manera en que manej\u00f3 la presi\u00f3n de jugar en casa <\/strong>y ante el p\u00fablico local. \u201cS\u00ed, la verdad<strong> estoy muy orgulloso de como me manej\u00e9 estos primeros dos d\u00edas<\/strong>. Ahora ya se cumpli\u00f3 el objetivo de pasar el corte y ahora pues hacer las menos posibles el fin de semana y escalar la mayor cantidad de de lugares\u201d.<\/p>\n<p>Madariaga se convirti\u00f3 as\u00ed en uno de los protagonistas nacionales del d\u00eda. Su temple en los \u00faltimos hoyos le permiti\u00f3 conservar la calma en momentos donde un solo golpe pod\u00eda cambiarlo todo. Su clasificaci\u00f3n es resultado de consistencia y concentraci\u00f3n, factores esenciales en un campo que castiga los errores y exige precisi\u00f3n en cada aproximaci\u00f3n.<\/p>\n<p><img fetchpriority=\"high\" decoding=\"async\" width=\"1024\" height=\"576\" src=\"https:\/\/www.europesays.com\/es\/wp-content\/uploads\/2025\/11\/alejandro-madariaga-y-emilio-gonzalez-pasan-el-corte-en-el-pga-tour-de-los-cabos-235552-1024x576.jpg\" alt=\"Madariaga y Gonz\u00e1lez pasan el corte en el PGA Tour de Los Cabos\" class=\"wp-image-1117706\"  \/>Los representantes nacionales mejor posicionados | Claro Sports<\/p>\n<p>Emilio Gonz\u00e1lez: un cierre con temple y precisi\u00f3n<\/p>\n<p>El guanajuatense <strong>Emilio Gonz\u00e1lez<\/strong> tambi\u00e9n fue parte de la jornada destacada para el golf mexicano. Con una segunda ronda de <strong>69 golpes (-3)<\/strong>, Gonz\u00e1lez lleg\u00f3 a un acumulado de <strong>-9<\/strong>, <strong><a href=\"https:\/\/www.clarosports.com\/golf\/emilio-gonzalez-el-mejor-latinoamericano-tras-primera-ronda-del-pga-tour-los-cabos\/\" target=\"_blank\" rel=\"noreferrer noopener nofollow\">ubic\u00e1ndose en el grupo T25 al finalizar el d\u00eda.<\/a><\/strong><\/p>\n<p>Tras su participaci\u00f3n, el mexicano comparti\u00f3 con El Golf es Claro c\u00f3mo vivi\u00f3 una ronda en la que la paciencia y el control emocional fueron determinantes. \u201c<strong>El d\u00eda arranc\u00f3 un poquito lento<\/strong>,  ah\u00ed d\u00e1ndome un par de chances, pero fall\u00e9 un par de greens con tiros no muy buenos. Pero<strong> me mantuve muy paciente, lo cual ayud\u00f3 mucho y se calent\u00f3 el putt a la mitad de la ronda<\/strong> y acab\u00f3 siendo un d\u00eda bastante s\u00f3lido tambi\u00e9n\u201d.<\/p>\n<p>Gonz\u00e1lez destac\u00f3 la importancia de su desempe\u00f1o en los par 5, donde pudo capitalizar oportunidades para acercarse a los l\u00edderes. \u201cS\u00ed, bastante bueno. He jugado bastante bien,<strong> los pares cinco se pegan muy buenos tiros de salida que son clave para darte oportunidad<\/strong>. Eh, tambi\u00e9n muy buenos segundos tiros y hoy en el 18 ah\u00ed me rob\u00e9 una, met\u00ed un putt ah\u00ed como de 10m que al final de cuentas este fue especial tambi\u00e9n\u201d.<\/p>\n<p>El golfista mexicano tambi\u00e9n explic\u00f3 su enfoque para lo que resta del torneo, priorizando el equilibrio mental y el goce del momento. \u201cS\u00ed, un poco lo mismo, seguir d\u00e1ndome oportunidades, <strong>dejar que el putt este tenga oportunidades y se caliente solito<\/strong>. y seguir disfrutando\u2026 Muy contento, es muy especial tenerlos aqu\u00ed y disfrutar de aqu\u00ed de Los Cabos. Este lugar es espectacular.\u201d<\/p>\n<p>PGA Tour Los Cabos: un campo retador y una clasificaci\u00f3n apretada<\/p>\n<p>El <strong>campo de El Cardonal<\/strong> demostr\u00f3 ser un verdadero examen para los competidores, combinando viento, greens veloces y zonas donde los errores se pagan con dureza. Solo <strong>los jugadores con -5 o mejor<\/strong> lograron mantenerse en competencia para el fin de semana, entre ellos Madariaga y Gonz\u00e1lez, quienes mostraron constancia en sus salidas y serenidad en momentos de presi\u00f3n.<\/p>\n<p>Los l\u00edderes, encabezados por <strong>Schmid (-17)<\/strong>, <strong>Dunlap (-16)<\/strong> y <strong>Valimaki (-16)<\/strong>, ofrecieron un espect\u00e1culo ofensivo en la parte alta, mientras que otros nombres como <strong>Chad Ramey (-15)<\/strong>, <strong>Ben Griffin (-14)<\/strong> y <strong>Victor Perez (-14)<\/strong> siguen al acecho en el top 10.<\/p>\n<p>M\u00e1s atr\u00e1s, con <strong>-9<\/strong>, Gonz\u00e1lez se mantiene en un grupo competitivo junto a figuras como <strong>Doug Ghim<\/strong>, <strong>Matthieu Pavon<\/strong> y <strong>Michael Thorbjornsen<\/strong>, lo que deja abierta la posibilidad de un salto importante en la tabla durante el fin de semana.<\/p>\n<p>Te puede interesar<\/p>\n","protected":false},"excerpt":{"rendered":"Los mexicanos avanzan al fin de semana del PGA Tour en Los Cabos tras una ronda intensa y&hellip;\n","protected":false},"author":2,"featured_media":227022,"comment_status":"","ping_status":"","sticky":false,"template":"","format":"standard","meta":{"footnotes":""},"categories":[275],"tags":[168,25,24,329,23,167,2338],"class_list":{"0":"post-227021","1":"post","2":"type-post","3":"status-publish","4":"format-standard","5":"has-post-thumbnail","7":"category-golf","8":"tag-deportes","9":"tag-es","10":"tag-espana","11":"tag-golf","12":"tag-spain","13":"tag-sports","14":"tag-video"},"share_on_mastodon":{"url":"https:\/\/pubeurope.com\/@es\/115520660205508097","error":""},"_links":{"self":[{"href":"https:\/\/www.europesays.com\/es\/wp-json\/wp\/v2\/posts\/227021","targetHints":{"allow":["GET"]}}],"collection":[{"href":"https:\/\/www.europesays.com\/es\/wp-json\/wp\/v2\/posts"}],"about":[{"href":"https:\/\/www.europesays.com\/es\/wp-json\/wp\/v2\/types\/post"}],"author":[{"embeddable":true,"href":"https:\/\/www.europesays.com\/es\/wp-json\/wp\/v2\/users\/2"}],"replies":[{"embeddable":true,"href":"https:\/\/www.europesays.com\/es\/wp-json\/wp\/v2\/comments?post=227021"}],"version-history":[{"count":0,"href":"https:\/\/www.europesays.com\/es\/wp-json\/wp\/v2\/posts\/227021\/revisions"}],"wp:featuredmedia":[{"embeddable":true,"href":"https:\/\/www.europesays.com\/es\/wp-json\/wp\/v2\/media\/227022"}],"wp:attachment":[{"href":"https:\/\/www.europesays.com\/es\/wp-json\/wp\/v2\/media?parent=227021"}],"wp:term":[{"taxonomy":"category","embeddable":true,"href":"https:\/\/www.europesays.com\/es\/wp-json\/wp\/v2\/categories?post=227021"},{"taxonomy":"post_tag","embeddable":true,"href":"https:\/\/www.europesays.com\/es\/wp-json\/wp\/v2\/tags?post=227021"}],"curies":[{"name":"wp","href":"https:\/\/api.w.org\/{rel}","templated":true}]}}