{"id":227050,"date":"2025-11-09T16:39:09","date_gmt":"2025-11-09T16:39:09","guid":{"rendered":"https:\/\/www.europesays.com\/es\/227050\/"},"modified":"2025-11-09T16:39:09","modified_gmt":"2025-11-09T16:39:09","slug":"publican-la-guia-definitiva-para-controlar-su-avance-en-toda-espana","status":"publish","type":"post","link":"https:\/\/www.europesays.com\/es\/227050\/","title":{"rendered":"publican la gu\u00eda definitiva para controlar su avance en toda Espa\u00f1a"},"content":{"rendered":"<p class=\"c-paragraph\">La avispa velutina, conocida como avispa asi\u00e1tica, se ha convertido en una de las <a href=\"https:\/\/www.20minutos.es\/galicia\/avispa-asiatica-especie-invasora-mortal-que-extiende-su-peligro-espana-gracias-cambio-climatico-colonizan-nuevas-zonas_6662305_0.html\" title=\"Avispa asi\u00e1tica, la especie invasora y mortal que extiende su peligro en Espa\u00f1a gracias al cambio clim\u00e1tico: &quot;Colonizan nuevas zonas&quot;\" rel=\"nofollow noopener\" target=\"_blank\"><b>principales amenazas para la apicultura y la biodiversidad en Espa\u00f1a.<\/b><\/a> Desde su llegada hace m\u00e1s de una d\u00e9cada, su r\u00e1pida expansi\u00f3n ha provocado<b> importantes p\u00e9rdidas en colmenas, afectando la producci\u00f3n de miel y la polinizaci\u00f3n de cultivos.<\/b> Adem\u00e1s, su presencia representa un riesgo para la salud humana debido a sus picaduras y genera costes elevados en labores de control.\u00a0<\/p>\n<p class=\"c-paragraph\">Eliminar nidos primarios, instalar arpas el\u00e9ctricas, propiciar la intervenci\u00f3n de personal capacitado y fomentar la colaboraci\u00f3n ciudadana son algunas de las propuestas que integran una<a href=\"https:\/\/www.anecpla.com\/documentos\/AFwebOK_Guia%20VESPA%20VELUTINA_v7.pdf\" target=\"_blank\" rel=\"nofollow noreferrer noopener\"> <b>gu\u00eda de alcance nacional elaborada por la Asociaci\u00f3n Nacional de Empresas de Sanidad Ambiental (ANECPLA) <\/b><\/a>para controlar la expansi\u00f3n de la avispa velutina en Espa\u00f1a.<\/p>\n<p class=\"c-paragraph\">\u00abSi aplicamos bien esta gu\u00eda, los beneficios ser\u00e1n claros\u00bb, ha garantizado la t\u00e9cnica de ANECPLA Bel\u00e9n Rodr\u00edguez, que incluye entre ellos una reducci\u00f3n de las p\u00e9rdidas ap\u00edcolas, una mayor protecci\u00f3n de la biodiversidad, un ahorro econ\u00f3mico en labores de control, la <b>mejora de la coordinaci\u00f3n nacional y mayor concienciaci\u00f3n ciudadana.<\/b><\/p>\n<p>Un insecto peligroso<\/p>\n<p class=\"c-paragraph\">Espa\u00f1a<b> gasta 2,5 millones de euros al a\u00f1o en controlar la avispa velutina,<\/b> dice Rodr\u00edguez, lo que evidencia \u00abel impacto directo sobre los sectores productivos o comunidades locales\u00bb, as\u00ed como \u00abuna amenaza creciente\u00bb para los ecosistemas, teniendo en cuenta que \u00abno es s\u00f3lo un problema ecol\u00f3gico, sino que afecta a la salud p\u00fablica\u00bb.<\/p>\n<p class=\"c-paragraph\">Esta especie ex\u00f3tica invasora de origen asi\u00e1tico ha causado la muerte de tres personas en Galicia en s\u00f3lo dos semanas durante el mes de octubre: todas fueron atacadas, aparentemente, tras pisar un nido mientras se encontraban en el bosque.<\/p>\n<p class=\"c-paragraph\">\u00abLo que hemos visto en<a href=\"https:\/\/www.20minutos.es\/galicia\/lugo\/muere-hombre-anos-lugo-picado-avispas-asiaticas_6660693_0.html\" title=\"Muere un hombre de 55 a\u00f1os en Lugo tras ser picado por avispas asi\u00e1ticas\" rel=\"nofollow noopener\" target=\"_blank\"> <b>Galicia con estos tres fallecidos es un peligro latente para todos\u00bb<\/b><\/a> porque es una especie \u00abmuy adaptable\u00bb y ello ha permitido su despliegue por sucesivas comunidades aut\u00f3nomas, ha indicado a EFE el presidente de ANECPLA, Sergio Monge.<\/p>\n<p class=\"c-paragraph\">Desde 2010 la avispa velutina se ha extendido por distintas regiones espa\u00f1olas, en especial en la<b> cornisa cant\u00e1brica, y ha ido avanzando hacia otros territorios <\/b>utilizando en su beneficio los medios de transporte, en los que se cuelan inadvertidamente.<\/p>\n<p class=\"c-paragraph\">En la actualidad, esta especie invasora est\u00e1 presente de forma permanente en Galicia, Pa\u00eds Vasco, Asturias, Cantabria, Catalu\u00f1a, Navarra, La Rioja y Baleares, pero tambi\u00e9n se la encuentra espor\u00e1dicamente en zonas de Castilla y Le\u00f3n, Arag\u00f3n y Comunidad Valenciana, apuntan desde esta organizaci\u00f3n.<\/p>\n<p class=\"c-paragraph\">\u00abEs cuesti\u00f3n de tiempo que llegue a otras zonas de Espa\u00f1a\u00bb con independencia de que se trate de zonas rurales o urbanas, advierte Rodr\u00edguez y, en ese sentido, a\u00f1ade que \u00abno se puede decir que a Madrid no va a llegar nunca, porque es probable que s\u00ed\u00bb.<\/p>\n<p class=\"c-paragraph\">La t\u00e9cnica ha explicado que \u00abhay muchas malas pr\u00e1cticas\u00bb que favorecen su expansi\u00f3n, como las<b> quemas incontroladas de nidos con fuego<\/b>, que provocan un impacto negativo en la salud humana y el desplazamiento de otras especies como la abeja mel\u00edfera.<\/p>\n<p class=\"c-paragraph\">La gu\u00eda brinda informaci\u00f3n para que las personas sepan c\u00f3mo actuar y acudan a los organismos responsables para comunicar la presencia de la avispa, de manera que sea el personal capacitado el que se encargue de su control.<\/p>\n<p class=\"c-paragraph\">\u00abEl cambio clim\u00e1tico est\u00e1 haciendo que haya primaveras muy tempranas y oto\u00f1os muy tard\u00edos, y est\u00e1s avispas se sienten c\u00f3modas porque lo que est\u00e1 ocurriendo es una &#8216;tropicalizaci\u00f3n&#8217; del norte de Espa\u00f1a\u00bb que beneficia su ciclo reproductivo, ha indicado Monge.<\/p>\n<p class=\"c-paragraph\">\u00abLas especies ex\u00f3ticas invasoras son una de las principales causantes de p\u00e9rdida de biodiversidad en el mundo\u00bb en general y en Espa\u00f1a en particular, enfatiza Monge, por lo que es importante \u00abhacer una gesti\u00f3n integrada\u00bb coordinada con todos los actores que pueden ayudar a erradicarlas o, al menos, controlarlas.<\/p>\n","protected":false},"excerpt":{"rendered":"La avispa velutina, conocida como avispa asi\u00e1tica, se ha convertido en una de las principales amenazas para la&hellip;\n","protected":false},"author":2,"featured_media":227051,"comment_status":"","ping_status":"","sticky":false,"template":"","format":"standard","meta":{"footnotes":""},"categories":[8],"tags":[10173,13365,17,18,25,24,13,14,11,19,20,9,10,15,16,166,3215,23,12,21,22,55579],"class_list":{"0":"post-227050","1":"post","2":"type-post","3":"status-publish","4":"format-standard","5":"has-post-thumbnail","7":"category-espana","8":"tag-asiatica","9":"tag-avispa","10":"tag-breaking-news","11":"tag-breakingnews","12":"tag-es","13":"tag-espana","14":"tag-featured-news","15":"tag-featurednews","16":"tag-headlines","17":"tag-latest-news","18":"tag-latestnews","19":"tag-news","20":"tag-noticias","21":"tag-noticias-destacadas","22":"tag-noticiasdestacadas","23":"tag-salud","24":"tag-seo20","25":"tag-spain","26":"tag-titulares","27":"tag-ultimas-noticias","28":"tag-ultimasnoticias","29":"tag-velutina"},"share_on_mastodon":{"url":"https:\/\/pubeurope.com\/@es\/115520730789370132","error":""},"_links":{"self":[{"href":"https:\/\/www.europesays.com\/es\/wp-json\/wp\/v2\/posts\/227050","targetHints":{"allow":["GET"]}}],"collection":[{"href":"https:\/\/www.europesays.com\/es\/wp-json\/wp\/v2\/posts"}],"about":[{"href":"https:\/\/www.europesays.com\/es\/wp-json\/wp\/v2\/types\/post"}],"author":[{"embeddable":true,"href":"https:\/\/www.europesays.com\/es\/wp-json\/wp\/v2\/users\/2"}],"replies":[{"embeddable":true,"href":"https:\/\/www.europesays.com\/es\/wp-json\/wp\/v2\/comments?post=227050"}],"version-history":[{"count":0,"href":"https:\/\/www.europesays.com\/es\/wp-json\/wp\/v2\/posts\/227050\/revisions"}],"wp:featuredmedia":[{"embeddable":true,"href":"https:\/\/www.europesays.com\/es\/wp-json\/wp\/v2\/media\/227051"}],"wp:attachment":[{"href":"https:\/\/www.europesays.com\/es\/wp-json\/wp\/v2\/media?parent=227050"}],"wp:term":[{"taxonomy":"category","embeddable":true,"href":"https:\/\/www.europesays.com\/es\/wp-json\/wp\/v2\/categories?post=227050"},{"taxonomy":"post_tag","embeddable":true,"href":"https:\/\/www.europesays.com\/es\/wp-json\/wp\/v2\/tags?post=227050"}],"curies":[{"name":"wp","href":"https:\/\/api.w.org\/{rel}","templated":true}]}}