{"id":227105,"date":"2025-11-09T17:21:10","date_gmt":"2025-11-09T17:21:10","guid":{"rendered":"https:\/\/www.europesays.com\/es\/227105\/"},"modified":"2025-11-09T17:21:10","modified_gmt":"2025-11-09T17:21:10","slug":"mucha-creatividad-e-imaginacion-para-cerrar-el-taller-el-dibujo-a-traves-del-comic","status":"publish","type":"post","link":"https:\/\/www.europesays.com\/es\/227105\/","title":{"rendered":"Mucha creatividad e imaginaci\u00f3n para cerrar el taller \u201cEl dibujo a trav\u00e9s del c\u00f3mic\u201d"},"content":{"rendered":"<p>Cada uno de los participantes en el taller \u201cEl dibujo a trav\u00e9s del c\u00f3mic\u201d ha creado sus propios personajes e historietas que han volcado en un c\u00f3mic durante las dos jornadas, s\u00e1bado y domingo, en las que se ha desarrollado la actividad en el Centro de Arte Contempor\u00e1neo.<\/p>\n<p>El estudio de arte gaditano Teskiy\u00e1 Studio ha sido el encargado de impartir el taller, un curso intensivo de dibujo, con el objetivo de acercar a los j\u00f3venes participantes, de entre 8 y 14 a\u00f1os, a la creaci\u00f3n de personajes e historietas, durante las jornadas de este s\u00e1bado y domingo.<\/p>\n<p>Este curso ha contado con la organizaci\u00f3n de las delegaciones de Cultura y Juventud, dirigidos por Ana Ruiz y David Ramos, respectivamente. El taller forma parte de la programaci\u00f3n que la Fundaci\u00f3n Provincial de Cultura lleva a distintos municipios de toda la provincia de C\u00e1diz.<\/p>\n<p>Tras finalizar el taller se ha montado una exposici\u00f3n de los trabajos realizados para mostrarselos a los padres, algunos alumnos han explicado sus historietas y, posteriormente, se han entregado los diplomas acreditativos de la participaci\u00f3n en el taller.<\/p>\n<p>El taller \u201cEl dibujo a trav\u00e9s del c\u00f3mic\u201d est\u00e1 encabezado por el dibujante gaditano El Flores, quien encabeza Teskiy\u00e1 Studio, que ha destacado que durante el taller se intenta conectar con los ni\u00f1os, ha sido una experiencia muy productiva, no s\u00f3lo para los ni\u00f1os si no para mi tambi\u00e9n ya que me he encontrado con gente muy joven que dibujan, que crean historias y eso llena mucho.<\/p>\n<p>\u201cHa sido muy especial impartir este taller en el Centro de Arte Contempor\u00e1neo de San Roque que acoge una exposici\u00f3n de Carlos Pacheco, que era para mi un referente, adem\u00e1s de un amigo, ha sido muy especial\u201d ha se\u00f1alado Flores.<\/p>\n<p>Nominado varias veces a mejor webc\u00f3mic nacional y joven futuro del c\u00f3mic en el sal\u00f3n del c\u00f3mic de Valencia, el estilo de dibujo de Flores refleja situaciones cotidianas de una forma animada y \u201cmuy freak\u201d.<\/p>\n","protected":false},"excerpt":{"rendered":"Cada uno de los participantes en el taller \u201cEl dibujo a trav\u00e9s del c\u00f3mic\u201d ha creado sus propios&hellip;\n","protected":false},"author":2,"featured_media":227106,"comment_status":"","ping_status":"","sticky":false,"template":"","format":"standard","meta":{"footnotes":""},"categories":[91],"tags":[1250,2193,2191,146,147,25,24,2190,2186,2189,2185,2187,23,2192,2188],"class_list":{"0":"post-227105","1":"post","2":"type-post","3":"status-publish","4":"format-standard","5":"has-post-thumbnail","7":"category-entretenimiento","8":"tag-ayuntamiento","9":"tag-cadiz","10":"tag-campamento","11":"tag-entertainment","12":"tag-entretenimiento","13":"tag-es","14":"tag-espana","15":"tag-guadiaro","16":"tag-roque","17":"tag-san-enrique","18":"tag-san-roque","19":"tag-soto-grande","20":"tag-spain","21":"tag-taraguilla","22":"tag-torreguadiaro"},"share_on_mastodon":{"url":"https:\/\/pubeurope.com\/@es\/115520896191268717","error":""},"_links":{"self":[{"href":"https:\/\/www.europesays.com\/es\/wp-json\/wp\/v2\/posts\/227105","targetHints":{"allow":["GET"]}}],"collection":[{"href":"https:\/\/www.europesays.com\/es\/wp-json\/wp\/v2\/posts"}],"about":[{"href":"https:\/\/www.europesays.com\/es\/wp-json\/wp\/v2\/types\/post"}],"author":[{"embeddable":true,"href":"https:\/\/www.europesays.com\/es\/wp-json\/wp\/v2\/users\/2"}],"replies":[{"embeddable":true,"href":"https:\/\/www.europesays.com\/es\/wp-json\/wp\/v2\/comments?post=227105"}],"version-history":[{"count":0,"href":"https:\/\/www.europesays.com\/es\/wp-json\/wp\/v2\/posts\/227105\/revisions"}],"wp:featuredmedia":[{"embeddable":true,"href":"https:\/\/www.europesays.com\/es\/wp-json\/wp\/v2\/media\/227106"}],"wp:attachment":[{"href":"https:\/\/www.europesays.com\/es\/wp-json\/wp\/v2\/media?parent=227105"}],"wp:term":[{"taxonomy":"category","embeddable":true,"href":"https:\/\/www.europesays.com\/es\/wp-json\/wp\/v2\/categories?post=227105"},{"taxonomy":"post_tag","embeddable":true,"href":"https:\/\/www.europesays.com\/es\/wp-json\/wp\/v2\/tags?post=227105"}],"curies":[{"name":"wp","href":"https:\/\/api.w.org\/{rel}","templated":true}]}}