{"id":227121,"date":"2025-11-09T17:36:08","date_gmt":"2025-11-09T17:36:08","guid":{"rendered":"https:\/\/www.europesays.com\/es\/227121\/"},"modified":"2025-11-09T17:36:08","modified_gmt":"2025-11-09T17:36:08","slug":"penarroya-situacion-limite-en-el-barca-entenderia-que-se-cambiara-de-entrenador-el-mundo","status":"publish","type":"post","link":"https:\/\/www.europesays.com\/es\/227121\/","title":{"rendered":"Pe\u00f1arroya, situaci\u00f3n l\u00edmite en el Bar\u00e7a: &quot;Entender\u00eda que se cambiara de entrenador&quot; &#8211; El Mundo"},"content":{"rendered":"<ol>\n<li><a href=\"https:\/\/news.google.com\/rss\/articles\/CBMimwFBVV95cUxPamI3eWUtNk1mSjc2NTRqR05keVVTQ1VVTkJMT25oNjlUajZlZDFKZU9feVQ3ZnZoMm5Fa1BQOVF3R1lkcE9temJ2Vl9VTFVwZzAxZFctMTNIT21xOE9HLU1rbkR3c3pXdlZzTnNUcVRRNU5vRGJIdlQxdG45UHBrWVo1TG0xSnlZVU9BaE1sV3paeEotU2dQQzZJa9IBmwFBVV95cUxOWnNuMnAxSFVKUWxHcm8yQVdpaUFDOGZpbkxrOVZSWTliOTJoV29KaDVGeHlDUkwtRTJCbTdzM2JkeHppOW5HbWVwSmo0OFMwZVZjUmtmSmI3RVJSNGpnbldtTXdqOXlIekFsRG5oUTc3MVBqbVNlckVreU9qN3dsUV9aSmpZUjY0UG56NGVoM2dONmpvMkxVQ2lUZw?oc=5\" target=\"_blank\" rel=\"nofollow noopener\">Pe\u00f1arroya, situaci\u00f3n l\u00edmite en el Bar\u00e7a: \u00abEntender\u00eda que se cambiara de entrenador\u00bb<\/a>&nbsp;&nbsp;El Mundo<\/li>\n<li><a href=\"https:\/\/news.google.com\/rss\/articles\/CBMibEFVX3lxTE15M0UyWVFVdjlKUmFoVUdKQXR3NlNRbFNmNkNobDQ3bXJKWnlBV3N6TzUwVWhyM2N2VDJHSGFpbll1UTVCaE9CY3RfSEd5Y0VZbldtWURsZXlaRVplVllyaXNGYVJvY1JNWG5pUg?oc=5\" target=\"_blank\" rel=\"nofollow noopener\">El Bar\u00e7a, en ca\u00edda libre<\/a>&nbsp;&nbsp;Diario AS<\/li>\n<li><a href=\"https:\/\/news.google.com\/rss\/articles\/CBMikwFBVV95cUxQX1pBbTNWaVE0aUhrTFVoeWZMV2JncFZ5bHF1Y2tCTGVWZWRmN3JPNndkazA1S3hCc1RrdDFBV3pUOUJBVlVpNW85dU9JdlVmVDZLOFBnbzNadURPTGpsSC0yMEJTOUVVaG96b1draWVmdEIwcHdkblhUaEFpeTdXMTFSLUJaZWF6WmlkZjluejNqVkk?oc=5\" target=\"_blank\" rel=\"nofollow noopener\">\u00abNo s\u00e9 si es lo ideal, pero entender\u00eda que se cambiara de entrenador\u00bb<\/a>&nbsp;&nbsp;MARCA<\/li>\n<li><a href=\"https:\/\/news.google.com\/rss\/articles\/CBMiogFBVV95cUxORG9KblllNmpCaXZJTE9uWHlMUmRZVWE1MEtlYTktbnAtbkxOMDlwTzNhYmRaYkg4MjJ4cFdIdmt6QVp0MWVYWEg0LWNBekVLSi1SSlI5QjRXRXh0cWdMMzZiTVRfUUQ2ajM0QkFLdGR0d25OSmVOdVA1N1UzYlc1anBCTl80b2xqLVdYVWE2REVLVE5vOER2TkttZVBoMHh3ZFE?oc=5\" target=\"_blank\" rel=\"nofollow noopener\">El Bar\u00e7a suma una nueva calamidad ante el Girona: \u00abEntender\u00eda que el club cambiase de entrenador\u00bb<\/a>&nbsp;&nbsp;ABC<\/li>\n<\/ol>\n","protected":false},"excerpt":{"rendered":"Pe\u00f1arroya, situaci\u00f3n l\u00edmite en el Bar\u00e7a: \u00abEntender\u00eda que se cambiara de entrenador\u00bb&nbsp;&nbsp;El Mundo El Bar\u00e7a, en ca\u00edda libre&nbsp;&nbsp;Diario&hellip;\n","protected":false},"author":2,"featured_media":227122,"comment_status":"","ping_status":"","sticky":false,"template":"","format":"standard","meta":{"footnotes":""},"categories":[269],"tags":[299,298,168,55562,25,24,831,23,167],"class_list":{"0":"post-227121","1":"post","2":"type-post","3":"status-publish","4":"format-standard","5":"has-post-thumbnail","7":"category-baloncesto","8":"tag-baloncesto","9":"tag-basketball","10":"tag-deportes","11":"tag-deportes-baloncesto-liga-endesa","12":"tag-es","13":"tag-espana","14":"tag-liga-acb","15":"tag-spain","16":"tag-sports"},"share_on_mastodon":{"url":"https:\/\/pubeurope.com\/@es\/115520955151940901","error":""},"_links":{"self":[{"href":"https:\/\/www.europesays.com\/es\/wp-json\/wp\/v2\/posts\/227121","targetHints":{"allow":["GET"]}}],"collection":[{"href":"https:\/\/www.europesays.com\/es\/wp-json\/wp\/v2\/posts"}],"about":[{"href":"https:\/\/www.europesays.com\/es\/wp-json\/wp\/v2\/types\/post"}],"author":[{"embeddable":true,"href":"https:\/\/www.europesays.com\/es\/wp-json\/wp\/v2\/users\/2"}],"replies":[{"embeddable":true,"href":"https:\/\/www.europesays.com\/es\/wp-json\/wp\/v2\/comments?post=227121"}],"version-history":[{"count":0,"href":"https:\/\/www.europesays.com\/es\/wp-json\/wp\/v2\/posts\/227121\/revisions"}],"wp:featuredmedia":[{"embeddable":true,"href":"https:\/\/www.europesays.com\/es\/wp-json\/wp\/v2\/media\/227122"}],"wp:attachment":[{"href":"https:\/\/www.europesays.com\/es\/wp-json\/wp\/v2\/media?parent=227121"}],"wp:term":[{"taxonomy":"category","embeddable":true,"href":"https:\/\/www.europesays.com\/es\/wp-json\/wp\/v2\/categories?post=227121"},{"taxonomy":"post_tag","embeddable":true,"href":"https:\/\/www.europesays.com\/es\/wp-json\/wp\/v2\/tags?post=227121"}],"curies":[{"name":"wp","href":"https:\/\/api.w.org\/{rel}","templated":true}]}}