{"id":227174,"date":"2025-11-09T18:13:08","date_gmt":"2025-11-09T18:13:08","guid":{"rendered":"https:\/\/www.europesays.com\/es\/227174\/"},"modified":"2025-11-09T18:13:08","modified_gmt":"2025-11-09T18:13:08","slug":"los-reyes-felipe-vi-y-letizia-realizan-su-primer-viaje-de-estado-a-china-donde-se-reuniran-con-xi-jingping","status":"publish","type":"post","link":"https:\/\/www.europesays.com\/es\/227174\/","title":{"rendered":"Los reyes Felipe VI y Letizia realizan su primer viaje de Estado a China donde se reunir\u00e1n con Xi Jingping"},"content":{"rendered":"<p class=\"L6-news-detail__text\">Los reyes <b><a title=\"Felipe VI\" href=\"https:\/\/www.lasexta.com\/temas\/felipe_vi-1\" target=\"_blank\" rel=\"nofollow noopener\">Felipe VI<\/a><\/b> y <b><a title=\"Letizia\" href=\"https:\/\/www.lasexta.com\/temas\/reina_letizia-1\" target=\"_blank\" rel=\"nofollow noopener\">Letizia<\/a><\/b> han partido hacia <b><a title=\"China\" href=\"https:\/\/www.lasexta.com\/temas\/china-1\" target=\"_blank\" rel=\"nofollow noopener\">China<\/a><\/b> en la que es su primera visita de Estado al gigante asi\u00e1tico. En su agenda oficial, adem\u00e1s de actos de \u00edndole cultural y econ\u00f3mico, est\u00e1 previsto un encuentro con <b>Xi Jingping<\/b>, presidente del pa\u00eds.<\/p>\n<p class=\"L6-news-detail__text\">Los reyes viajan acompa\u00f1ados <b><a title=\"de Carlos Cuerpo\" href=\"https:\/\/www.lasexta.com\/temas\/carlos_cuerpo-1\" target=\"_blank\" rel=\"nofollow noopener\">de Carlos Cuerpo<\/a><\/b>, ministro de Econom\u00eda y Comercio, y por <b><a title=\"Jos\u00e9 Manuel Albares\" href=\"https:\/\/www.lasexta.com\/temas\/jose_manuel_albares_bueno-1\" target=\"_blank\" rel=\"nofollow noopener\">Jos\u00e9 Manuel Albares<\/a><\/b>, ministro de Exteriores de Espa\u00f1a. En la delegaci\u00f3n, adem\u00e1s, est\u00e1n Jos\u00e9 Garc\u00eda Brustenga, secretario de Estado de Industria, Mar\u00eda Amparo L\u00f3pez Senovilla, secretaria de Estado de Comercio, Elisa Carbonell, consejera delegada del ICEX, <b>Antonio Garamendi<\/b>, presidente de la CEOE, y Jos\u00e9 Luis Bonet, presidente de la C\u00e1mara de Espa\u00f1a.<\/p>\n<p class=\"L6-news-detail__text\">El viaje prev\u00e9 dos etapas. La primera arrancar\u00e1<b> en Chengd\u00fa<\/b>, la capital de la provincia de Sichu\u00e1n, y<b> no por Pek\u00edn <\/b>como es habitual en los viajes de Estado despu\u00e9s de un acuerdo entre los dos Gobiernos. Adem\u00e1s de la capital se suele incluir otra ciudad de inter\u00e9s tanto para el pa\u00eds anfitri\u00f3n como para Espa\u00f1a.<\/p>\n<p class=\"L6-news-detail__text\">La elecci\u00f3n de Chengd\u00fa est\u00e1 motivada por ser la ciudad en la que se abri\u00f3 en 2012<b> el \u00faltimo consulado general<\/b> de los cinco que tiene Espa\u00f1a en China.<\/p>\n<p class=\"L6-news-detail__text\">Los reyes llegar\u00e1n a Pek\u00edn el martes por la tarde, donde Xi Jingping y Peng Liyuan, la primera dama china, <b>les brindar\u00e1n una cena de car\u00e1cter privado<\/b>. La agenda oficial arrancar\u00e1 a primera hora del mi\u00e9rcoles con la recepci\u00f3n con honores junto al Gran Palacio del Pueblo.<\/p>\n<p class=\"L6-news-detail__text\">Acto seguido, <b>Felipe VI tendr\u00e1 un encuentro bilateral con el mandatario chino<\/b>, al que seguir\u00e1n sendas reuniones con Li Qiang, primer ministro, y con Zhao Leji, presidente del Comit\u00e9 Permanente de la Asamblea Nacional.<\/p>\n<p class=\"L6-news-detail__text\">Las citas permitir\u00e1n al monarca repasar las relaciones bilaterales y tambi\u00e9n abordar otras cuestiones de inter\u00e9s en la escena internacional, donde <b>China es un actor de gran relevancia <\/b>al ser miembro permanente del Consejo de Seguridad de <b><a title=\"la ONU\" href=\"https:\/\/www.lasexta.com\/temas\/onu-1\" target=\"_blank\" rel=\"nofollow noopener\">la ONU<\/a><\/b>.<\/p>\n<p class=\"L6-news-detail__text\">Adem\u00e1s de los contactos a nivel pol\u00edtico, la agenda oficial de los monarcas incluye un<b> apartado econ\u00f3mico<\/b> con encuentros con empresarios tanto en Chengd\u00fa como en Pek\u00edn. En los mismos participar\u00e1n empresas espa\u00f1olas con intereses en China como algunas otras del pa\u00eds asi\u00e1tico.<\/p>\n<p class=\"L6-news-detail__text\">El Gobierno, en ese sentido, ve muy importante equilibrar lo m\u00e1ximo posible la balanza comercial y mejorar las condiciones de acceso<b> de las empresas espa\u00f1olas al mercado chino.<\/b> Adem\u00e1s, buscan seguir impulsando las inversiones del gigante asi\u00e1tico.<\/p>\n<p class=\"L6-news-detail__text\">Letizia, por su parte, <b>tendr\u00e1 en ambas ciudades una agenda separada<\/b>. En Chengd\u00fa, la reina presidir\u00e1 un acto con motivo del 150 aniversario del nacimiento de Antonio Machado organizado por el Instituto Cervantes. En Pek\u00edn acudir\u00e1 a un acto de promoci\u00f3n del espa\u00f1ol en la Universidad de Lenguas Extranjeras de la capital. Visitar\u00e1, junto a la primera dama china, un centro para personas con discapacidad.<\/p>\n<p class=\"L6-news-detail__text\"><b>El plato fuerte <\/b>ser\u00e1, en lo que respecta a este \u00e1mbito, su asistencia al primer concierto que ofrecer\u00e1 la Orquesta Titular del Teatro Real en el Centro Nacional de Artes Esc\u00e9nicas de Pek\u00edn. Acudir\u00e1n junto a Xi Jingping y a la primera dama.<\/p>\n<p class=\"L6-news-detail__text\">La visita de los reyes llega tras los tres viajes <b><a title=\"de Pedro S\u00e1nchez\" href=\"https:\/\/www.lasexta.com\/temas\/pedro_sanchez-1\" target=\"_blank\" rel=\"nofollow noopener\">de Pedro S\u00e1nchez<\/a><\/b> a China en algo m\u00e1s de dos a\u00f1os. El presidente del Gobierno <b>se reuni\u00f3 con Xi por \u00faltima vez en abril<\/b>, en un viaje que puso de relieve el inter\u00e9s del Gobierno por profundizar y avanzar a nivel comercial en su relaci\u00f3n con China.<\/p>\n<p class=\"L6-news-detail__text\">La \u00faltima visita de Estado de los reyes de Espa\u00f1a a China fue<b> en 2007 con Juan Carlos I y Sof\u00eda<\/b>, que ya hab\u00edan visitado el gigante asi\u00e1tico en 2006 y en 1978. Don Felipe y Do\u00f1a Letizia,<b> cuando a\u00fan eran Pr\u00edncipes de Asturias<\/b>, viajaron al pa\u00eds en 2006.<\/p>\n<p class=\"L6-news-detail__text\"><b><a title=\"*Sigue a laSexta en Google. Toda la actualidad y el mejor contenido aqu\u00ed.\" href=\"https:\/\/profile.google.com\/cp\/CgkvbS8wZG5xejA\" target=\"_blank\" rel=\"nofollow noopener\">*Sigue a laSexta en Google. Toda la actualidad y el mejor contenido aqu\u00ed.<\/a><\/b><\/p>\n<p class=\"L6-support-news-video__title\">\u00abQued\u00f3 resuelta\u00bb<\/p>\n<p>            <a href=\"https:\/\/www.lasexta.com\/noticias\/nacional\/comunidad-madrid-asegura-que-ningun-proceso-clinico-vio-alterado-notificaciones-erroneas-cribado-cancer-colon_202511096910d2c85d5dad37ab8a304c.html\" class=\"L6-news__link\" rel=\"nofollow noopener\" target=\"_blank\"><br \/>\n                La Comunidad de Madrid asegura que \u00abning\u00fan proceso cl\u00ednico se vio alterado\u00bb tras las notificaciones err\u00f3neas del cribado de c\u00e1ncer de colon<\/p>\n<p class=\"recirculation-video-desc\">\u00bfQu\u00e9 ha dicho? Mediante un comunicado, la Comunidad de Madrid ha respondido a la informaci\u00f3n adelantada por La Roca sobre que emitieron notificaciones negativas err\u00f3neas a 571 pacientes y aseguran que \u00abnunca hubo ning\u00fan error de diagn\u00f3stico\u00bb.<\/p>\n<p>            <\/a><\/p>\n","protected":false},"excerpt":{"rendered":"Los reyes Felipe VI y Letizia han partido hacia China en la que es su primera visita de&hellip;\n","protected":false},"author":2,"featured_media":227175,"comment_status":"","ping_status":"","sticky":false,"template":"","format":"standard","meta":{"footnotes":""},"categories":[8],"tags":[17,18,25,24,13,14,11,19,20,9,10,15,16,23,12,21,22],"class_list":{"0":"post-227174","1":"post","2":"type-post","3":"status-publish","4":"format-standard","5":"has-post-thumbnail","7":"category-espana","8":"tag-breaking-news","9":"tag-breakingnews","10":"tag-es","11":"tag-espana","12":"tag-featured-news","13":"tag-featurednews","14":"tag-headlines","15":"tag-latest-news","16":"tag-latestnews","17":"tag-news","18":"tag-noticias","19":"tag-noticias-destacadas","20":"tag-noticiasdestacadas","21":"tag-spain","22":"tag-titulares","23":"tag-ultimas-noticias","24":"tag-ultimasnoticias"},"share_on_mastodon":{"url":"https:\/\/pubeurope.com\/@es\/115521100450049213","error":""},"_links":{"self":[{"href":"https:\/\/www.europesays.com\/es\/wp-json\/wp\/v2\/posts\/227174","targetHints":{"allow":["GET"]}}],"collection":[{"href":"https:\/\/www.europesays.com\/es\/wp-json\/wp\/v2\/posts"}],"about":[{"href":"https:\/\/www.europesays.com\/es\/wp-json\/wp\/v2\/types\/post"}],"author":[{"embeddable":true,"href":"https:\/\/www.europesays.com\/es\/wp-json\/wp\/v2\/users\/2"}],"replies":[{"embeddable":true,"href":"https:\/\/www.europesays.com\/es\/wp-json\/wp\/v2\/comments?post=227174"}],"version-history":[{"count":0,"href":"https:\/\/www.europesays.com\/es\/wp-json\/wp\/v2\/posts\/227174\/revisions"}],"wp:featuredmedia":[{"embeddable":true,"href":"https:\/\/www.europesays.com\/es\/wp-json\/wp\/v2\/media\/227175"}],"wp:attachment":[{"href":"https:\/\/www.europesays.com\/es\/wp-json\/wp\/v2\/media?parent=227174"}],"wp:term":[{"taxonomy":"category","embeddable":true,"href":"https:\/\/www.europesays.com\/es\/wp-json\/wp\/v2\/categories?post=227174"},{"taxonomy":"post_tag","embeddable":true,"href":"https:\/\/www.europesays.com\/es\/wp-json\/wp\/v2\/tags?post=227174"}],"curies":[{"name":"wp","href":"https:\/\/api.w.org\/{rel}","templated":true}]}}