{"id":227222,"date":"2025-11-09T18:56:09","date_gmt":"2025-11-09T18:56:09","guid":{"rendered":"https:\/\/www.europesays.com\/es\/227222\/"},"modified":"2025-11-09T18:56:09","modified_gmt":"2025-11-09T18:56:09","slug":"la-primera-senal-de-radio-del-cometa-3i-atlas-pone-fin-al-debate-sobre-su-naturaleza","status":"publish","type":"post","link":"https:\/\/www.europesays.com\/es\/227222\/","title":{"rendered":"La primera se\u00f1al de radio del cometa 3I\/Atlas pone fin al debate sobre su naturaleza"},"content":{"rendered":"<p>Surgi\u00f3 m\u00e1s evidencia que respalda el origen natural de 3I\/Atlas. Tras varias semanas de teor\u00edas de conspiraci\u00f3n, debates en redes sociales y especulaciones en podcasts populares como el de Joe Rogan, este objeto interestelar sigue siendo un cometa. La confirmaci\u00f3n m\u00e1s reciente corri\u00f3 a cargo de un observatorio en Sud\u00e1frica que detect\u00f3 la primera se\u00f1al de radio proveniente del famoso cometa.<\/p>\n<p>\u00bfPero c\u00f3mo? \u00bfUna se\u00f1al de radio? Eso tendr\u00eda que confirmar la <a href=\"https:\/\/es.wired.com\/articulos\/avi-loeb-dice-que-3i-atlas-es-una-nave-extraterrestre-pero-dijo-lo-mismo-sobre-otros-objetos\" rel=\"nofollow noopener\" target=\"_blank\">naturaleza tecnol\u00f3gica del objeto<\/a>, \u00bfno? El detalle es que no estamos hablando de una se\u00f1al de radio como si fuera una transmisi\u00f3n emitida por una nave espacial, sino un patr\u00f3n de radiofrecuencia detectado por MeerKAT, un radiotelescopio compuesto por 64 antenas, cada una con un di\u00e1metro de 13.5 metros, operado por el Observatorio Sudafricano de Radioastronom\u00eda. \u00bfY qu\u00e9 detect\u00f3? \u201cSe detect\u00f3 absorci\u00f3n de OH en las l\u00edneas de 1665 MHz y 1667 MHz\u201d (<a data-offer-url=\"https:\/\/www.astronomerstelegram.org\/?read=17473\" class=\"external-link\" data-event-click=\"{&quot;element&quot;:&quot;ExternalLink&quot;,&quot;outgoingURL&quot;:&quot;https:\/\/www.astronomerstelegram.org\/?read=17473&quot;}\" href=\"https:\/\/www.astronomerstelegram.org\/?read=17473\" rel=\"nofollow noopener\" target=\"_blank\">The Astronomer&#8217;s Telegram<\/a>). Agua.<\/p>\n<p><img decoding=\"async\" alt=\"Clovis cometa\" loading=\"lazy\" class=\"ResponsiveImageContainer-eNxvmU cfBbTk responsive-image__image\"   src=\"https:\/\/www.europesays.com\/es\/wp-content\/uploads\/2025\/11\/GettyImages-1214628907.jpg\"\/><a class=\"BaseWrap-sc-gzmcOU BaseText-eqOrNE BaseLink-eTpkqh ContentCardEmbedHedLink-kqBDz deqABF jkWAvF dsRLul hMqJdP content-card-embed__hed-link\" href=\"https:\/\/es.wired.com\/articulos\/la-explosion-de-un-cometa-habria-acabado-con-una-antigua-cultura-de-america\" data-testid=\"ContentCardEmbedHedLink\" rel=\"nofollow noopener\" target=\"_blank\">La explosi\u00f3n de un cometa habr\u00eda acabado con una antigua cultura de Am\u00e9rica<\/a><\/p>\n<p>Nueva evidencia sugiere que un impacto c\u00f3smico provoc\u00f3 el colapso de la cultura Clovis y la extinci\u00f3n de gran parte de la megafauna en Am\u00e9rica.<\/p>\n<p>Lo que MeerKAT detect\u00f3 concretamente fueron l\u00edneas de absorci\u00f3n de radio por radicales hidroxilo, o sea, mol\u00e9culas OH, un patr\u00f3n que ser\u00eda consistente con la actividad t\u00edpica de un cometa. Tambi\u00e9n cabe aclarar que las l\u00edneas aparecen en absorci\u00f3n porque 3I\/Atlas estaba muy cerca del Sol y la geometr\u00eda de observaci\u00f3n favorece la absorci\u00f3n sobre la emisi\u00f3n. Es el fen\u00f3meno que en WIRED se explic\u00f3 hace unos d\u00edas cuando surgi\u00f3 la pol\u00e9mica sobre la <a href=\"https:\/\/es.wired.com\/articulos\/el-cometa-3i-atlas-muestra-aceleracion-no-gravitatoria-pero-es-realmente-extrano\" rel=\"nofollow noopener\" target=\"_blank\">aceleraci\u00f3n no gravitatoria<\/a>: cuando los cometas alcanzan su punto m\u00e1s cercano al Sol, subliman hielos al espacio y reciben una mayor cantidad de radiaci\u00f3n. Esto tambi\u00e9n hace que altere su trayectoria.<\/p>\n<p>El radical hidroxilo (OH) puede absorber o emitir radiaci\u00f3n en frecuencias espec\u00edficas (como las l\u00edneas de 1665 y 1667 MHz) debido a transiciones en sus niveles de energ\u00eda. Estas l\u00edneas espectrales de OH se han detectado en nebulosas, cometas y regiones de formaci\u00f3n estelar. El OH ayuda a los astr\u00f3nomos a mapear las zonas donde nacen las estrellas y el agua en el universo, porque puede \u201cbrillar\u201d con intensidad en frecuencias de radio bajo ciertas condiciones.<\/p>\n<p>\u00bfQueda esperanza para la hip\u00f3tesis tecnol\u00f3gica?<\/p>\n<p>La detecci\u00f3n fue posible el 24 de octubre, cinco d\u00edas antes de que 3I\/Atlas alcanzara su punto m\u00e1s cercano al Sol. MeerKAT intent\u00f3 detectar se\u00f1ales de radio anteriormente, el 20 y 28 de septiembre, aunque no tuvo \u00e9xito. \u201cHace cinco semanas, anim\u00e9 a observatorios de radio como MeerKAT a buscar emisiones de radio de 3I\/ATLAS, dado que su direcci\u00f3n de llegada coincid\u00eda, con una precisi\u00f3n de 9 grados, con la direcci\u00f3n de llegada de la <a href=\"https:\/\/es.wired.com\/articulos\/pensaban-que-la-senal-wow-era-una-tecnofirma-extraterrestre-ahora-revelan-su-origen\" rel=\"nofollow noopener\" target=\"_blank\">se\u00f1al Wow!<\/a> detectada en 1977 a una frecuencia de 1,4204556 gigahercios\u201d, escribi\u00f3 Avi Loeb en <a data-offer-url=\"https:\/\/avi-loeb.medium.com\/first-radio-signal-from-3i-atlas-absorption-by-hydroxyl-radicals-oh-molecules-0e0fc6e54732\" class=\"external-link\" data-event-click=\"{&quot;element&quot;:&quot;ExternalLink&quot;,&quot;outgoingURL&quot;:&quot;https:\/\/avi-loeb.medium.com\/first-radio-signal-from-3i-atlas-absorption-by-hydroxyl-radicals-oh-molecules-0e0fc6e54732&quot;}\" href=\"https:\/\/avi-loeb.medium.com\/first-radio-signal-from-3i-atlas-absorption-by-hydroxyl-radicals-oh-molecules-0e0fc6e54732\" rel=\"nofollow noopener\" target=\"_blank\">una publicaci\u00f3n<\/a> de Medium. \u201cEn respuesta, me aseguraron que 3I\/ATLAS ser\u00eda monitorizado por observatorios de radio como MeerKAT\u201d.<\/p>\n<p>El profesor Loeb reconoci\u00f3 que \u201chasta el momento no se ha informado de ninguna detecci\u00f3n por radio de 3I\/ATLAS, aparte de la se\u00f1al de absorci\u00f3n de OH\u201d. Por supuesto, ser\u00eda necesario que se realice un monitoreo continuo del objeto para determinar si la producci\u00f3n de OH es constante o intermitente, entre otros factores, como la extensi\u00f3n y estructura de la cola, para llegar a conclusiones m\u00e1s s\u00f3lidas sobre su naturaleza.<\/p>\n<p><a href=\"https:\/\/es.wired.com\/articulos\/avi-loeb-dice-que-3i-atlas-es-una-nave-extraterrestre-pero-dijo-lo-mismo-sobre-otros-objetos\" rel=\"nofollow noopener\" target=\"_blank\">Avi Loeb<\/a>, el pol\u00e9mico astrof\u00edsico de Harvard que m\u00e1s defiende la hip\u00f3tesis de un posible origen tecnol\u00f3gico (y quien <a data-offer-url=\"https:\/\/avi-loeb.medium.com\/kim-kardashian-is-welcome-to-join-my-research-team-on-3i-atlas-975ea3356581\" class=\"external-link\" data-event-click=\"{&quot;element&quot;:&quot;ExternalLink&quot;,&quot;outgoingURL&quot;:&quot;https:\/\/avi-loeb.medium.com\/kim-kardashian-is-welcome-to-join-my-research-team-on-3i-atlas-975ea3356581&quot;}\" href=\"https:\/\/avi-loeb.medium.com\/kim-kardashian-is-welcome-to-join-my-research-team-on-3i-atlas-975ea3356581\" rel=\"nofollow noopener\" target=\"_blank\">ya invit\u00f3 a Kim Kardashian<\/a> a sumarse a su equipo de investigaci\u00f3n), no ha perdido su \u00e1nimo de indagar la naturaleza de 3I\/Atlas. \u201cSe espera que el 16 de marzo de 2026, 3I\/ATLAS pase a 53 millones de kil\u00f3metros de J\u00fapiter. En ese momento, <a href=\"https:\/\/es.wired.com\/articulos\/la-mision-juno-revela-el-caos-en-los-polos-de-jupiter\" rel=\"nofollow noopener\" target=\"_blank\">la nave Juno<\/a> utilizar\u00e1 su antena dipolo para buscar una se\u00f1al de radio de 3I\/ATLAS en bajas frecuencias, entre 50 y 40 megahercios\u201d, a\u00f1adi\u00f3.<\/p>\n<p>\u00bfSer\u00e1 la detecci\u00f3n de MeerKAT suficiente para poner fin a las teor\u00edas de conspiraci\u00f3n acerca de 3I\/Atlas? \u00a1Esperemos que no! Los debates en redes sociales son bastante entretenidos y de alguna manera despiertan con mayor intensidad el inter\u00e9s del p\u00fablico en la astrof\u00edsica. No obstante, las investigaciones cient\u00edficas contin\u00faan. Te invitamos a seguir en vivo la trayectoria del cometa 3I\/Atlas <a href=\"https:\/\/es.wired.com\/articulos\/como-seguir-en-vivo-la-trayectoria-del-cometa-3i-atlas\" rel=\"nofollow noopener\" target=\"_blank\">por aqu\u00ed<\/a>, y a marcar el 19 de diciembre en el calendario, fecha en el que nuestro invitado interestelar llegar\u00e1 a su punto m\u00e1s cercano <a href=\"https:\/\/es.wired.com\/articulos\/que-pasara-cuando-el-cometa-3i-atlas-alcance-su-punto-mas-cercano-a-la-tierra\" rel=\"nofollow noopener\" target=\"_blank\">a la Tierra<\/a>.<\/p>\n","protected":false},"excerpt":{"rendered":"Surgi\u00f3 m\u00e1s evidencia que respalda el origen natural de 3I\/Atlas. Tras varias semanas de teor\u00edas de conspiraci\u00f3n, debates&hellip;\n","protected":false},"author":2,"featured_media":227223,"comment_status":"","ping_status":"","sticky":false,"template":"","format":"standard","meta":{"footnotes":""},"categories":[81],"tags":[119,123,124,25,10558,24,117,121,122,23,118,120],"class_list":{"0":"post-227222","1":"post","2":"type-post","3":"status-publish","4":"format-standard","5":"has-post-thumbnail","7":"category-ciencia-y-tecnologia","8":"tag-ciencia","9":"tag-ciencia-y-tecnologia","10":"tag-cienciaytecnologia","11":"tag-es","12":"tag-espacio","13":"tag-espana","14":"tag-science","15":"tag-science-and-technology","16":"tag-scienceandtechnology","17":"tag-spain","18":"tag-technology","19":"tag-tecnologia"},"share_on_mastodon":{"url":"https:\/\/pubeurope.com\/@es\/115521269611894035","error":""},"_links":{"self":[{"href":"https:\/\/www.europesays.com\/es\/wp-json\/wp\/v2\/posts\/227222","targetHints":{"allow":["GET"]}}],"collection":[{"href":"https:\/\/www.europesays.com\/es\/wp-json\/wp\/v2\/posts"}],"about":[{"href":"https:\/\/www.europesays.com\/es\/wp-json\/wp\/v2\/types\/post"}],"author":[{"embeddable":true,"href":"https:\/\/www.europesays.com\/es\/wp-json\/wp\/v2\/users\/2"}],"replies":[{"embeddable":true,"href":"https:\/\/www.europesays.com\/es\/wp-json\/wp\/v2\/comments?post=227222"}],"version-history":[{"count":0,"href":"https:\/\/www.europesays.com\/es\/wp-json\/wp\/v2\/posts\/227222\/revisions"}],"wp:featuredmedia":[{"embeddable":true,"href":"https:\/\/www.europesays.com\/es\/wp-json\/wp\/v2\/media\/227223"}],"wp:attachment":[{"href":"https:\/\/www.europesays.com\/es\/wp-json\/wp\/v2\/media?parent=227222"}],"wp:term":[{"taxonomy":"category","embeddable":true,"href":"https:\/\/www.europesays.com\/es\/wp-json\/wp\/v2\/categories?post=227222"},{"taxonomy":"post_tag","embeddable":true,"href":"https:\/\/www.europesays.com\/es\/wp-json\/wp\/v2\/tags?post=227222"}],"curies":[{"name":"wp","href":"https:\/\/api.w.org\/{rel}","templated":true}]}}