{"id":227226,"date":"2025-11-09T18:58:07","date_gmt":"2025-11-09T18:58:07","guid":{"rendered":"https:\/\/www.europesays.com\/es\/227226\/"},"modified":"2025-11-09T18:58:07","modified_gmt":"2025-11-09T18:58:07","slug":"cumbre-celac-ue-arranca-con-grandes-ausencias-en-colombia-dw-09-11-2025","status":"publish","type":"post","link":"https:\/\/www.europesays.com\/es\/227226\/","title":{"rendered":"Cumbre CELAC-UE arranca con grandes ausencias en Colombia \u2013 DW \u2013 09\/11\/2025"},"content":{"rendered":"<p>La reuni\u00f3n entre altos representantes de la <a class=\"internal-link\" href=\"https:\/\/www.dw.com\/es\/celac\/t-37306294\" rel=\"nofollow noopener\" target=\"_blank\">CELAC<\/a> y la <a class=\"internal-link\" href=\"https:\/\/www.dw.com\/es\/uni\u00f3n-europea\/t-17410587\" rel=\"nofollow noopener\" target=\"_blank\">Uni\u00f3n Europea<\/a> arranc\u00f3 este domingo (09.11.2025) en la ciudad colombiana de <a class=\"internal-link\" href=\"https:\/\/www.dw.com\/es\/santa-marta-y-los-claroscuros-de-la-cumbre-ue-celac\/a-74663125\" rel=\"nofollow noopener\" target=\"_blank\">Santa Marta<\/a> con notables ausencias, cancelaciones de \u00faltimo minuto y solo nueve l\u00edderes presentes.<\/p>\n<p>El encuentro entre los dos bloques, que se celebr\u00f3 por \u00faltima vez en <a class=\"internal-link\" href=\"https:\/\/www.dw.com\/es\/europa-y-am\u00e9rica-latina-y-el-caribe-una-alianza-estrat\u00e9gica-e-insustituible\/a-74280386\" rel=\"nofollow noopener\" target=\"_blank\">Bruselas<\/a> en 2023, comienza empa\u00f1ado por la menguada participaci\u00f3n y la sombra de los constantes ataques del gobierno de Donald Trump contra presuntas lanchas cargadas de droga en el Caribe y el Pac\u00edfico.<\/p>\n<p><strong>Los temas en la agenda<\/strong><\/p>\n<p>Los <a class=\"internal-link\" href=\"https:\/\/www.dw.com\/es\/foro-sociedad-civil-ue-lac-queremos-mayor-voz-y-mayor-voto\/a-74676034\" rel=\"nofollow noopener\" target=\"_blank\">representantes de los pa\u00edses europeos y latinoamericanos<\/a> llegaron a la sede del encuentro, en la ciudad caribe\u00f1a de Santa Mar\u00eda, para abordar temas como comercio, transici\u00f3n energ\u00e9tica y cooperaci\u00f3n para luchar contra el crimen organizado.\u00a0<\/p>\n<p>\u00abCompartimos los mismos valores, creemos en el Estado de derecho y la democracia\u00bb, dijo Kaja Kallas, vicepresidenta de la Comisi\u00f3n Europea, a su llegada a la cuarta <a class=\"internal-link\" href=\"https:\/\/www.dw.com\/es\/latin-america-days-los-puntos-sobre-las-\u00edes-para-la-cumbre-ue-celac\/a-74388046\" rel=\"nofollow noopener\" target=\"_blank\">cumbre<\/a> entre los 27 pa\u00edses miembros de la Uni\u00f3n Europea (UE) y los 33 de la Comunidad de Estados Latinoamericanos y Caribe\u00f1os (CELAC).<\/p>\n<p>\u00abSolo se puede recurrir a la fuerza por dos motivos, ya sea en defensa propia o en virtud de una resoluci\u00f3n del Consejo de Seguridad de la ONU\u00bb, agreg\u00f3 sobre los ataques de Estados Unidos contra supuestos narcos.<\/p>\n<p><strong>Petro denuncia presiones estadounidenses<\/strong><\/p>\n<p>Kallas lleg\u00f3 a Colombia en representaci\u00f3n del bloque tras la cancelaci\u00f3n de \u00faltimo momento de la presidenta de la Comisi\u00f3n Europea, Ursula von der Leyen.<\/p>\n<p>El presidente de Colombia, Gustavo Petro, denunci\u00f3 d\u00edas antes presiones estadounidenses contra la asistencia al evento. Europa y Am\u00e9rica Latina deber\u00eda actuar como \u00abfaro unificado\u00bb que sea capaz de pararse ante \u00abcualquier barbarie, denunciarla y tratarla para corregirla\u00bb, dijo el presidente izquierdista a su llegada a la cumbre.<\/p>\n<p>Los escasos jefes de Estado y de Gobierno se tomaron una foto de familia con una mochila arhuaca, tradicional de los pueblos ind\u00edgenas de Santa Marta, antes de los discursos y su reuni\u00f3n a puerta cerrada.<\/p>\n<p>ct (afp, efe)<\/p>\n<p>\u00a0<\/p>\n","protected":false},"excerpt":{"rendered":"La reuni\u00f3n entre altos representantes de la CELAC y la Uni\u00f3n Europea arranc\u00f3 este domingo (09.11.2025) en la&hellip;\n","protected":false},"author":2,"featured_media":227227,"comment_status":"","ping_status":"","sticky":false,"template":"","format":"standard","meta":{"footnotes":""},"categories":[42],"tags":[17,18,13,14,11,61,62,63,64,19,20,9,10,15,16,12,21,22,65,66,67],"class_list":{"0":"post-227226","1":"post","2":"type-post","3":"status-publish","4":"format-standard","5":"has-post-thumbnail","7":"category-internacional","8":"tag-breaking-news","9":"tag-breakingnews","10":"tag-featured-news","11":"tag-featurednews","12":"tag-headlines","13":"tag-internacional","14":"tag-international","15":"tag-international-news","16":"tag-internationalnews","17":"tag-latest-news","18":"tag-latestnews","19":"tag-news","20":"tag-noticias","21":"tag-noticias-destacadas","22":"tag-noticiasdestacadas","23":"tag-titulares","24":"tag-ultimas-noticias","25":"tag-ultimasnoticias","26":"tag-world","27":"tag-world-news","28":"tag-worldnews"},"share_on_mastodon":{"url":"https:\/\/pubeurope.com\/@es\/115521277397052246","error":""},"_links":{"self":[{"href":"https:\/\/www.europesays.com\/es\/wp-json\/wp\/v2\/posts\/227226","targetHints":{"allow":["GET"]}}],"collection":[{"href":"https:\/\/www.europesays.com\/es\/wp-json\/wp\/v2\/posts"}],"about":[{"href":"https:\/\/www.europesays.com\/es\/wp-json\/wp\/v2\/types\/post"}],"author":[{"embeddable":true,"href":"https:\/\/www.europesays.com\/es\/wp-json\/wp\/v2\/users\/2"}],"replies":[{"embeddable":true,"href":"https:\/\/www.europesays.com\/es\/wp-json\/wp\/v2\/comments?post=227226"}],"version-history":[{"count":0,"href":"https:\/\/www.europesays.com\/es\/wp-json\/wp\/v2\/posts\/227226\/revisions"}],"wp:featuredmedia":[{"embeddable":true,"href":"https:\/\/www.europesays.com\/es\/wp-json\/wp\/v2\/media\/227227"}],"wp:attachment":[{"href":"https:\/\/www.europesays.com\/es\/wp-json\/wp\/v2\/media?parent=227226"}],"wp:term":[{"taxonomy":"category","embeddable":true,"href":"https:\/\/www.europesays.com\/es\/wp-json\/wp\/v2\/categories?post=227226"},{"taxonomy":"post_tag","embeddable":true,"href":"https:\/\/www.europesays.com\/es\/wp-json\/wp\/v2\/tags?post=227226"}],"curies":[{"name":"wp","href":"https:\/\/api.w.org\/{rel}","templated":true}]}}