{"id":227238,"date":"2025-11-09T19:11:09","date_gmt":"2025-11-09T19:11:09","guid":{"rendered":"https:\/\/www.europesays.com\/es\/227238\/"},"modified":"2025-11-09T19:11:09","modified_gmt":"2025-11-09T19:11:09","slug":"escultura-ramon-alvarez-un-recuerdo-indeleble-a-la-figura-de-ramon-alvarez-en-coreses","status":"publish","type":"post","link":"https:\/\/www.europesays.com\/es\/227238\/","title":{"rendered":"ESCULTURA RAM\u00d3N \u00c1LVAREZ | Un recuerdo indeleble a la figura de Ram\u00f3n \u00c1lvarez en Coreses"},"content":{"rendered":"<p class=\"ft-text\">Aquella expresi\u00f3n castiza de \u00abYo estuve all\u00ed\u00bb refleja mejor que cualquier otra la celebraci\u00f3n de un<strong> d\u00eda \u00abhist\u00f3rico\u00bb para Coreses<\/strong>. El municipio pone el broche a los actos conmemorativos por el <strong>bicentenario del nacimiento de Ram\u00f3n \u00c1lvarez <\/strong>rindi\u00e9ndole homenaje con la<strong> primera escultura dedicada a su figura<\/strong>, obra del artista local David Alonso.<\/p>\n<p class=\"ft-text\"><strong>La obra en bronce<\/strong>, emulando la forma de trabajar del propio \u00c1lvarez y<strong> con sus 185 cent\u00edmetros de alto<\/strong> muestra una<strong> interpretaci\u00f3n personal del escultor, imaginero e hijo predilecto de Coreses \u00aben plena faena\u00bb<\/strong>, retallando la desaparecida obra de San Jos\u00e9 que se veneraba en la parroquia de Nuestra Se\u00f1ora de la Asunci\u00f3n. Una propuesta defendida por el joven pupilo de Bellas Artes en la facultad de Sevilla con \u00abdeterminaci\u00f3n y seguridad\u00bb ante el <strong>historiador Cecilio Vidales<\/strong>, un recuerdo personal que desvel\u00f3 a los presentes:<strong> \u00abMe qued\u00e9 gratamente sorprendido y aqu\u00ed est\u00e1 el resultado\u00bb<\/strong>.<\/p>\n<p class=\"ft-text\">De la primera reuni\u00f3n fraguada hace casi 19 meses (18 de abril de 2024) germina un <strong>homenaje erigido en tiempo r\u00e9cord -apenas un mes-<\/strong> con el que Coreses marca <strong>un \u00abrecuerdo indeleble\u00bb en su memoria<\/strong> \u00abpara transmitir a nuestros descendientes\u00bb. Ha sido en un multitudinario acto al que centenares de vecinos e hijos del municipio se han sumado personalidades, entidades y empresas colaboradoras durante este intenso a\u00f1o del bicentenario. Entre ellos, el pintor zamorano como el pintor Esteban Pedrero.<\/p>\n<p class=\"ft-text\"><strong>El obispo de Zamora, monse\u00f1or Fernando Valera<\/strong>, era el encargado de oficial la eucarist\u00eda previa, as\u00ed como de bendecir la estatua que ya corona la plaza de Gonzalo Aguiar a las puertas del centro cultural que lleva su nombre y en la trasera de la casa consistorial. Apenas 250 metros separan este tributo del que el municipio ya le rindi\u00f3 <strong>hace 36 a\u00f1os en forma de busto, coincidiendo con el centenario de su muerte<\/strong> en el a\u00f1o 1889.<\/p>\n<p class=\"ft-text\"><strong>\u00abCoreses es desde hoy m\u00e1s rico\u00bb<\/strong>. Vidales ensalzaba el \u00abdenso\u00bb programa del bicentenario, del que \u00abnos quedar\u00e1n muchos recuerdos, pero lo m\u00e1s impactante ser\u00e1 la visibilidad de este monumento \u00fanico en nuestra provincia que enriquece el patrimonio\u00bb local.<\/p>\n<p class=\"ft-text\">Una estatua que, m\u00e1s all\u00e1 de una \u00abhuella imborrable\u00bb, representa \u00abun s\u00edmbolo de gratitud de los valores que don Ram\u00f3n encarn\u00f3\u00bb, en palabras del alcalde de Coreses, Jos\u00e9 Luis Salgado. Tambi\u00e9n de reconocimiento a lo colaboradores que han contribuido a ensalzar la figura del escultor m\u00e1s representativo de la Semana Santa zamorana.<\/p>\n<p class=\"ft-text\">El joven David Alonso dirig\u00eda unas <strong>palabras \u00abimprovisadas desde el coraz\u00f3n\u00bb<\/strong> (con el recuerdo a su padre y abuelos) para agradecer el encargo , \u00abun sue\u00f1o\u00bb, de una <strong>obra ideada \u00abpor una persona de Coreses para Coreses\u00bb <\/strong>y con la que contin\u00faa su aportaci\u00f3n al patrimonio local y provincial, tras dar forma el a\u00f1o pasado a la<strong> cruz gu\u00eda de la Real Cofrad\u00eda del Santo Entierro<\/strong>. \u00abEn abril lamentablemente no pudo ver la luz por las condiciones meteorol\u00f3gicas, pero hoy te acompa\u00f1a en este d\u00eda tan especial\u00bb.<\/p>\n<p>Balance de \u00e9xito<\/p>\n<p class=\"ft-text\">Balance de \u00ab\u00e9xito\u00bb en el que<strong> \u00abes dif\u00edcil resaltar alguno de los actos\u00bb programados<\/strong> durante este bicentenario, orquestados por los miembros de la comisi\u00f3n. Ejemplo de ello fueron los 400 asistentes a la representaci\u00f3n dram\u00e1tico\u2013musical o la exposici\u00f3n que logr\u00f3 concentrar a <strong>medio centenar de visitantes \u00aben apenas hora y media y en pleno verano\u00bb al d\u00eda<\/strong> en el municipio coresano.<\/p>\n","protected":false},"excerpt":{"rendered":"Aquella expresi\u00f3n castiza de \u00abYo estuve all\u00ed\u00bb refleja mejor que cualquier otra la celebraci\u00f3n de un d\u00eda \u00abhist\u00f3rico\u00bb&hellip;\n","protected":false},"author":2,"featured_media":227239,"comment_status":"","ping_status":"","sticky":false,"template":"","format":"standard","meta":{"footnotes":""},"categories":[173],"tags":[4458,229,233,231,230,59881,232,234,146,147,25,24,20670,6552,59880,11082,57032,910,23],"class_list":{"0":"post-227238","1":"post","2":"type-post","3":"status-publish","4":"format-standard","5":"has-post-thumbnail","7":"category-arte-y-diseno","8":"tag-alvarez","9":"tag-arte","10":"tag-arte-y-diseno","11":"tag-arts","12":"tag-arts-and-design","13":"tag-bicentenario","14":"tag-design","15":"tag-diseno","16":"tag-entertainment","17":"tag-entretenimiento","18":"tag-es","19":"tag-espana","20":"tag-figura","21":"tag-homenaje","22":"tag-indeleble","23":"tag-ramon","24":"tag-ramon-alvarez","25":"tag-recuerdo","26":"tag-spain"},"share_on_mastodon":{"url":"https:\/\/pubeurope.com\/@es\/115521328458504233","error":""},"_links":{"self":[{"href":"https:\/\/www.europesays.com\/es\/wp-json\/wp\/v2\/posts\/227238","targetHints":{"allow":["GET"]}}],"collection":[{"href":"https:\/\/www.europesays.com\/es\/wp-json\/wp\/v2\/posts"}],"about":[{"href":"https:\/\/www.europesays.com\/es\/wp-json\/wp\/v2\/types\/post"}],"author":[{"embeddable":true,"href":"https:\/\/www.europesays.com\/es\/wp-json\/wp\/v2\/users\/2"}],"replies":[{"embeddable":true,"href":"https:\/\/www.europesays.com\/es\/wp-json\/wp\/v2\/comments?post=227238"}],"version-history":[{"count":0,"href":"https:\/\/www.europesays.com\/es\/wp-json\/wp\/v2\/posts\/227238\/revisions"}],"wp:featuredmedia":[{"embeddable":true,"href":"https:\/\/www.europesays.com\/es\/wp-json\/wp\/v2\/media\/227239"}],"wp:attachment":[{"href":"https:\/\/www.europesays.com\/es\/wp-json\/wp\/v2\/media?parent=227238"}],"wp:term":[{"taxonomy":"category","embeddable":true,"href":"https:\/\/www.europesays.com\/es\/wp-json\/wp\/v2\/categories?post=227238"},{"taxonomy":"post_tag","embeddable":true,"href":"https:\/\/www.europesays.com\/es\/wp-json\/wp\/v2\/tags?post=227238"}],"curies":[{"name":"wp","href":"https:\/\/api.w.org\/{rel}","templated":true}]}}