{"id":227248,"date":"2025-11-09T19:17:09","date_gmt":"2025-11-09T19:17:09","guid":{"rendered":"https:\/\/www.europesays.com\/es\/227248\/"},"modified":"2025-11-09T19:17:09","modified_gmt":"2025-11-09T19:17:09","slug":"un-equipo-del-ciber-y-la-upm-ha-desarrollado-un-sistema-de-ia-capaz-de-identificar-radiografias-compatibles-con-tuberculosis-en-ninos","status":"publish","type":"post","link":"https:\/\/www.europesays.com\/es\/227248\/","title":{"rendered":"Un equipo del Ciber y la UPM ha desarrollado un sistema de IA capaz de identificar radiograf\u00edas compatibles con tuberculosis en ni\u00f1os"},"content":{"rendered":"<p><strong>Redacci\u00f3n<br \/><\/strong>Un equipo de investigaci\u00f3n liderado por la Universidad Polit\u00e9cnica de Madrid (UPM) y el Centro de Investigaci\u00f3n Biom\u00e9dica en Red en Bioingeniera, Biomateriales y Nanomedicina (Ciber-BBN) ha desarrollado un <strong>sistema de inteligencia artificial (IA) <\/strong>que facilita la <strong>detecci\u00f3n de tuberculosis<\/strong> en poblaci\u00f3n infantil.<\/p>\n<p>Este sistema<strong> integra radiograf\u00edas de t\u00f3rax frontales<\/strong> y, si est\u00e1n disponibles, <strong>tambi\u00e9n radiograf\u00edas laterales<\/strong> con el fin de abordar los retos que supone el diagn\u00f3stico de la tuberculosis en ni\u00f1os: s\u00edntomas inespec\u00edficos o alteraciones radiol\u00f3gicas m\u00e1s sutiles y variables comparadas con adultos.<\/p>\n<p>El estudio se ha <a href=\"https:\/\/www.nature.com\/articles\/s41467-025-64391-1\" target=\"_blank\" rel=\"noopener nofollow\">publicado en la revista <\/a>Nature Communications\u00a0y ha contado tambi\u00e9n con las colaboraciones del Instituto de Salud Global de Barcelona (ISGlobal), el Centro de Investiga\u00e7\u00e3o em Sa\u00fade de Manhi\u00e7a (CISM) en Mozambique y la Red Espa\u00f1ola de Estudio de Tuberculosis Pedi\u00e1trica (pTBred), el Centro de Investigaci\u00f3n Biom\u00e9dica en Red de Enfermedades Infecciosas (Ciberinfec) y el Children\u2019s National Hospital (Estados Unidos).<\/p>\n<p>Este sistema integra radiograf\u00edas de t\u00f3rax frontales y en el caso de estar disponibles, tambi\u00e9n radiograf\u00edas laterales con el fin de abordar los retos que supone el diagn\u00f3stico de la tuberculosis en poblaci\u00f3n infantil<\/p>\n<p>El primer autor e investigador de la UPM, Daniel Capell\u00e1n Mart\u00edn, afirma que han dise\u00f1ado esta herramienta para \u00abque sea extremadamente eficiente sin perder precisi\u00f3n ni rendimiento, con el objetivo de que pueda integrarse incluso en dispositivos m\u00f3viles y as\u00ed <strong>acercar el diagn\u00f3stico de la tuberculosis a zonas rurales<\/strong> con alta incidencia de la enfermedad, donde los recursos y el acceso a radi\u00f3logos especializados son muy limitados\u00bb.<\/p>\n<p>A su vez, el coautor del estudio a\u00f1ade que \u00ab<strong>el preentrenamiento en datos adultos permite aprovechar conjuntos mucho m\u00e1s amplios y diversos<\/strong>, lo que facilita que el modelo aprenda caracter\u00edsticas robustas que despu\u00e9s pueden adaptarse al contexto pedi\u00e1trico\u00bb.<\/p>\n<p><img fetchpriority=\"high\" decoding=\"async\" class=\"wp-image-348272 alignright\" src=\"data:image\/svg+xml,%3Csvg%20xmlns=\" http:=\"\" alt=\"\" width=\"400\" height=\"355\" data-lazy-src=\"https:\/\/www.europesays.com\/es\/wp-content\/uploads\/2025\/11\/Imagen-1.jpg\"\/><\/p>\n<p>Esta investigaci\u00f3n demuestra que <strong>las radiograf\u00edas laterales<\/strong> <strong>ofrecen informaci\u00f3n complementaria muy valiosa<\/strong> en lactantes y ni\u00f1os peque\u00f1os que las tomas frontales no pueden facilitar. Tambi\u00e9n, que los modelos espec\u00edficos segmentados por edad superan a los modelos entrenados con todas las edades, debido a las diferencias en el desarrollo y la presentaci\u00f3n cl\u00ednica de la enfermedad entre diferentes grupos de edad.<\/p>\n<p>\u00abLas vistas laterales complementan a la frontal y son especialmente valiosas en lactantes y ni\u00f1os peque\u00f1os, ya que ayudan a identificar hallazgos que podr\u00edan pasar desapercibidos\u00bb, se\u00f1ala la investigadora Elisa L\u00f3pez Varela<\/p>\n<p>\u201cLas vistas laterales complementan a la frontal y son especialmente valiosas en lactantes y ni\u00f1os peque\u00f1os, ya que <strong>ayudan a identificar hallazgos que podr\u00edan pasar desapercibidos<\/strong> cuando solo se cuenta con una proyecci\u00f3n\u201d, declar\u00f3 Elisa L\u00f3pez Varela, investigadora en ISGlobal durante el estudio. <\/p>\n<p>\u201cEsta soluci\u00f3n no pretende sustituir al radi\u00f3logo ni al m\u00e9dico, sino servir como herramienta de apoyo: puede <strong>ayudar a priorizar estudios<\/strong>,<strong> orientar decisiones de cribado<\/strong> y <strong>facilitar la detecci\u00f3n temprana<\/strong> en entornos con escasos recursos\u201d, comenta Bego\u00f1a Santiago Garc\u00eda, coordinadora de pTBred y pediatra en el Hospital General Universitario Gregorio Mara\u00f1\u00f3n de Madrid e investigadora Ciberinfec.\u00a0<\/p>\n<p>\u201cEl <strong>uso de vistas laterales<\/strong> y la <strong>adaptaci\u00f3n por grupos de edad<\/strong> podr\u00edan <strong>aumentar la sensibilidad diagn\u00f3stica<\/strong> en poblaciones pedi\u00e1tricas, especialmente en lactantes y ni\u00f1os peque\u00f1os, donde el diagn\u00f3stico resulta m\u00e1s complejo\u201d, a\u00f1ade la pediatra del Gregorio Mara\u00f1\u00f3n.<\/p>\n<p>\u00abEste sistema puede ayudar a priorizar estudios, orientar decisiones de cribado y facilitar la detecci\u00f3n temprana en entornos con escasos recursos\u00bb, destaca Bego\u00f1a Santiago Garc\u00eda<\/p>\n<p>Los autores de la investigaci\u00f3n destacan la necesidad de <strong>validaciones cl\u00ednicas adicionales<\/strong> y de llevar a cabo su <strong>implementaci\u00f3n en entornos reales<\/strong>, especialmente en centros que cuentan con recursos limitados, para evaluar su impacto en el flujo de trabajo, la precisi\u00f3n diagn\u00f3stica y la aceptaci\u00f3n entre los profesionales.<\/p>\n<p>Tambi\u00e9n resaltan la importancia de estudiar <strong>la integraci\u00f3n con sistemas de telemedicina<\/strong> y <strong>programas de cribado en \u00e1reas end\u00e9micas<\/strong> como de analizar su rendimiento en distintos entornos de atenci\u00f3n sanitaria.<\/p>\n<p>Mar\u00eda Jes\u00fas Ledesma Carbayo, supervisora t\u00e9cnica del trabajo, catedr\u00e1tica de la UPM e investigadora en Ciber-BBN, concluye: \u201cNuestro objetivo es que esta tecnolog\u00eda se adapte a las necesidades locales y se implemente de forma responsable, complementando la labor cl\u00ednica y <strong>contribuyendo a mejorar el acceso al diagn\u00f3stico en poblaciones vulnerables<\/strong>\u201d.<\/p>\n","protected":false},"excerpt":{"rendered":"Redacci\u00f3nUn equipo de investigaci\u00f3n liderado por la Universidad Polit\u00e9cnica de Madrid (UPM) y el Centro de Investigaci\u00f3n Biom\u00e9dica&hellip;\n","protected":false},"author":2,"featured_media":227249,"comment_status":"","ping_status":"","sticky":false,"template":"","format":"standard","meta":{"footnotes":""},"categories":[92],"tags":[6090,41035,59884,25,24,165,1294,59885,166,23,21831],"class_list":{"0":"post-227248","1":"post","2":"type-post","3":"status-publish","4":"format-standard","5":"has-post-thumbnail","7":"category-salud","8":"tag-b1","9":"tag-ciber","10":"tag-ciberinfec","11":"tag-es","12":"tag-espana","13":"tag-health","14":"tag-investigacion","15":"tag-radiodiagnostico","16":"tag-salud","17":"tag-spain","18":"tag-tuberculosis"},"share_on_mastodon":{"url":"https:\/\/pubeurope.com\/@es\/115521352214352821","error":""},"_links":{"self":[{"href":"https:\/\/www.europesays.com\/es\/wp-json\/wp\/v2\/posts\/227248","targetHints":{"allow":["GET"]}}],"collection":[{"href":"https:\/\/www.europesays.com\/es\/wp-json\/wp\/v2\/posts"}],"about":[{"href":"https:\/\/www.europesays.com\/es\/wp-json\/wp\/v2\/types\/post"}],"author":[{"embeddable":true,"href":"https:\/\/www.europesays.com\/es\/wp-json\/wp\/v2\/users\/2"}],"replies":[{"embeddable":true,"href":"https:\/\/www.europesays.com\/es\/wp-json\/wp\/v2\/comments?post=227248"}],"version-history":[{"count":0,"href":"https:\/\/www.europesays.com\/es\/wp-json\/wp\/v2\/posts\/227248\/revisions"}],"wp:featuredmedia":[{"embeddable":true,"href":"https:\/\/www.europesays.com\/es\/wp-json\/wp\/v2\/media\/227249"}],"wp:attachment":[{"href":"https:\/\/www.europesays.com\/es\/wp-json\/wp\/v2\/media?parent=227248"}],"wp:term":[{"taxonomy":"category","embeddable":true,"href":"https:\/\/www.europesays.com\/es\/wp-json\/wp\/v2\/categories?post=227248"},{"taxonomy":"post_tag","embeddable":true,"href":"https:\/\/www.europesays.com\/es\/wp-json\/wp\/v2\/tags?post=227248"}],"curies":[{"name":"wp","href":"https:\/\/api.w.org\/{rel}","templated":true}]}}