{"id":227303,"date":"2025-11-09T20:00:08","date_gmt":"2025-11-09T20:00:08","guid":{"rendered":"https:\/\/www.europesays.com\/es\/227303\/"},"modified":"2025-11-09T20:00:08","modified_gmt":"2025-11-09T20:00:08","slug":"la-musica-es-sexy-para-el-gran-dinero","status":"publish","type":"post","link":"https:\/\/www.europesays.com\/es\/227303\/","title":{"rendered":"\u201cLa m\u00fasica es sexy para el gran dinero\u201d"},"content":{"rendered":"<p>\n        No podr\u00eda haberse editado en mejor momento Antineutral. <strong>M\u00fasica y econom\u00eda moral en la era del Turbocapitalismo<\/strong> (Liburuak).\u00a0El ensayo, firmado por el m\u00fasico, locutor y activista Pepo M\u00e1rquez, asistente al <a href=\"https:\/\/www.deia.eus\/tags\/bime\/\" title=\"BIME\" class=\"link copy\" rel=\"nofollow noopener\" target=\"_blank\">BIME <\/a>la semana pasada, coincide con la pol\u00e9mica de la entrada de los fondos de inversi\u00f3n en los festivales musicales, lo que, en su opini\u00f3n, <strong>\u201ctiene efectos devastadores\u201d en desigualdad, sostenibilidad ambiental y social, y potenciaci\u00f3n de los beneficios empresariales.<\/strong>\n<\/p>\n<p class=\"article-body__text \">\n        \u00a0\u201cLa m\u00fasica se ha convertido en una competici\u00f3n, todos contra todos\u201d, explica M\u00e1rquez, que <strong>defiende \u201cuna econom\u00eda moral\u201d <\/strong>y aboga por la creaci\u00f3n de un sindicatos de m\u00fasicos y acciones de boicot y movilizaci\u00f3n de cara a crear un sistema m\u00e1s justo dentro del sector en la actualidad.\u00a0\n<\/p>\n<p class=\"article-body__text \">\n        El ensayo Antineutral es \u201cla peque\u00f1a bomba\u201d que inaugura Buruhauste (quebradero de cabeza, en euskera), la nueva colecci\u00f3n de<strong> ensayos de actualidad para \u201cmentes no domesticadas\u201d del sello vasco Liburuak<\/strong>. Su autor, que indaga en \u201clas turbias conexiones financieras en la industria musical, instando a la reflexi\u00f3n \u00e9tica y pol\u00edtica\u201d, indica que es \u201cun texto lleno de rabia, pero tambi\u00e9n de esperanza\u201d.\u00a0\n<\/p>\n<p class=\"article-body__text \">\n        Contextualizando y resumiendo: <strong>la industria de la m\u00fasica, especialmente los macrofestivales, est\u00e1n en manos de las \u00e9lites econ\u00f3micas, protagonistas de \u201cun proceso de financiarizaci\u00f3n\u201d de \u201cefectos devastadores\u201d<\/strong>, escribe M\u00e1rquez, lo que se traduce en \u201cdesigualdad, la penalizaci\u00f3n de la sostenibilidad ambiental y social, y el descenso de los beneficios culturales y simb\u00f3licos en favor de los empresariales\u201d.\u00a0\n<\/p>\n<p class=\"article-body__text \">\n        \u201cLa m\u00fasica es sexy para el gran dinero\u201d, explica M\u00e1rquez. En el Estado, de 2023 a 2024 creci\u00f3 un 25% la m\u00fasica en vivo, y entre 2015 y 2024 casi ha cuadruplicado su volumen de negocio. Siguiendo con m\u00e1s cifras, existen en torno a un millar de festivales musicales en el Estado, adonde se dirige el capital tras el descalabro de la m\u00fasica grabada.<strong> \u201c\u00bfA costa de qui\u00e9n, ha mejorado las condiciones de los actores: artistas, empresas y p\u00fablico?\u201d, se pregunta.<\/strong> \u00c9l mismo se responde: a costa del enriquecimiento de fondos de inversi\u00f3n como KKR.\n<\/p>\n<p>  En algunos festivales<\/p>\n<p class=\"article-body__text \">\n        Este fondo, vinculado a festivales espa\u00f1oles como Primavera Sound y S\u00f3nar, est\u00e1 ligado a empresas que desarrollan tecnolog\u00eda usada por Israel en el genocidio palestino, en su pol\u00edtica expansiva con los asentamientos ilegales en Gaza o en IA militar. \u201cContribuyen a la violaci\u00f3n del derecho internacional y a un blanqueo simb\u00f3lico.<strong> La cultural no es neutral, ni est\u00e1tica\u201d, escribe M\u00e1rquez, m\u00fasico en The Secret Society.<\/strong>\n<\/p>\n<p class=\"article-body__text \">\n        M\u00e1rquez defiende \u201cel poder simb\u00f3lico de la m\u00fasica\u201d, ya que refleja la sociedad, la interpreta, la contesta y, en ocasiones, hasta la transforma. \u201c<strong>Nunca se ha generado tanto dinero y nunca ha estado en tan pocas manos. \u00bfConsecuencias? El gran hueco entre los superventas y el resto de m\u00fasicos, y entre las empresas que se dedican a la m\u00fasica en directo<\/strong>. Se genera much\u00edsimo dinero, especialmente despu\u00e9s de la pandemia, y las hay que solo sobreviven mientras otras se han hecho millonarias\u201d, apostilla.\u00a0\u00a0\n<\/p>\n<p>  Sindicalismo y boicots<\/p>\n<p class=\"article-body__text \">\n        Dado que los festivales \u201cson actividades extractivistas y que la m\u00fasica se ha convertido en una competici\u00f3n alimentada por m\u00e9tricas externas como las redes sociales y las escuchas en las plataformas\u201d, M\u00e1rquez aboga por la creaci\u00f3n de un sindicato del sector. \u201c<strong>No es un lujo, ni una opci\u00f3n rom\u00e1ntica, sino una necesidad estructural para equilibrar este mercado que favorece a quienes tienen el poder. Y debe ser vivo, \u00e1gil, digital, inclusivo y cooperativo, hablando del presente y del futuro<\/strong>\u201d, seg\u00fan el m\u00fasico y escritor.\n<\/p>\n<p class=\"article-body__text \">\n        M\u00e1rquez tambi\u00e9n defiende la realizaci\u00f3n de huelgas, boicots y movilizaciones como respuesta a la situaci\u00f3n actual, ya que son \u201cmovimientos pac\u00edficos y legales normalizados en otros pa\u00edses y sectores\u201d. Y busca implicar tanto a los artistas -\u201c<strong>la precariedad laboral les impide mostrar un posicionamiento \u00e9tico con total libertad\u201d, escribe- como al p\u00fablico que acude a los festivales, cada vez m\u00e1s \u201cactos sociales y experiencias\u201d que escaparates musicales<\/strong>. \u201cSu rechazo incidir\u00eda en el consumo y, por tanto, en los ingresos\u201d, apostilla.\u00a0\n<\/p>\n<p class=\"article-body__text \">\n        Finalmente, tambi\u00e9n se muestra cr\u00edtico con la entrada de capital p\u00fablico en la organizaci\u00f3n de festivales, para \u201cvender la internacionalizaci\u00f3n de las ciudades\u201d donde se celebran y fomentar el turismo. En su opini\u00f3n, para evitar la instrumentalizaci\u00f3n institucional propone varias medidas: <strong>cl\u00e1usulas \u00e9ticas para las subvenciones culturales; la transparencia corporativa de las empresas; modelos alternativos con festivales independientes y la evaluaci\u00f3n de su impacto social, no solo econ\u00f3mico.<\/strong><\/p>\n","protected":false},"excerpt":{"rendered":"No podr\u00eda haberse editado en mejor momento Antineutral. M\u00fasica y econom\u00eda moral en la era del Turbocapitalismo (Liburuak).\u00a0El&hellip;\n","protected":false},"author":2,"featured_media":227304,"comment_status":"","ping_status":"","sticky":false,"template":"","format":"standard","meta":{"footnotes":""},"categories":[170],"tags":[534,146,147,25,24,3956,184,185,18675,23],"class_list":{"0":"post-227303","1":"post","2":"type-post","3":"status-publish","4":"format-standard","5":"has-post-thumbnail","7":"category-musica","8":"tag-dinero","9":"tag-entertainment","10":"tag-entretenimiento","11":"tag-es","12":"tag-espana","13":"tag-gran","14":"tag-music","15":"tag-musica","16":"tag-sexy","17":"tag-spain"},"share_on_mastodon":{"url":"https:\/\/pubeurope.com\/@es\/115521521336895715","error":""},"_links":{"self":[{"href":"https:\/\/www.europesays.com\/es\/wp-json\/wp\/v2\/posts\/227303","targetHints":{"allow":["GET"]}}],"collection":[{"href":"https:\/\/www.europesays.com\/es\/wp-json\/wp\/v2\/posts"}],"about":[{"href":"https:\/\/www.europesays.com\/es\/wp-json\/wp\/v2\/types\/post"}],"author":[{"embeddable":true,"href":"https:\/\/www.europesays.com\/es\/wp-json\/wp\/v2\/users\/2"}],"replies":[{"embeddable":true,"href":"https:\/\/www.europesays.com\/es\/wp-json\/wp\/v2\/comments?post=227303"}],"version-history":[{"count":0,"href":"https:\/\/www.europesays.com\/es\/wp-json\/wp\/v2\/posts\/227303\/revisions"}],"wp:featuredmedia":[{"embeddable":true,"href":"https:\/\/www.europesays.com\/es\/wp-json\/wp\/v2\/media\/227304"}],"wp:attachment":[{"href":"https:\/\/www.europesays.com\/es\/wp-json\/wp\/v2\/media?parent=227303"}],"wp:term":[{"taxonomy":"category","embeddable":true,"href":"https:\/\/www.europesays.com\/es\/wp-json\/wp\/v2\/categories?post=227303"},{"taxonomy":"post_tag","embeddable":true,"href":"https:\/\/www.europesays.com\/es\/wp-json\/wp\/v2\/tags?post=227303"}],"curies":[{"name":"wp","href":"https:\/\/api.w.org\/{rel}","templated":true}]}}