{"id":227338,"date":"2025-11-09T20:23:09","date_gmt":"2025-11-09T20:23:09","guid":{"rendered":"https:\/\/www.europesays.com\/es\/227338\/"},"modified":"2025-11-09T20:23:09","modified_gmt":"2025-11-09T20:23:09","slug":"asi-son-las-munecas-de-las-guerreras-k-pop-de-mattel-cuanto-cuestan-y-donde-comprarlas","status":"publish","type":"post","link":"https:\/\/www.europesays.com\/es\/227338\/","title":{"rendered":"As\u00ed son las mu\u00f1ecas de &#8216;Las guerreras k-pop&#8217; de Mattel: \u00bfCu\u00e1nto cuestan y d\u00f3nde comprarlas?"},"content":{"rendered":"<p>Mattel Creations, <b>la divisi\u00f3n de coleccionismo premium de la hist\u00f3rica juguetera<\/b>, ha lanzado el anunciado set de figuras inspirado en el largometraje de animaci\u00f3n de Netflix &#8216;<a href=\"https:\/\/www.ecartelera.com\/peliculas\/las-guerreras-k-pop\/\" rel=\"nofollow noopener\" target=\"_blank\">Las guerreras k-pop<\/a>&#8216;. El paquete, compuesto por tres mu\u00f1ecas que representan a <b>las protagonistas Rumi, Mira y Zoey<\/b> \u2014miembros del grupo ficticio HUNTR\/X\u2014, busca trasladar la energ\u00eda y el estilo del universo del filme a una edici\u00f3n de lujo para coleccionistas de todo el mundo.<\/p>\n<p>Tr\u00e1iler espa\u00f1ol &#8216;Las guerreras k-pop&#8217;<\/p>\n<p><video id=\"vid-36007\" class=\"video-js vjs-default-skin\" data-title=\"Tr\u00e1iler espa\u00f1ol 'Las guerreras k-pop'\" poster=\"https:\/\/www.ecartelera.com\/images\/videos\/36000\/f36007.jpg\" controls=\"\" preload=\"auto\" width=\"640\" height=\"360\" playsinline=\"\" data-vtt=\"\/\/v1.ecartelera.com\/video\/36000\/36007_sprite.vtt\" data-stream=\"1\">El navegador no soporta el tag de v\u00eddeo.<\/video><\/p>\n<p>X<\/p>\n<p>El set, llamado &#8216;What It Sounds Like&#8217; como una de las canciones de la pel\u00edcula, ha sido <b>dise\u00f1ado con una atenci\u00f3n al detalle<\/b> que refleja la est\u00e9tica vibrante y el esp\u00edritu combativo de las hero\u00ednas de la cinta, un <b>h\u00edbrido entre acci\u00f3n sobrenatural y cultura pop coreana<\/b>. Cada figura captura fielmente los atuendos usados por las protagonistas en la escena final de la pel\u00edcula, un momento que los fans ya consideran ic\u00f3nico.<\/p>\n<p>M\u00e1s que simples figuras de colecci\u00f3n, las mu\u00f1ecas se presentan como una pieza de arte que rinde homenaje tanto al k-pop como a la narrativa fant\u00e1stica del filme. Mattel ha apostado por materiales de alta calidad: <b>cada figura mide entre 28 y 30 cent\u00edmetros e incluye 11 puntos de articulaci\u00f3n<\/b> que permiten recrear tanto las coreograf\u00edas como las poses de combate vistas en pantalla. Adem\u00e1s, cuentan con <b>ropa de tela real, cabello enraizado y los caracter\u00edsticos accesorios de sus personajes<\/b>: el saingeom de Rumi, el sinkal de Zoey y el woldo de Mira.<\/p>\n<p>\t\t\t\t\t\t\t\t\t<img decoding=\"async\" loading=\"lazy\" src=\"https:\/\/www.europesays.com\/es\/wp-content\/uploads\/2025\/11\/247622_asi-son-las-munecas-de-las-guerreras-k-pop-de-ma.jpg\" alt=\"Mu\u00f1eca de Mattel de Rumi de 'Las guerreras k-pop'\" width=\"1200\" height=\"1500\"\/>\t<\/p>\n<p>\t\t\t\t\t\t\t\tMu\u00f1eca de Mattel de Rumi de &#8216;Las guerreras k-pop&#8217; (Mattel)<\/p>\n<p>\t\t\t\t\t\t\t\t\t<img decoding=\"async\" loading=\"lazy\" src=\"https:\/\/www.europesays.com\/es\/wp-content\/uploads\/2025\/11\/247624_asi-son-las-munecas-de-las-guerreras-k-pop-de-ma.jpg\" alt=\"Mu\u00f1eca de Mattel de Mira de 'Las guerreras k-pop'\" width=\"1200\" height=\"1500\"\/>\t<\/p>\n<p>\t\t\t\t\t\t\t\tMu\u00f1eca de Mattel de Mira de &#8216;Las guerreras k-pop&#8217; (Mattel)<\/p>\n<p>\t\t\t\t\t\t\t\t\t<img decoding=\"async\" loading=\"lazy\" src=\"https:\/\/www.europesays.com\/es\/wp-content\/uploads\/2025\/11\/247625_asi-son-las-munecas-de-las-guerreras-k-pop-de-ma.jpg\" alt=\"Mu\u00f1eca de Mattel de Zoey de 'Las guerreras k-pop'\" width=\"1200\" height=\"1500\"\/>\t<\/p>\n<p>\t\t\t\t\t\t\t\tMu\u00f1eca de Mattel de Zoey de &#8216;Las guerreras k-pop&#8217; (Mattel)<\/p>\n<p>El packaging tambi\u00e9n ha sido dise\u00f1ado con mimo. Las figuras llegan en una <b>caja de exhibici\u00f3n con cubierta protectora contra el polvo<\/b>, ideal para mantenerlas en perfecto estado. Como toque final, Mattel incluye un <b>certificado de autenticidad<\/b> que garantiza la legitimidad del producto y refuerza su valor como pieza de edici\u00f3n limitada.<\/p>\n<p>Objeto de coleccionista<\/p>\n<p>El lanzamiento de &#8216;Las guerreras k-pop&#8217; <b>ha generado un gran revuelo<\/b> en redes sociales, especialmente entre la comunidad de coleccionistas y los fans de la animaci\u00f3n asi\u00e1tica. El set ha sido promocionado a trav\u00e9s de las plataformas oficiales de Mattel Creations con v\u00eddeos y fotograf\u00edas que destacan <b>su acabado detallado y su car\u00e1cter exclusivo<\/b>.<\/p>\n<p>\t\t\t\t\t\t\t<img decoding=\"async\" loading=\"lazy\" src=\"https:\/\/www.europesays.com\/es\/wp-content\/uploads\/2025\/11\/247623_asi-son-las-munecas-de-las-guerreras-k-pop-de-ma.jpg\" alt=\"Mu\u00f1ecas de Mattel de 'Las guerreras k-pop'\" width=\"1200\" height=\"1500\"\/>\t<\/p>\n<p>\t\t\t\t\t\tMu\u00f1ecas de Mattel de &#8216;Las guerreras k-pop&#8217; (Mattel)<\/p>\n<p>La compa\u00f1\u00eda ha establecido una <b>pol\u00edtica de venta limitada para este lanzamiento: cada comprador podr\u00e1 adquirir un m\u00e1ximo de tres unidades<\/b> con el objetivo de dar oportunidad al mayor n\u00famero de coleccionistas posible. El set tendr\u00e1 <b>un precio de 160 euros<\/b>, incluyendo los impuestos y los gastos de env\u00edo est\u00e1ndar.<\/p>\n<p><b>La preventa comenzar\u00e1 el 12 de noviembre de 2025 a las 18:00 hora espa\u00f1ola<\/b>, exclusivamente a trav\u00e9s del portal de <a target=\"_blank\" href=\"https:\/\/creations.mattel.com\/en-es\/products\/huntrx-rumi-mira-zoey-what-it-sounds-like-3-pack-jrn62https:\/\/creations.mattel.com\/en-es\/products\/huntrx-rumi-mira-zoey-what-it-sounds-like-3-pack-jrn62https:\/\/creations.mattel.com\/en-es\/products\/huntrx-rumi-mira-zoey-what-it-sounds-like-3-pack-jrn62\" rel=\"nofollow noopener\">Mattel Creations<\/a> pero las primeras unidades comenzar\u00e1n a enviarse en octubre de 2026. Un lanzamiento que, sin duda, combina dos pasiones globales \u2014la cultura pop surcoreana y el coleccionismo de figuras premium\u2014 en una edici\u00f3n que promete convertirse en una joya para los seguidores de &#8216;Las guerreras k-pop&#8217;.<\/p>\n","protected":false},"excerpt":{"rendered":"Mattel Creations, la divisi\u00f3n de coleccionismo premium de la hist\u00f3rica juguetera, ha lanzado el anunciado set de figuras&hellip;\n","protected":false},"author":2,"featured_media":227339,"comment_status":"","ping_status":"","sticky":false,"template":"","format":"standard","meta":{"footnotes":""},"categories":[170],"tags":[1014,1015,1013,177,1011,146,147,25,24,782,1019,1016,184,185,753,1012,23,1017,1018],"class_list":{"0":"post-227338","1":"post","2":"type-post","3":"status-publish","4":"format-standard","5":"has-post-thumbnail","7":"category-musica","8":"tag-actores","9":"tag-actrices","10":"tag-cartelera","11":"tag-cine","12":"tag-ecartelera","13":"tag-entertainment","14":"tag-entretenimiento","15":"tag-es","16":"tag-espana","17":"tag-estrellas","18":"tag-fotogramas","19":"tag-fotos","20":"tag-music","21":"tag-musica","22":"tag-peliculas","23":"tag-pelis","24":"tag-spain","25":"tag-trailers","26":"tag-videos"},"share_on_mastodon":{"url":"https:\/\/pubeurope.com\/@es\/115521612778800136","error":""},"_links":{"self":[{"href":"https:\/\/www.europesays.com\/es\/wp-json\/wp\/v2\/posts\/227338","targetHints":{"allow":["GET"]}}],"collection":[{"href":"https:\/\/www.europesays.com\/es\/wp-json\/wp\/v2\/posts"}],"about":[{"href":"https:\/\/www.europesays.com\/es\/wp-json\/wp\/v2\/types\/post"}],"author":[{"embeddable":true,"href":"https:\/\/www.europesays.com\/es\/wp-json\/wp\/v2\/users\/2"}],"replies":[{"embeddable":true,"href":"https:\/\/www.europesays.com\/es\/wp-json\/wp\/v2\/comments?post=227338"}],"version-history":[{"count":0,"href":"https:\/\/www.europesays.com\/es\/wp-json\/wp\/v2\/posts\/227338\/revisions"}],"wp:featuredmedia":[{"embeddable":true,"href":"https:\/\/www.europesays.com\/es\/wp-json\/wp\/v2\/media\/227339"}],"wp:attachment":[{"href":"https:\/\/www.europesays.com\/es\/wp-json\/wp\/v2\/media?parent=227338"}],"wp:term":[{"taxonomy":"category","embeddable":true,"href":"https:\/\/www.europesays.com\/es\/wp-json\/wp\/v2\/categories?post=227338"},{"taxonomy":"post_tag","embeddable":true,"href":"https:\/\/www.europesays.com\/es\/wp-json\/wp\/v2\/tags?post=227338"}],"curies":[{"name":"wp","href":"https:\/\/api.w.org\/{rel}","templated":true}]}}