{"id":227346,"date":"2025-11-09T20:27:14","date_gmt":"2025-11-09T20:27:14","guid":{"rendered":"https:\/\/www.europesays.com\/es\/227346\/"},"modified":"2025-11-09T20:27:14","modified_gmt":"2025-11-09T20:27:14","slug":"esta-vez-no-hay-tiempo-no-hay-un-hasta-pronto","status":"publish","type":"post","link":"https:\/\/www.europesays.com\/es\/227346\/","title":{"rendered":"Esta vez no hay tiempo, no hay un hasta pronto"},"content":{"rendered":"<p><img loading=\"lazy\" decoding=\"async\" src=\"https:\/\/www.europesays.com\/es\/wp-content\/uploads\/2025\/10\/1760450890_434_100x100_informalia-logo.jpg\" itemtype=\"\/\/schema.org\/ImageObject\" itemprop=\"url\" alt=\"Informalia\" width=\"64\" height=\"64\" pinger-seen=\"true\"\/><\/p>\n<p>David Rodr\u00edguez fue uno de los personajes m\u00e1s aclamados de la m\u00edtica serie adolescente F\u00edsica o Qu\u00edmica, donde su historia de amor con Fer (interpretado por Javier Calvo) marc\u00f3 un hito en la ficci\u00f3n televisiva. Tras aquel \u00e9xito, continu\u00f3 su carrera en series como El Chiringuito de Pepe o Los Serrano. Ahora, alejado del mundo de la interpretaci\u00f3n, el actor catal\u00e1n, de 36 a\u00f1os, <b>confirma que atraviesa un bache personal importante<\/b>.<\/p>\n<p>Sus problemas de adicciones le han llevado en varias ocasiones a centros de rehabilitaci\u00f3n, aunque en entrevistas recientes hab\u00eda asegurado que se encontraba bien. Sin embargo, este domingo ha sorprendido a todos con un comunicado inesperado.<\/p>\n<p>\u00abDespu\u00e9s de varios meses crey\u00e9ndome que estoy mejor y dem\u00e1s proyectos que quer\u00eda llevar a cabo, tengo que reconocer que <b>todo ha sido parte de mi enfermedad\u00bb<\/b>, ha deslizado en una historia de Instagam. <\/p>\n<p>El actor ha continuado: <b>\u00abLa poca luz que a\u00fan me queda en mi interior ha vuelto a iluminarme<\/b> para volver a ponerme en tratamiento\u00bb, confesaba, y a\u00f1ad\u00eda: <b>\u00abEsta vez no hay tiempo, no hay un hasta pronto<\/b>. Solo volver\u00e9 cuando realmente me encuentre bien y fuerte. Esto es obedecer y hacer las cosas bien cada d\u00eda\u00bb, dejando claro que su prioridad es volver a ser el de antes. <\/p>\n<p>Rodr\u00edguez tambi\u00e9n ha aprovechado para agradecer todo el cari\u00f1o recibido y ha pedido perd\u00f3n. \u00abDoy las gracias a todo y sobre todo <b>pedir disculpas a toda la gente que haya causado deudas<\/b> o cualquier otro inconveniente\u00bb, reconoc\u00eda. En esta misma l\u00ednea, se ha despedido rotundo: <b>\u00abEstar\u00e9 completamente incomunicado<\/b>. Gracias y un beso fuerte\u00bb, ha concluido.<\/p>\n<p>                            <img decoding=\"async\" src=\"https:\/\/www.europesays.com\/es\/wp-content\/uploads\/2025\/11\/adrian-rodriguez.jpg\" loading=\"lazy\"\/><\/p>\n<p>WhatsApp<a href=\"https:\/\/api.whatsapp.com\/send?text=https:\/\/www.eleconomista.es\/informalia\/famosos\/noticias\/13635509\/11\/25\/adrian-rodriguez-actor-de-fisica-o-quimica-confiesa-su-recaida-en-las-drogas-esta-vez-no-hay-tiempo-no-hay-un-hasta-pronto.html?utm_source%3Dwhatsapp%26utm_medium%3Dshare_button&amp;id=1648118629957_whatsapp\" target=\"_blank\" data-action=\"share\/whatsapp\/share\" aria-label=\"Compartir en Whatsapp\" rel=\"nofollow noopener\"><\/a>Facebook<a id=\"fb-share\" href=\"#\" target=\"_blank\" rel=\"noopener noreferrer\" aria-label=\"Compartir en Facebook\"><\/a>Twitter<a href=\"https:\/\/twitter.com\/share?text=Adri%C3%A1n+Rodr%C3%ADguez%2C+actor+de+%27F%C3%ADsica+o+qu%C3%ADmica%27%2C+confiesa+su+reca%C3%ADda+en+las+drogas%3A+%22Esta+vez+no+hay+tiempo%2C+no+hay+un+hasta+pronto%22&amp;url=https:\/\/www.eleconomista.es\/informalia\/famosos\/noticias\/13635509\/11\/25\/adrian-rodriguez-actor-de-fisica-o-quimica-confiesa-su-recaida-en-las-drogas-esta-vez-no-hay-tiempo-no-hay-un-hasta-pronto.html&amp;via=Informalia&amp;id=1648118839245_twitter\" target=\"_blank\" aria-label=\"Compartir en Twitter\" rel=\"nofollow noopener\"><\/a>Linkedin<a onclick=\"return abrirLinkedin();\" href=\"https:\/\/www.linkedin.com\/shareArticle?text=Adri%C3%A1n+Rodr%C3%ADguez%2C+actor+de+%27F%C3%ADsica+o+qu%C3%ADmica%27%2C+confiesa+su+reca%C3%ADda+en+las+drogas%3A+%22Esta+vez+no+hay+tiempo%2C+no+hay+un+hasta+pronto%22&amp;url=https:\/\/www.eleconomista.es\/informalia\/famosos\/noticias\/13635509\/11\/25\/adrian-rodriguez-actor-de-fisica-o-quimica-confiesa-su-recaida-en-las-drogas-esta-vez-no-hay-tiempo-no-hay-un-hasta-pronto.html&amp;mini=true\" target=\"_blank\" aria-label=\"Compartir en linkedin\" rel=\"nofollow noopener\"><\/a>Beloud<a href=\"https:\/\/beloud.com\/share?text=Adri%C3%A1n+Rodr%C3%ADguez%2C+actor+de+%27F%C3%ADsica+o+qu%C3%ADmica%27%2C+confiesa+su+reca%C3%ADda+en+las+drogas%3A+%22Esta+vez+no+hay+tiempo%2C+no+hay+un+hasta+pronto%22&amp;url=https:\/\/www.eleconomista.es\/informalia\/famosos\/noticias\/13635509\/11\/25\/adrian-rodriguez-actor-de-fisica-o-quimica-confiesa-su-recaida-en-las-drogas-esta-vez-no-hay-tiempo-no-hay-un-hasta-pronto.html&amp;via=Informalia&amp;id=1648118839245_beloud\" target=\"_blank\" aria-label=\"Compartir en beloud\" rel=\"nofollow noopener\"><\/a>Bluesky<a href=\"https:\/\/bsky.app\/intent\/compose?text=https:\/\/bsky.app\/intent\/compose?text=https:\/\/www.eleconomista.es\/informalia\/famosos\/noticias\/13635509\/11\/25\/adrian-rodriguez-actor-de-fisica-o-quimica-confiesa-su-recaida-en-las-drogas-esta-vez-no-hay-tiempo-no-hay-un-hasta-pronto.html&amp;url=https:\/\/www.eleconomista.es\/informalia\/famosos\/noticias\/13635509\/11\/25\/adrian-rodriguez-actor-de-fisica-o-quimica-confiesa-su-recaida-en-las-drogas-esta-vez-no-hay-tiempo-no-hay-un-hasta-pronto.html&amp;via=elEconomistaes&amp;id=1648118839245_bluesky\" target=\"_blank\" aria-label=\"Compartir en bluesky\" rel=\"nofollow noopener\"><\/a><\/p>\n<p><script async src=\"https:\/\/platform.twitter.com\/widgets.js\" charset=\"utf-8\"><\/script><\/p>\n","protected":false},"excerpt":{"rendered":"David Rodr\u00edguez fue uno de los personajes m\u00e1s aclamados de la m\u00edtica serie adolescente F\u00edsica o Qu\u00edmica, donde&hellip;\n","protected":false},"author":2,"featured_media":227347,"comment_status":"","ping_status":"","sticky":false,"template":"","format":"standard","meta":{"footnotes":""},"categories":[91],"tags":[146,147,25,24,260,23],"class_list":{"0":"post-227346","1":"post","2":"type-post","3":"status-publish","4":"format-standard","5":"has-post-thumbnail","7":"category-entretenimiento","8":"tag-entertainment","9":"tag-entretenimiento","10":"tag-es","11":"tag-espana","12":"tag-gente","13":"tag-spain"},"share_on_mastodon":{"url":"https:\/\/pubeurope.com\/@es\/115521628175971366","error":""},"_links":{"self":[{"href":"https:\/\/www.europesays.com\/es\/wp-json\/wp\/v2\/posts\/227346","targetHints":{"allow":["GET"]}}],"collection":[{"href":"https:\/\/www.europesays.com\/es\/wp-json\/wp\/v2\/posts"}],"about":[{"href":"https:\/\/www.europesays.com\/es\/wp-json\/wp\/v2\/types\/post"}],"author":[{"embeddable":true,"href":"https:\/\/www.europesays.com\/es\/wp-json\/wp\/v2\/users\/2"}],"replies":[{"embeddable":true,"href":"https:\/\/www.europesays.com\/es\/wp-json\/wp\/v2\/comments?post=227346"}],"version-history":[{"count":0,"href":"https:\/\/www.europesays.com\/es\/wp-json\/wp\/v2\/posts\/227346\/revisions"}],"wp:featuredmedia":[{"embeddable":true,"href":"https:\/\/www.europesays.com\/es\/wp-json\/wp\/v2\/media\/227347"}],"wp:attachment":[{"href":"https:\/\/www.europesays.com\/es\/wp-json\/wp\/v2\/media?parent=227346"}],"wp:term":[{"taxonomy":"category","embeddable":true,"href":"https:\/\/www.europesays.com\/es\/wp-json\/wp\/v2\/categories?post=227346"},{"taxonomy":"post_tag","embeddable":true,"href":"https:\/\/www.europesays.com\/es\/wp-json\/wp\/v2\/tags?post=227346"}],"curies":[{"name":"wp","href":"https:\/\/api.w.org\/{rel}","templated":true}]}}