{"id":227354,"date":"2025-11-09T20:31:16","date_gmt":"2025-11-09T20:31:16","guid":{"rendered":"https:\/\/www.europesays.com\/es\/227354\/"},"modified":"2025-11-09T20:31:16","modified_gmt":"2025-11-09T20:31:16","slug":"desalojado-westfield-parquesur-de-leganes-por-un-posible-escape-de-gas","status":"publish","type":"post","link":"https:\/\/www.europesays.com\/es\/227354\/","title":{"rendered":"Desalojado Westfield Parquesur de Legan\u00e9s por un posible escape de gas"},"content":{"rendered":"<p>El centro comercial de Legan\u00e9s, <strong>Westfield Parquesur, ha sido desalojado al rozar las 8 de la tarde<\/strong>. Centenares de personas que se encontraban pasando la tarde de domingo entre las tiendas y los restaurantes salieron al exterior a petici\u00f3n de la seguridad del centro comercial. Bomberos de la Comunidad de Madrid acudieron al lugar de los hechos. <\/p>\n<p>Un escape de gas podr\u00eda haber provocado la evacuaci\u00f3n de gran parte de los pasillos del centro comercial. En un domingo de puente en la Comunidad de Madrid, cuando las tiendas de ropa se encontraban abarrotadas, saltaban las alarmas. Seg\u00fan testigos presenciales, <strong>comenzaron a oler a gas en Stradivarius. <\/strong><\/p>\n<p><img fetchpriority=\"high\" decoding=\"async\" width=\"1200\" height=\"674\" src=\"data:image\/svg+xml,%3Csvg%20xmlns=\" http:=\"\" alt=\"Escape de gas en Parquesur Legan\u00e9s\" class=\"wp-image-88001\" data-lazy- data-lazy- data-lazy-src=\"https:\/\/www.europesays.com\/es\/wp-content\/uploads\/2025\/11\/parquesur-desalojado-1200x674.jpg\"\/>Escape de gas en Parquesur. Foto: Angel G Ropero | Legan\u00e9s Activo<\/p>\n<p>R\u00e1pidamente, los servicios de seguridad acud\u00edan al lugar y, comprobado el olor, llamaban a emergencias y <strong>desalojaban los pasillos de la zona, afectando solo al edificio principal<\/strong>. \u00abNos han echado de la cola de los probadores donde ol\u00eda muy fuerte\u00bb, ha asegurado un grupo de chicos a este peri\u00f3dico. <\/p>\n<p>&#8211; Publicidad Contin\u00fae leyendo &#8211;<\/p>\n<p>Los servicios de emergencias y Bomberos de la Comunidad de Madrid acud\u00edan al lugar para comprobar la situaci\u00f3n. A los minutos de llegar,<strong> los efectivos han localizado la fuga en un compresor de aire acondicionado<\/strong>. En estos momentos los efectivos est\u00e1n esperando a que se ventile el sector. <\/p>\n<p>Por su parte, los clientes que se encuentran en la zona han podido salir, aunque <strong>solo han podido sacar los veh\u00edculos de la zona en la que se encuentra el KFC.<\/strong> Sin embargo, los empleados de las tiendas afectadas est\u00e1n a la espera de poder acceder a recoger sus cosas para poder marcharse.<\/p>\n<p>*Queda terminantemente prohibido el uso o distribuci\u00f3n sin previo consentimiento del texto o las im\u00e1genes propias de este art\u00edculo.<\/p>\n<p>Sigue al minuto todas las <strong>noticias de Legan\u00e9s<\/strong>. Suscr\u00edbete gratis al<br \/><a href=\"https:\/\/t.me\/LeganesActivo\" target=\"_blank\" rel=\"noopener nofollow\">Canal de Telegram<\/a><\/p>\n<p>Sigue toda la\u00a0<b>actualidad de Legan\u00e9s <\/b>en <a href=\"http:\/\/leganesactivo.com\" rel=\"nofollow noopener\" target=\"_blank\">leganesactivo.com<\/a><\/p>\n","protected":false},"excerpt":{"rendered":"El centro comercial de Legan\u00e9s, Westfield Parquesur, ha sido desalojado al rozar las 8 de la tarde. Centenares&hellip;\n","protected":false},"author":2,"featured_media":227355,"comment_status":"","ping_status":"","sticky":false,"template":"","format":"standard","meta":{"footnotes":""},"categories":[8],"tags":[4343,17,18,59892,25,24,13,14,11,19,20,9,10,15,16,23,12,21,22],"class_list":{"0":"post-227354","1":"post","2":"type-post","3":"status-publish","4":"format-standard","5":"has-post-thumbnail","7":"category-espana","8":"tag-bomberos","9":"tag-breaking-news","10":"tag-breakingnews","11":"tag-cc-parquesur","12":"tag-es","13":"tag-espana","14":"tag-featured-news","15":"tag-featurednews","16":"tag-headlines","17":"tag-latest-news","18":"tag-latestnews","19":"tag-news","20":"tag-noticias","21":"tag-noticias-destacadas","22":"tag-noticiasdestacadas","23":"tag-spain","24":"tag-titulares","25":"tag-ultimas-noticias","26":"tag-ultimasnoticias"},"share_on_mastodon":{"url":"https:\/\/pubeurope.com\/@es\/115521643177741529","error":""},"_links":{"self":[{"href":"https:\/\/www.europesays.com\/es\/wp-json\/wp\/v2\/posts\/227354","targetHints":{"allow":["GET"]}}],"collection":[{"href":"https:\/\/www.europesays.com\/es\/wp-json\/wp\/v2\/posts"}],"about":[{"href":"https:\/\/www.europesays.com\/es\/wp-json\/wp\/v2\/types\/post"}],"author":[{"embeddable":true,"href":"https:\/\/www.europesays.com\/es\/wp-json\/wp\/v2\/users\/2"}],"replies":[{"embeddable":true,"href":"https:\/\/www.europesays.com\/es\/wp-json\/wp\/v2\/comments?post=227354"}],"version-history":[{"count":0,"href":"https:\/\/www.europesays.com\/es\/wp-json\/wp\/v2\/posts\/227354\/revisions"}],"wp:featuredmedia":[{"embeddable":true,"href":"https:\/\/www.europesays.com\/es\/wp-json\/wp\/v2\/media\/227355"}],"wp:attachment":[{"href":"https:\/\/www.europesays.com\/es\/wp-json\/wp\/v2\/media?parent=227354"}],"wp:term":[{"taxonomy":"category","embeddable":true,"href":"https:\/\/www.europesays.com\/es\/wp-json\/wp\/v2\/categories?post=227354"},{"taxonomy":"post_tag","embeddable":true,"href":"https:\/\/www.europesays.com\/es\/wp-json\/wp\/v2\/tags?post=227354"}],"curies":[{"name":"wp","href":"https:\/\/api.w.org\/{rel}","templated":true}]}}