{"id":227393,"date":"2025-11-09T21:03:08","date_gmt":"2025-11-09T21:03:08","guid":{"rendered":"https:\/\/www.europesays.com\/es\/227393\/"},"modified":"2025-11-09T21:03:08","modified_gmt":"2025-11-09T21:03:08","slug":"tadej-pogacar-no-le-llega-ni-a-los-talones-a-eddy-merckx","status":"publish","type":"post","link":"https:\/\/www.europesays.com\/es\/227393\/","title":{"rendered":"Tadej Pogacar no le llega ni a los talones a Eddy Merckx"},"content":{"rendered":"<p data-gtm-element-container=\"modulo-texto-link\" class=\"paragraph\">Con la mayor\u00eda del pelot\u00f3n y la corriente medi\u00e1tica muy a su favor, sorprende escuchar a alguna voz autorizada negar con tal contundencia la mayor sobre el esloveno<strong> Tadej Pogacar<\/strong>, el actual tirano del ciclismo mundial. As\u00ed lo ha hecho el siempre locuaz <strong>Roger de Vlaeminck<\/strong>, a sus 78 a\u00f1os, en una entrevista con el medio belga Het Laatste Nieuws.<\/p>\n<p data-gtm-element-container=\"modulo-texto-link\" class=\"paragraph\"><strong>\u00ab\u00a1Una locura!\u00bb,<\/strong> contesta de primeras al planteamiento de si Pogacar es tan bueno como Merckx. Y no se corta ni mucho menos al desarrollar su idea:<strong> \u00ab\u00a1Pogacar no le llega ni a los talones a Merckx!<\/strong> Los periodistas que se atreven a hacer esa comparaci\u00f3n no tienen ni idea; solo la escriben. <strong>Si tuviera 22 a\u00f1os hoy y rodara en el pelot\u00f3n con Pogacar, no se escapar\u00eda<\/strong>. \u00bfD\u00f3nde fue hace poco, cuando se escap\u00f3 de Evenepoel? En Lombard\u00eda. Ni siquiera en una subida dif\u00edcil. <strong>\u00bfTan bueno como Merckx? \u00a1Venga ya!<\/strong>\u00ab.<\/p>\n<p data-gtm-element-container=\"modulo-texto-link\" class=\"paragraph\">De Vlaeminck, que desarroll\u00f3 su trayectoria en paralelo junto a Merckx, fue uno de los grandes rivales del Can\u00edbal y siempre intent\u00f3 plantarle cara, algo por lo que critica tambi\u00e9n a otros referentes del actual pelot\u00f3n, que ni siquiera pueden seguir a Pogacar en algunas de las grandes carreras del a\u00f1o.<\/p>\n<p data-gtm-element-container=\"modulo-texto-link\" class=\"paragraph\">Cuando le cuestionan sobre<strong> Mathieu van der Poel<\/strong>, por ejemplo, vuelve a mostrarse muy contundente: <strong>\u00abMe cae bien. Y es un gran ciclista. Pero no sabe hacer contrarreloj, no sabe escalar, no sabe esprintar&#8230;<\/strong> no le queda mucho, \u00bfverdad? Yo gan\u00e9 etapas de monta\u00f1a, contrarreloj, s\u00ed que sab\u00eda esprintar, \u00a1madre m\u00eda!\u00bb.<\/p>\n<p data-gtm-element-container=\"modulo-texto-link\" class=\"paragraph\">El siguiente en pasar por la piedra es <strong>Remco Evenepoel<\/strong>: \u00abNo es mi tipo. Es un buen ciclista, ya sabes. Un contrarrelojista magn\u00edfico. Pero, no s\u00e9&#8230; A veces me parece un poco arrogante. Cruzar la meta y levantar la bici en alto&#8230; \u00bfes necesario? <strong>Solo hay que cruzar la meta y ganar, \u00bfno?\u00bb.<\/strong><\/p>\n<p>    Lee tambi\u00e9n<\/p>\n<p data-gtm-element-container=\"modulo-texto-link\" class=\"paragraph\">De Vlaeminck, conocido como\u00a0Monsieur Paris\u2013Roubaix, es uno de los \u00fanicos tres ciclistas de la historia en haber conquistado los cinco monumentos de la especialidad. Se llev\u00f3 cuatro citas en Roubaix y<strong> un total de 11 monumentos<\/strong> a lo largo de su trayectoria. En las Grandes Vueltas se llev\u00f3 hasta<strong> 22 etapas en el Giro de Italia<\/strong>, adem\u00e1s de una en el Tour de Francia y otra en La Vuelta a Espa\u00f1a.<\/p>\n<p data-gtm-element-container=\"modulo-texto-link\" class=\"paragraph\">Desde su retirada, el ahora exciclista de 78 a\u00f1os ha sido una de las figuras medi\u00e1ticas del ciclismo m\u00e1s agitadoras y pol\u00e9micas con sus palabras. Por eso no extra\u00f1a esa respuesta a la pregunta que todos se han estado haciendo a lo largo de este 2025 con Pogi. \u00bfEs ya mejor que Merckx? Muchos dicen que s\u00ed, \u00e9l, queda claro, que no.<\/p>\n","protected":false},"excerpt":{"rendered":"Con la mayor\u00eda del pelot\u00f3n y la corriente medi\u00e1tica muy a su favor, sorprende escuchar a alguna voz&hellip;\n","protected":false},"author":2,"featured_media":227394,"comment_status":"","ping_status":"","sticky":false,"template":"","format":"standard","meta":{"footnotes":""},"categories":[273],"tags":[313,312,168,25,24,23,167],"class_list":{"0":"post-227393","1":"post","2":"type-post","3":"status-publish","4":"format-standard","5":"has-post-thumbnail","7":"category-ciclismo","8":"tag-ciclismo","9":"tag-cycling","10":"tag-deportes","11":"tag-es","12":"tag-espana","13":"tag-spain","14":"tag-sports"},"share_on_mastodon":{"url":"https:\/\/pubeurope.com\/@es\/115521768749979194","error":""},"_links":{"self":[{"href":"https:\/\/www.europesays.com\/es\/wp-json\/wp\/v2\/posts\/227393","targetHints":{"allow":["GET"]}}],"collection":[{"href":"https:\/\/www.europesays.com\/es\/wp-json\/wp\/v2\/posts"}],"about":[{"href":"https:\/\/www.europesays.com\/es\/wp-json\/wp\/v2\/types\/post"}],"author":[{"embeddable":true,"href":"https:\/\/www.europesays.com\/es\/wp-json\/wp\/v2\/users\/2"}],"replies":[{"embeddable":true,"href":"https:\/\/www.europesays.com\/es\/wp-json\/wp\/v2\/comments?post=227393"}],"version-history":[{"count":0,"href":"https:\/\/www.europesays.com\/es\/wp-json\/wp\/v2\/posts\/227393\/revisions"}],"wp:featuredmedia":[{"embeddable":true,"href":"https:\/\/www.europesays.com\/es\/wp-json\/wp\/v2\/media\/227394"}],"wp:attachment":[{"href":"https:\/\/www.europesays.com\/es\/wp-json\/wp\/v2\/media?parent=227393"}],"wp:term":[{"taxonomy":"category","embeddable":true,"href":"https:\/\/www.europesays.com\/es\/wp-json\/wp\/v2\/categories?post=227393"},{"taxonomy":"post_tag","embeddable":true,"href":"https:\/\/www.europesays.com\/es\/wp-json\/wp\/v2\/tags?post=227393"}],"curies":[{"name":"wp","href":"https:\/\/api.w.org\/{rel}","templated":true}]}}