{"id":227419,"date":"2025-11-09T21:25:09","date_gmt":"2025-11-09T21:25:09","guid":{"rendered":"https:\/\/www.europesays.com\/es\/227419\/"},"modified":"2025-11-09T21:25:09","modified_gmt":"2025-11-09T21:25:09","slug":"copa-de-maestros-2025-ahora-si-alcaraz-comienza-con-buen-pie-y-supera-el-estreno-con-de-minaur-tenis-deportes","status":"publish","type":"post","link":"https:\/\/www.europesays.com\/es\/227419\/","title":{"rendered":"Copa de Maestros 2025: Ahora s\u00ed, Alcaraz comienza con buen pie y supera el estreno con De Mi\u00f1aur | Tenis | Deportes"},"content":{"rendered":"<p class=\"\">Carlos Alcaraz remata la actuaci\u00f3n, lo festeja y descubre un horizonte diferente: ganar o no ganar el primer d\u00eda, dos mundos diferentes. Rampa arriba o rampa abajo. Se le resist\u00eda. <a href=\"https:\/\/elpais.com\/deportes\/tenis\/2023-11-13\/carlos-alcaraz-cede-ante-alexander-zverev-y-esta-contra-las-cuerdas-en-la-copa-de-maestros.html\" target=\"_self\" rel=\"nofollow noopener\" title=\"https:\/\/elpais.com\/deportes\/tenis\/2023-11-13\/carlos-alcaraz-cede-ante-alexander-zverev-y-esta-contra-las-cuerdas-en-la-copa-de-maestros.html\">En 2023 fue Alexander Zverev<\/a> y hace un a\u00f1o <a href=\"https:\/\/elpais.com\/deportes\/tenis\/2024-11-11\/alcaraz-resbalon-ante-ruud-en-su-estreno-en-la-copa-de-maestros.html\" target=\"_self\" rel=\"nofollow noopener\" title=\"https:\/\/elpais.com\/deportes\/tenis\/2024-11-11\/alcaraz-resbalon-ante-ruud-en-su-estreno-en-la-copa-de-maestros.html\">el tropez\u00f3n lleg\u00f3 con Casper Ruud<\/a>, pero lo de esta vez es muy distinto. No hay traspi\u00e9 de por medio. En esta ocasi\u00f3n, un estreno decidido y contundente, m\u00e1s que suficiente para rendir al resignado Alex de Mi\u00f1aur (7-6(5) y 6-2, tras 1h 40m) e incorporar as\u00ed el primer punto al casillero en esta Copa de Maestros. Brazos y pulgares arriba, el n\u00famero dos del mundo empieza entonado y descuenta: est\u00e1 a solo dos victorias de asegurar el trono al cierre del curso.<\/p>\n<p class=\"\">\u201cEstoy muy contento por c\u00f3mo he jugado, he estado muy concentrado todo el rato. Alex siempre es un rival complicado. En el segundo set los nervios han ido y\u00e9ndose y he podido disfrutar m\u00e1s, jugando con mi estilo\u201d, aprecia a pie de pista, donde recuerda: \u201cTodos saben que no compito solo por el trofeo de campe\u00f3n, sino tambi\u00e9n por el n\u00famero uno\u201d. Y as\u00ed es. M\u00e1s que suculento el bot\u00edn que depara <a href=\"https:\/\/elpais.com\/deportes\/tenis\/2025-11-08\/djokovic-ruge-triunfa-y-subraya-el-desaguisado-la-copa-de-maestros-un-canto-a-la-improvisacion.html\" target=\"_self\" rel=\"nofollow noopener\" title=\"https:\/\/elpais.com\/deportes\/tenis\/2025-11-08\/djokovic-ruge-triunfa-y-subraya-el-desaguisado-la-copa-de-maestros-un-canto-a-la-improvisacion.html\">este \u00faltimo torneo del a\u00f1o para \u00e9l<\/a>, que ahora s\u00ed, emprende la marcha con acierto y sin apreturas. Nada que ver empezar de una manera u otra. Ahora, confianza a la mochila y buenas vibraciones, a la espera de comprobar c\u00f3mo se resuelve ma\u00f1ana el otro duelo del grupo, entre el italiano Lorenzo Musetti y el estadounidense Taylor Fritz. <\/p>\n<p>M\u00e1s informaci\u00f3n<\/p>\n<p class=\"\">La m\u00fasica tecno resuena y las butacas vibran, la bola rasa del australiano exige y Alcaraz, l\u00f3gicamente aterrizando, se anima a s\u00ed mismo: \u201c\u00a1Vamos, Charlie, vamos!\u201d. Aprieta De Mi\u00f1aur en el peloteo, pero se sostiene el murciano con el saque y conforme ese brazo envuelto de venas marcadas va entrando en calor y calibra, cambia profundamente la historia. En el instante en que \u00e9l coge el mando, lo disfruta, al tiempo que va sufri\u00e9ndolo el oce\u00e1nico, con piernas para dar y regalar, pero sometido al ritmo elevado que se impone en los peloteos. Tenis de alta velocidad, preciso, atractivo; debate en cada intercambio, pero la mayor\u00eda de las veces hay un tenista que prevalece. Alcaraz va escupiendo chispazos. Ese rev\u00e9s despide inspiraci\u00f3n.<\/p>\n<p class=\"\">Palmas en el Inalpi Arena, delicioso domingo oto\u00f1al en Tur\u00edn. Griter\u00edo abundante de los ni\u00f1os y en ello, esforz\u00e1ndose para que la cuerda del primer set no se rompa, uno que dej\u00f3 de serlo hace mucho y que ahora, con 26 a\u00f1os tan lozanos, se juega su ser o no ser. Va madurando De Mi\u00f1aur, <a href=\"https:\/\/elpais.com\/deportes\/tenis\/2025-07-02\/alex-de-minaur-estoy-aprendiendo-ya-no-muero-por-los-resultados.html\" target=\"_self\" rel=\"nofollow noopener\" title=\"https:\/\/elpais.com\/deportes\/tenis\/2025-07-02\/alex-de-minaur-estoy-aprendiendo-ya-no-muero-por-los-resultados.html\">hoy en la encrucijada: valent\u00eda o nada<\/a>. Inteligente, din\u00e1mico y veloz como pocos, solo un paso al frente desbloquear\u00e1 una carrera que, siendo prometedora, todav\u00eda no ha terminado de definirse. Hoy por hoy, sin olvidar ni desmerecer todos los m\u00e9ritos, que no son pocos, no pasa de la ilusi\u00f3n. El salto de verdad pide m\u00e1s. El acceso a la dimensi\u00f3n que \u00e9l desea demanda un plus que, por ahora, se le resiste.<\/p>\n<p><b>Comer o ser comido<\/b><\/p>\n<p class=\"\">Esta temporada ha mantenido el buen rumbo, del mismo modo que tampoco ha terminado de explotar; a\u00fan se echa en falta un premio mayor en su palmar\u00e9s \u2014categor\u00eda 500 como l\u00edmite\u2014 y en los grandes escenarios no ha conseguido franquear la barrera de los cuartos de final. Ahora bien, independientemente del guion y las circunstancias, De Mi\u00f1aur acostumbra a ser un adversario que obliga a remar. Acelera Alcaraz (break para 3-1) y \u00e9l replica (para 4-3), pero en el desempate, su brazo y su fe se encogen. En cambio, el espa\u00f1ol se crece y pese a que de mu\u00f1eca no est\u00e9 del todo fino, varias dejadas a la malla, acaba imponi\u00e9ndose cuando el duelo (3-5 abajo) pide la envergadura que demuestra.<\/p>\n<p><img decoding=\"auto\" class=\"_re lazyload a_m-h\" height=\"277\"  width=\"414\"  src=\"https:\/\/imagenes.elpais.com\/resizer\/v2\/QEJ3AKEIEFN4ZOMFSZZ5QE7VHI.jpg?auth=eb205dda45941ffc849aed5766ac73a11204fa02600637d0f921c6b3777ca2fc&amp;width=414\" loading=\"lazy\"\/>De Mi\u00f1aur golpea de rev\u00e9s.DPA v\u00eda Europa Press (DPA v\u00eda Europa Press)<\/p>\n<p class=\"\">Luego intercambian bofetadas, pero mientras uno fluye el otro se diluye. Vienen mal dadas para De Mi\u00f1aur, cada vez m\u00e1s err\u00e1tico, menos insurgente, y su tenis va perdiendo fuelle, mientras que el rev\u00e9s paralelo de Alcaraz comienza a abrir brecha \u2014tres roturas sucesivas en la segunda manga\u2014 y le conduce felizmente hacia la primera victoria. Un tesoro. La gente se lo pasa bien, el dj llama a la fiesta y entre esas melod\u00edas bailonas contin\u00faa destap\u00e1ndose la versi\u00f3n jer\u00e1rquica del chico de El Palmar: constan 32 ganadores, 28 errores y correcci\u00f3n con el servicio. Optimista despegue, pues, y giro de volante, dados los antecedentes. Empezar ganando, una novedosa y bienvenida perspectiva para \u00e9l.<\/p>\n<p class=\"\">\u201cEmpezar el torneo con victoria se agradece y siempre es bueno\u201d, afirma luego ante los periodistas. \u201cSobre todo por la confianza que te puede dar de cara al resto de los partidos\u201d, prosigue, a la vez que valora el rendimiento con su reverso \u2014\u201cvengo sintiendo muy bien ese golpe desde hace tiempo; en Par\u00eds no sali\u00f3, pero es importante tener confianza\u201d\u2014 y asegura haber aprendido de las dos experiencias fallidas. \u201cSoy consciente de que aqu\u00ed estamos los ocho mejores del mundo. Aqu\u00ed, o juegas bien o te comen, y eso te ayuda a estar concentrado todo el rato en cada golpe y en cada momento\u201d, concluye en declaraciones recogidas por Movistar+. Y no le falta raz\u00f3n: Tur\u00edn no admite la m\u00e1s m\u00ednima duda.<\/p>\n<p>BRILLANTE ESTRENO DE GRANOLLERS<\/p>\n<p>A. C. | Tur\u00edn<\/p>\n<p class=\"ql-align-justify\">La representaci\u00f3n espa\u00f1ola en Tur\u00edn no se reduce a Alcaraz. De hecho, el tenis nacional cuenta con otra baza privilegiada en la figura de Marcel Granollers, una vez m\u00e1s acompa\u00f1ado por el argentino Horacio Zeballos. Hoy son la tercera mejor pareja del mundo e intentar\u00e1n lograr su primer trofeo maestro en su sexta participaci\u00f3n consecutiva.<\/p>\n<p class=\"ql-align-justify\">De entrada, el catal\u00e1n (39) y su compa\u00f1ero (40) consiguieron este domingo un triunfo de m\u00e9rito contra los defensores del t\u00edtulo, los alemanes Kevin Krawietz y Tim Puetz. Lo obtuvieron finalmente al desempate, bien manejado por su parte pese al amago de reacci\u00f3n: 6-4, 4-6 y 10-6, tras 1h 33m. En los pr\u00f3ximos d\u00edas afrontar\u00e1n a los brit\u00e1nicos Julian Cash y Lloyd Glasspool y a los italianos Simone Bolelli y Andrea Vavassori.<\/p>\n<p class=\"ql-align-justify\">Granollers y Zeballos est\u00e1n completando su mejor campa\u00f1a y se han consolidado como una de los d\u00faos m\u00e1s experimentados. Han elevado cinco t\u00edtulos, entre ellos los de Roland Garros y el US Open. Cabe recordar, adem\u00e1s, que el barcelon\u00e9s ya conquist\u00f3 la Copa de Maestros en 2012, en compa\u00f1\u00eda de Marc L\u00f3pez.<\/p>\n<p>Carlos Alcaraz<\/p>\n<p>vs<\/p>\n<p>\u00c1lex de Mi\u00f1aur<\/p>\n<p>\n                    Sets: <\/p>\n<p>                                                                                    Set 1<br \/>\n                                                                                                                Set 2<br \/>\n                                                                                                        Todos<\/p>\n<p>                                    Puntos ganados con primer servicio<\/p>\n<p>                                    Puntos ganados con segundo servicio<\/p>\n<p>                                    Puntos de break convertidos<\/p>\n<p>                                    Puntos ganados con primer servicio<\/p>\n<p>                                    Puntos ganados con segundo servicio<\/p>\n<p>                                    Puntos de break convertidos<\/p>\n<p>                                Puntos ganados con primer servicio<\/p>\n<p>                                Puntos ganados con segundo servicio<\/p>\n<p>                                Puntos de break convertidos<\/p>\n","protected":false},"excerpt":{"rendered":"Carlos Alcaraz remata la actuaci\u00f3n, lo festeja y descubre un horizonte diferente: ganar o no ganar el primer&hellip;\n","protected":false},"author":2,"featured_media":227420,"comment_status":"","ping_status":"","sticky":false,"template":"","format":"standard","meta":{"footnotes":""},"categories":[274],"tags":[5620,17145,545,1540,58683,168,25,24,628,59907,23,167,327,11759,326,4786],"class_list":{"0":"post-227419","1":"post","2":"type-post","3":"status-publish","4":"format-standard","5":"has-post-thumbnail","7":"category-tenis","8":"tag-alex-de-minaur","9":"tag-atp-tour","10":"tag-carlos-alcaraz","11":"tag-competiciones","12":"tag-copa-de-maestros","13":"tag-deportes","14":"tag-es","15":"tag-espana","16":"tag-italia","17":"tag-masters-atp","18":"tag-spain","19":"tag-sports","20":"tag-tenis","21":"tag-tenistas","22":"tag-tennis","23":"tag-turin"},"share_on_mastodon":{"url":"https:\/\/pubeurope.com\/@es\/115521855848747391","error":""},"_links":{"self":[{"href":"https:\/\/www.europesays.com\/es\/wp-json\/wp\/v2\/posts\/227419","targetHints":{"allow":["GET"]}}],"collection":[{"href":"https:\/\/www.europesays.com\/es\/wp-json\/wp\/v2\/posts"}],"about":[{"href":"https:\/\/www.europesays.com\/es\/wp-json\/wp\/v2\/types\/post"}],"author":[{"embeddable":true,"href":"https:\/\/www.europesays.com\/es\/wp-json\/wp\/v2\/users\/2"}],"replies":[{"embeddable":true,"href":"https:\/\/www.europesays.com\/es\/wp-json\/wp\/v2\/comments?post=227419"}],"version-history":[{"count":0,"href":"https:\/\/www.europesays.com\/es\/wp-json\/wp\/v2\/posts\/227419\/revisions"}],"wp:featuredmedia":[{"embeddable":true,"href":"https:\/\/www.europesays.com\/es\/wp-json\/wp\/v2\/media\/227420"}],"wp:attachment":[{"href":"https:\/\/www.europesays.com\/es\/wp-json\/wp\/v2\/media?parent=227419"}],"wp:term":[{"taxonomy":"category","embeddable":true,"href":"https:\/\/www.europesays.com\/es\/wp-json\/wp\/v2\/categories?post=227419"},{"taxonomy":"post_tag","embeddable":true,"href":"https:\/\/www.europesays.com\/es\/wp-json\/wp\/v2\/tags?post=227419"}],"curies":[{"name":"wp","href":"https:\/\/api.w.org\/{rel}","templated":true}]}}