{"id":227421,"date":"2025-11-09T21:26:09","date_gmt":"2025-11-09T21:26:09","guid":{"rendered":"https:\/\/www.europesays.com\/es\/227421\/"},"modified":"2025-11-09T21:26:09","modified_gmt":"2025-11-09T21:26:09","slug":"horny-y-morichon-reinan-en-ormaiztegi","status":"publish","type":"post","link":"https:\/\/www.europesays.com\/es\/227421\/","title":{"rendered":"Horny y Morichon reinan en Ormaiztegi"},"content":{"rendered":"<p>La 53\u00aa edici\u00f3n del Ciclocross Internacional de Ormaiztegi ha vuelto a convertir esta ma\u00f1ana a la localidad goierritarra en el epicentro del ciclocross vasco e  &#8230; internacional. Desde primera hora se ha respirado un ambiente excepcional, con un p\u00fablico entregado, un circuito exigente pero perfectamente preparado y un alto nivel competitivo en todas las categor\u00edas.<\/p>\n<p class=\"v-p\">Aunque las previsiones meteorol\u00f3gicas auguraban una jornada pasada por barro, el circuito ha resistido en excelentes condiciones. Ha habido zonas h\u00famedas y algo resbaladizas, pero sin llegar a los barrizales de a\u00f1os anteriores, lo que ha permitido mantener un ritmo alto y disfrutar de carreras espectaculares en cada salida.<\/p>\n<p class=\"v-p\">La categor\u00eda \u00e9lite masculina ha sido una de las m\u00e1s intensas y disputadas de la ma\u00f1ana. El belga Cl\u00e9ment Horny (BH-Wallonie) se ha llevado la victoria con un tiempo de 1:02:18, tras protagonizar un bonito duelo con el c\u00e1ntabro Gonzalo Inguanzo (Froiz), segundo a 14 segundos, y con Mario Junquera (Unicaja-Gij\u00f3n), que ha completado el podio a 50 segundos. El local Ion Izagirre, del equipo Cofidis, part\u00eda con el apoyo del p\u00fablico, pero una aver\u00eda mec\u00e1nica en la primera vuelta le ha hecho perder tiempo y opciones de podio. Aun as\u00ed, ha completado la carrera y ha terminado 15\u00ba, a 5:05 del ganador, recibiendo el aplauso un\u00e1nime de los asistentes.<\/p>\n<p class=\"v-p\">En la categor\u00eda \u00e9lite femenina, el protagonismo ha sido franc\u00e9s, con la victoria de Ana\u00efs Morichon, que ha cruzado la meta en 49:19. Le han seguido Sara Cueto, a 46 segundos, y L\u00e9a Stern, tercera a 1:06. Han completado el top 5 Ana L\u00f3pez (+1:39) y Ad\u00e8le Hurteloup (+1:50).<\/p>\n<p class=\"v-p\">En la categor\u00eda j\u00fanior masculina, el joven Benjam\u00edn Noval \u2014reciente fichaje del equipo Ineos Grenadiers\u2014 ha confirmado su proyecci\u00f3n al imponerse con un tiempo de 36:20. Segundo ha sido Ra\u00fal L\u00f3pez, a 13 segundos, y tercero el franc\u00e9s Cl\u00e9ment Bouyssou, a 1:09. Tambi\u00e9n ha brillado el guipuzcoano Aner Irizar, que ha completado una gran actuaci\u00f3n en una categor\u00eda repleta de talento emergente.<\/p>\n<p class=\"v-p\">La prueba j\u00fanior femenina ha tenido como clara vencedora a la francesa No\u00e9mie Jurado Roumieux, que ha parado el crono en 43:31. Le han seguido Mar\u00eda Guti\u00e9rrez (+2:52) y la guipuzcoana Maddi Saizar (+3:12), completando un podio de gran nivel.<\/p>\n<p class=\"v-p\">En la categor\u00eda cadete masculina, la victoria ha sido para Alejandro Diego, y en la femenina, la m\u00e1s r\u00e1pida ha sido Laura Solares.<\/p>\n<p class=\"v-p\">Durante toda la ma\u00f1ana, el p\u00fablico ha llenado las zonas de animaci\u00f3n y las curvas m\u00e1s espectaculares del recorrido, disfrutando de un ambiente deportivo, familiar y festivo. El buen tiempo y la excelente organizaci\u00f3n han redondeado una jornada que ha vuelto a confirmar que Ormaiztegi sigue siendo la catedral del ciclocross de Gipuzkoa.<\/p>\n<p class=\"v-p\">Con m\u00e1s de medio siglo de historia, el CX de Ormaiztegi mantiene vivo su esp\u00edritu original: competitividad, tradici\u00f3n y pasi\u00f3n por el ciclocross, consolid\u00e1ndose un a\u00f1o m\u00e1s como una cita imprescindible del calendario estatal e internacional.<\/p>\n","protected":false},"excerpt":{"rendered":"La 53\u00aa edici\u00f3n del Ciclocross Internacional de Ormaiztegi ha vuelto a convertir esta ma\u00f1ana a la localidad goierritarra&hellip;\n","protected":false},"author":2,"featured_media":227422,"comment_status":"","ping_status":"","sticky":false,"template":"","format":"standard","meta":{"footnotes":""},"categories":[273],"tags":[313,312,168,25,24,59908,59909,59911,59910,23,167],"class_list":{"0":"post-227421","1":"post","2":"type-post","3":"status-publish","4":"format-standard","5":"has-post-thumbnail","7":"category-ciclismo","8":"tag-ciclismo","9":"tag-cycling","10":"tag-deportes","11":"tag-es","12":"tag-espana","13":"tag-horny","14":"tag-morichon","15":"tag-ormaiztegi","16":"tag-reinan","17":"tag-spain","18":"tag-sports"},"share_on_mastodon":{"url":"https:\/\/pubeurope.com\/@es\/115521859291191915","error":""},"_links":{"self":[{"href":"https:\/\/www.europesays.com\/es\/wp-json\/wp\/v2\/posts\/227421","targetHints":{"allow":["GET"]}}],"collection":[{"href":"https:\/\/www.europesays.com\/es\/wp-json\/wp\/v2\/posts"}],"about":[{"href":"https:\/\/www.europesays.com\/es\/wp-json\/wp\/v2\/types\/post"}],"author":[{"embeddable":true,"href":"https:\/\/www.europesays.com\/es\/wp-json\/wp\/v2\/users\/2"}],"replies":[{"embeddable":true,"href":"https:\/\/www.europesays.com\/es\/wp-json\/wp\/v2\/comments?post=227421"}],"version-history":[{"count":0,"href":"https:\/\/www.europesays.com\/es\/wp-json\/wp\/v2\/posts\/227421\/revisions"}],"wp:featuredmedia":[{"embeddable":true,"href":"https:\/\/www.europesays.com\/es\/wp-json\/wp\/v2\/media\/227422"}],"wp:attachment":[{"href":"https:\/\/www.europesays.com\/es\/wp-json\/wp\/v2\/media?parent=227421"}],"wp:term":[{"taxonomy":"category","embeddable":true,"href":"https:\/\/www.europesays.com\/es\/wp-json\/wp\/v2\/categories?post=227421"},{"taxonomy":"post_tag","embeddable":true,"href":"https:\/\/www.europesays.com\/es\/wp-json\/wp\/v2\/tags?post=227421"}],"curies":[{"name":"wp","href":"https:\/\/api.w.org\/{rel}","templated":true}]}}