{"id":227438,"date":"2025-11-09T21:39:08","date_gmt":"2025-11-09T21:39:08","guid":{"rendered":"https:\/\/www.europesays.com\/es\/227438\/"},"modified":"2025-11-09T21:39:08","modified_gmt":"2025-11-09T21:39:08","slug":"elegancia-precision-y-gran-autonomia-en-este-smartwatch-amazfit-que-tiene-un-precio-atractivo","status":"publish","type":"post","link":"https:\/\/www.europesays.com\/es\/227438\/","title":{"rendered":"Elegancia, precisi\u00f3n y gran autonom\u00eda en este smartwatch Amazfit que tiene un precio atractivo"},"content":{"rendered":"<p>Amazfit es una de esas marcas que, a lo largo del a\u00f1o, lanza al mercado una gran variedad de <a title=\"relojes inteligentes\" href=\"https:\/\/andro4all.com\/compras\/mejores-smartwatches\" target=\"_blank\" rel=\"nofollow noopener\">relojes inteligentes<\/a>. Por ejemplo, a mediados de febrero de este a\u00f1o pusieron a la venta el <a title=\"Amazfit Active 2\" href=\"https:\/\/andro4all.com\/relojes-inteligentes\/amazfit-active-2-analisis-opinion\" target=\"_blank\" rel=\"nofollow noopener\">Amazfit Active 2<\/a>, y por sus caracter\u00edsticas <b>no pas\u00f3 desapercibido<\/b>. Pues bien, dicho smartwatch ahora tiene un <b>17 % de descuento en Amazon<\/b> y un precio muy competitivo, as\u00ed que es <b>un buen momento para comprarlo<\/b>.<\/p>\n<p>En el momento de escribir estas l\u00edneas <a title=\"el Amazfit Active 2 est\u00e1 disponible por 82,99 euros en Amazon\" href=\"https:\/\/www.amazon.es\/dp\/B0DSPWKJW4\/?tag=lr-tecnologia-ofertas-antonio-21\" rel=\"nofollow,sponsored noopener\" target=\"_blank\">el Amazfit Active 2 est\u00e1 disponible por 82,99 euros en Amazon<\/a>, mientras que <a title=\"en la web de Amazfit cuesta 99,90 euros\" href=\"https:\/\/es.amazfit.com\/products\/amazfit-active-2\" target=\"_blank\" rel=\"nofollow noopener\">en la web de Amazfit cuesta 99,90 euros<\/a>. Al precio actual, es <b>uno de los mejores de su categor\u00eda que puedes comprar<\/b>. Por cierto, estamos hablando del modelo de 44 mm. Ahora que hemos hablado del precio, es momento de echar un vistazo a sus caracter\u00edsticas para ver qu\u00e9 ofrece.<\/p>\n<p>Un reloj inteligente elegante repleto de funciones<\/p>\n<p>El Amazfit Active 2 presume de un <b>dise\u00f1o elegante<\/b> que queda bien con cualquier ropa. En cuanto al <b>bisel de acero inoxidable<\/b>, no solo aporta una mayor resistencia, sino que le da un toque cl\u00e1sico y sofisticado. No menos impresionante es su <b>pantalla AMOLED de 1.32 pulgadas<\/b> que se ve perfectamente incluso bajo el sol. El modelo que en oferta est\u00e1 equipado con una correa de silicona negra, dise\u00f1ada para ser transpirable y c\u00f3moda.<\/p>\n<p>En su interior encontramos el <b>sensor BioTracker 6.0 PPG<\/b>. Adem\u00e1s de destacar por su fiabilidad, monitoriza la frecuencia card\u00edaca, lleva a cabo un an\u00e1lisis del sue\u00f1o, <b>mide el nivel de ox\u00edgeno en sangre<\/b> y m\u00e1s. En este aspecto, es muy completo y no tiene nada que envidiar a los modelos de la competencia.<\/p>\n<p>Si eres de los que que hacen ejercicio al aire libre, te encantar\u00e1 saber que cuenta un GPS r\u00e1pido y preciso. De hecho, soporta <b>5 sistemas de posicionamiento por sat\u00e9lite<\/b>. A esto hay que sumar <b>m\u00e1s de 160 modos de entrenamiento<\/b>, su resistencia al agua de hasta 50 metros y la presencia de un bar\u00f3metro.<\/p>\n<p>Por otro lado, no est\u00e1 de m\u00e1s mencionar que permite la <b>descarga gratuita de mapas<\/b> y ofrece indicaciones giro a giro directamente en pantalla o a trav\u00e9s de tus auriculares. Otro punto a destacar es la autonom\u00eda: <b>hasta 10 d\u00edas de uso t\u00edpico<\/b>, hasta 19 d\u00edas activando el modo ahorro de bater\u00eda y hasta 5 d\u00edas de uso intensivo.<\/p>\n<p>Llegados a este punto, podr\u00edamos decir que el Amazfit Active 2 no solo cumple, sino que <b>supera las expectativas<\/b> de lo que un smartwatch de este rango de precio debe ofrecer. Si buscas un reloj inteligente que sea <b>una apuesta segura a corto, medio y largo plazo<\/b>, entonces no dejes pasar esta oferta y hazte con \u00e9l ante de que se agote.<\/p>\n<p>Este art\u00edculo est\u00e1 pensado para ayudarte a descubrir productos de tu inter\u00e9s o para que tomes una mejor decisi\u00f3n de compra. Algunos de los enlaces que incluye son de afiliados, por lo que si realizas una compra a trav\u00e9s de ellos La Raz\u00f3n podr\u00eda recibir una peque\u00f1a comisi\u00f3n. Este hecho no influye en nuestras recomendaciones ni en el precio que pagas por el producto.<\/p>\n","protected":false},"excerpt":{"rendered":"Amazfit es una de esas marcas que, a lo largo del a\u00f1o, lanza al mercado una gran variedad&hellip;\n","protected":false},"author":2,"featured_media":227439,"comment_status":"","ping_status":"","sticky":false,"template":"","format":"standard","meta":{"footnotes":""},"categories":[81],"tags":[119,123,124,25,24,117,121,122,23,118,120],"class_list":{"0":"post-227438","1":"post","2":"type-post","3":"status-publish","4":"format-standard","5":"has-post-thumbnail","7":"category-ciencia-y-tecnologia","8":"tag-ciencia","9":"tag-ciencia-y-tecnologia","10":"tag-cienciaytecnologia","11":"tag-es","12":"tag-espana","13":"tag-science","14":"tag-science-and-technology","15":"tag-scienceandtechnology","16":"tag-spain","17":"tag-technology","18":"tag-tecnologia"},"share_on_mastodon":{"url":"https:\/\/pubeurope.com\/@es\/115521910439433962","error":""},"_links":{"self":[{"href":"https:\/\/www.europesays.com\/es\/wp-json\/wp\/v2\/posts\/227438","targetHints":{"allow":["GET"]}}],"collection":[{"href":"https:\/\/www.europesays.com\/es\/wp-json\/wp\/v2\/posts"}],"about":[{"href":"https:\/\/www.europesays.com\/es\/wp-json\/wp\/v2\/types\/post"}],"author":[{"embeddable":true,"href":"https:\/\/www.europesays.com\/es\/wp-json\/wp\/v2\/users\/2"}],"replies":[{"embeddable":true,"href":"https:\/\/www.europesays.com\/es\/wp-json\/wp\/v2\/comments?post=227438"}],"version-history":[{"count":0,"href":"https:\/\/www.europesays.com\/es\/wp-json\/wp\/v2\/posts\/227438\/revisions"}],"wp:featuredmedia":[{"embeddable":true,"href":"https:\/\/www.europesays.com\/es\/wp-json\/wp\/v2\/media\/227439"}],"wp:attachment":[{"href":"https:\/\/www.europesays.com\/es\/wp-json\/wp\/v2\/media?parent=227438"}],"wp:term":[{"taxonomy":"category","embeddable":true,"href":"https:\/\/www.europesays.com\/es\/wp-json\/wp\/v2\/categories?post=227438"},{"taxonomy":"post_tag","embeddable":true,"href":"https:\/\/www.europesays.com\/es\/wp-json\/wp\/v2\/tags?post=227438"}],"curies":[{"name":"wp","href":"https:\/\/api.w.org\/{rel}","templated":true}]}}