{"id":227444,"date":"2025-11-09T21:42:08","date_gmt":"2025-11-09T21:42:08","guid":{"rendered":"https:\/\/www.europesays.com\/es\/227444\/"},"modified":"2025-11-09T21:42:08","modified_gmt":"2025-11-09T21:42:08","slug":"el-negociador-de-vox-revela-que-el-pp-sigue-sin-candidato-para-suceder-a-mazon-una-semana-despues-de-la-dimision","status":"publish","type":"post","link":"https:\/\/www.europesays.com\/es\/227444\/","title":{"rendered":"El negociador de Vox revela que el PP sigue sin candidato para suceder a Maz\u00f3n una semana despu\u00e9s de la dimisi\u00f3n"},"content":{"rendered":"<p class=\"article-text\">\n        Pocos avances de momento en los primeros contactos que ha habido entre Vox y el PP para llegar a un acuerdo que posibilite que el partido de extrema derecha vote a un diputado de los populares para suceder a Carlos Maz\u00f3n tras el anuncio de su dimisi\u00f3n por su gesti\u00f3n de la dana.\n    <\/p>\n<p>    <a href=\"https:\/\/www.eldiario.es\/comunitat-valenciana\/pp-vox-reunen-viernes-valencia-iniciar-negociaciones-suceder-mazon_1_12747759.html\" data-mrf-recirculation=\"saber-mas\" data-dl-event=\"saber-mas\" rel=\"nofollow noopener\" target=\"_blank\"><\/p>\n<p class=\"know-more__title\">PP y Vox se re\u00fanen este viernes en Valencia para iniciar las negociaciones para suceder a Maz\u00f3n<\/p>\n<p>            <img decoding=\"async\" class=\"lazy\" loading=\"lazy\" data-src=\"https:\/\/static.eldiario.es\/clip\/7744f0a6-b14e-4292-abd1-fd8b65496227_16-9-aspect-ratio_default_0.jpg\" src=\"data:image\/svg+xml,%3Csvg xmlns=\" http:=\"\" viewbox=\"0 0 880 495\" alt=\"PP y Vox se re\u00fanen este viernes en Valencia para iniciar las negociaciones para suceder a Maz\u00f3n\"\/><\/p>\n<p>                        <\/a><\/p>\n<p class=\"article-text\">\n        As\u00ed lo ha dejado entrever este domingo el secretario general de Vox, Ignacio Garriga, una de las personas designadas por el l\u00edder de la formaci\u00f3n, Santiago Abascal, para negociar el acuerdo, junto a la vicesecretaria nacional de acci\u00f3n de gobierno, Montserrat Lluis.\u00a0Por su parte, el presidente de los populares, Alberto N\u00fa\u00f1ez Feij\u00f3o, ha afirmado en Sevilla durante la calusura del congreso del PP andaluz que \u201ctodo saldr\u00e1 bien\u201d.\n    <\/p>\n<p class=\"article-text\">\n        Tras la primera toma de contacto telef\u00f3nica que mantuvieron el pasado martes 4 de noviembre Feij\u00f3o y Abascal, tan solo ha trascendido una \u00fanica reuni\u00f3n entre ambas partes, <a href=\"https:\/\/www.eldiario.es\/comunitat-valenciana\/pp-vox-reunen-viernes-valencia-iniciar-negociaciones-suceder-mazon_1_12747759.html\" data-mrf-recirculation=\"links-noticia\" class=\"link\" rel=\"nofollow noopener\" target=\"_blank\">avanzada por elDiario.es<\/a>, que se produjo el viernes 7 de noviembre en Val\u00e8ncia.\n    <\/p>\n<p class=\"article-text\">\n        Pese a que diferentes fuentes y medios hablan de un acuerdo cercano a falta de concretar las medidas referidas a los menores migrantes no acompa\u00f1ados a los que Vox quiere deportar, lo cierto es que Garriga ha asegurado que el PP a\u00fan no les ha comunicado qui\u00e9n es su candidato a suceder de Maz\u00f3n, un aspecto que consideran clave para avanzar en las conversaciones. Con todo, en pol\u00edtica muchas veces lo que se afirma p\u00fablicamente no tiene mucho que ver con lo que sucede realmente tras los focos y en este sentido ambos partidos quieren discreci\u00f3n.\n    <\/p>\n<p class=\"article-text\">\n        Garriga, ha asegurado que su formaci\u00f3n no quiere participar en un \u201ccirco medi\u00e1tico\u201d y que, por ello, negociar\u00e1 \u201ccon discreci\u00f3n\u201d con el PP en la Comunitat Valenciana, tras presentar Carlos Maz\u00f3n su dimisi\u00f3n como presidente de esta autonom\u00eda.\n    <\/p>\n<p class=\"article-text\">\n        En declaraciones a los periodistas antes del acto &#8216;Primero nuestros vecinos&#8217; organizado por esta formaci\u00f3n en Matar\u00f3 (Barcelona), Garriga ha reclamado al PP que elija qui\u00e9n ser\u00e1 su candidato a sustituir a Maz\u00f3n para que Vox pueda hablar con este sobre \u201clas estrategias pol\u00edticas que permitan avanzar en la recuperaci\u00f3n de Valencia\u201d.\n    <\/p>\n<p>    <a href=\"https:\/\/www.eldiario.es\/comunitat-valenciana\/politica\/vox-urge-pp-primera-reunion-valencia-aclare-proponga-candidato-generalitat_1_12751326.html\" data-mrf-recirculation=\"saber-mas-abajo\" data-dl-event=\"saber-mas-abajo\" rel=\"nofollow noopener\" target=\"_blank\"><\/p>\n<p class=\"know-more__title\">Vox urge al PP en su primera reuni\u00f3n en Val\u00e8ncia a que se aclare y proponga un candidato para la Generalitat<\/p>\n<p>            <img decoding=\"async\" class=\"lazy\" loading=\"lazy\" data-src=\"https:\/\/static.eldiario.es\/clip\/40044799-a118-450a-b24e-289f701008b2_16-9-aspect-ratio_default_0.jpg\" src=\"data:image\/svg+xml,%3Csvg xmlns=\" http:=\"\" viewbox=\"0 0 880 495\" alt=\"Vox urge al PP en su primera reuni\u00f3n en Val\u00e8ncia a que se aclare y proponga un candidato para la Generalitat\"\/><\/p>\n<p>                        <\/a><\/p>\n<p class=\"article-text\">\n        Ha dicho entender la \u201cinquietud\u201d y el \u201cinter\u00e9s medi\u00e1tico\u201d sobre esta cuesti\u00f3n, pero ha a\u00f1adido que Vox se guiar\u00e1 por el principio de \u201cprudencia\u201d y no por la \u201cpresi\u00f3n medi\u00e1tica\u201d.\n    <\/p>\n","protected":false},"excerpt":{"rendered":"Pocos avances de momento en los primeros contactos que ha habido entre Vox y el PP para llegar&hellip;\n","protected":false},"author":2,"featured_media":227445,"comment_status":"","ping_status":"","sticky":false,"template":"","format":"standard","meta":{"footnotes":""},"categories":[8],"tags":[517,2206,1705,17,18,3965,242,25,24,13,14,11,1667,19,20,9,10,15,16,1925,23,12,21,22,235],"class_list":{"0":"post-227444","1":"post","2":"type-post","3":"status-publish","4":"format-standard","5":"has-post-thumbnail","7":"category-espana","8":"tag-actualidad","9":"tag-alicante","10":"tag-analisis","11":"tag-breaking-news","12":"tag-breakingnews","13":"tag-castellon","14":"tag-comunidad-valenciana","15":"tag-es","16":"tag-espana","17":"tag-featured-news","18":"tag-featurednews","19":"tag-headlines","20":"tag-informacion","21":"tag-latest-news","22":"tag-latestnews","23":"tag-news","24":"tag-noticias","25":"tag-noticias-destacadas","26":"tag-noticiasdestacadas","27":"tag-opinion","28":"tag-spain","29":"tag-titulares","30":"tag-ultimas-noticias","31":"tag-ultimasnoticias","32":"tag-valencia"},"share_on_mastodon":{"url":"https:\/\/pubeurope.com\/@es\/115521922273596042","error":""},"_links":{"self":[{"href":"https:\/\/www.europesays.com\/es\/wp-json\/wp\/v2\/posts\/227444","targetHints":{"allow":["GET"]}}],"collection":[{"href":"https:\/\/www.europesays.com\/es\/wp-json\/wp\/v2\/posts"}],"about":[{"href":"https:\/\/www.europesays.com\/es\/wp-json\/wp\/v2\/types\/post"}],"author":[{"embeddable":true,"href":"https:\/\/www.europesays.com\/es\/wp-json\/wp\/v2\/users\/2"}],"replies":[{"embeddable":true,"href":"https:\/\/www.europesays.com\/es\/wp-json\/wp\/v2\/comments?post=227444"}],"version-history":[{"count":0,"href":"https:\/\/www.europesays.com\/es\/wp-json\/wp\/v2\/posts\/227444\/revisions"}],"wp:featuredmedia":[{"embeddable":true,"href":"https:\/\/www.europesays.com\/es\/wp-json\/wp\/v2\/media\/227445"}],"wp:attachment":[{"href":"https:\/\/www.europesays.com\/es\/wp-json\/wp\/v2\/media?parent=227444"}],"wp:term":[{"taxonomy":"category","embeddable":true,"href":"https:\/\/www.europesays.com\/es\/wp-json\/wp\/v2\/categories?post=227444"},{"taxonomy":"post_tag","embeddable":true,"href":"https:\/\/www.europesays.com\/es\/wp-json\/wp\/v2\/tags?post=227444"}],"curies":[{"name":"wp","href":"https:\/\/api.w.org\/{rel}","templated":true}]}}