{"id":227446,"date":"2025-11-09T21:43:08","date_gmt":"2025-11-09T21:43:08","guid":{"rendered":"https:\/\/www.europesays.com\/es\/227446\/"},"modified":"2025-11-09T21:43:08","modified_gmt":"2025-11-09T21:43:08","slug":"europa-y-america-latina-deben-ser-un-faro-de-estabilidad-prosperidad-y-apertura-presidente-actividad","status":"publish","type":"post","link":"https:\/\/www.europesays.com\/es\/227446\/","title":{"rendered":"\u00abEuropa y Am\u00e9rica Latina deben ser un faro de estabilidad, prosperidad y apertura\u00bb [Presidente\/Actividad]"},"content":{"rendered":"<p>El presidente del Gobierno, Pedro S\u00e1nchez, ha participado en la IV Cumbre UE-CELAC que se celebra bajo presidencia colombiana. En su intervenci\u00f3n en la sesi\u00f3n plenaria, el presidente del Gobierno ha puesto en valor el encuentro destacando que, durante la Presidencia espa\u00f1ola de la Uni\u00f3n Europea en 2023, Espa\u00f1a relanz\u00f3 las reuniones entre ambas regiones y la alianza estrat\u00e9gica, que ha calificado de \u00abimperativo geoestrat\u00e9gico\u00bb en el contexto geopol\u00edtico actual: \u00abEuropa y Am\u00e9rica Latina pueden y deben ser un faro de estabilidad, prosperidad y apertura\u00bb, ha asegurado.<\/p>\n<p>Bajo el prisma de la defensa del multilateralismo frente al debilitamiento de la gobernanza global, el presidente del Gobierno ha indicado que s\u00f3lo un sistema internacional basado en reglas permite responder a los grandes desaf\u00edos transnacionales, como la emergencia clim\u00e1tica, el crimen organizado, la inteligencia artificial o la justicia fiscal. Adem\u00e1s, ha a\u00f1adido, por el compromiso de Am\u00e9rica Latina con el multilateralismo, la igualdad y la justicia, Espa\u00f1a considera que la pr\u00f3xima secretaria general de Naciones Unidas debe ser mujer y latinoamericana.<\/p>\n<p>En materia de comercio, el presidente Pedro S\u00e1nchez ha enfatizado la posici\u00f3n favorable de Espa\u00f1a a la aprobaci\u00f3n de acuerdo con Mercosur antes de fin de a\u00f1o, as\u00ed como ahondar en las relaciones con M\u00e9xico modernizando el Acuerdo Global suscrito entre ambos pa\u00edses. Respecto a las inversiones, ha destacado el liderazgo de Espa\u00f1a como primer inversor en Am\u00e9rica Latina contribuyendo a la Agenda Global Gateway con 9.400 millones de euros, de los cuales 5.300 millones de euros han sido ya movilizados para operaciones en la regi\u00f3n y proyectos de conectividad, transici\u00f3n verde y digital, salud, e infraestructuras sostenibles. Asimismo, ha puesto en valor los v\u00ednculos que unen a ambas regiones y ha destacado particularmente los pilares de las relaciones entre Espa\u00f1a y Am\u00e9rica Latina y Caribe sustentados en la historia, los lazos sociales y el idioma comunes.<\/p>\n","protected":false},"excerpt":{"rendered":"El presidente del Gobierno, Pedro S\u00e1nchez, ha participado en la IV Cumbre UE-CELAC que se celebra bajo presidencia&hellip;\n","protected":false},"author":2,"featured_media":227447,"comment_status":"","ping_status":"","sticky":false,"template":"","format":"standard","meta":{"footnotes":""},"categories":[5],"tags":[3382,17,18,25,24,13,14,11,19,20,9,10,15,16,1461,23,12,21,22],"class_list":{"0":"post-227446","1":"post","2":"type-post","3":"status-publish","4":"format-standard","5":"has-post-thumbnail","7":"category-titulares","8":"tag-actividad","9":"tag-breaking-news","10":"tag-breakingnews","11":"tag-es","12":"tag-espana","13":"tag-featured-news","14":"tag-featurednews","15":"tag-headlines","16":"tag-latest-news","17":"tag-latestnews","18":"tag-news","19":"tag-noticias","20":"tag-noticias-destacadas","21":"tag-noticiasdestacadas","22":"tag-presidente","23":"tag-spain","24":"tag-titulares","25":"tag-ultimas-noticias","26":"tag-ultimasnoticias"},"share_on_mastodon":{"url":"https:\/\/pubeurope.com\/@es\/115521926153764421","error":""},"_links":{"self":[{"href":"https:\/\/www.europesays.com\/es\/wp-json\/wp\/v2\/posts\/227446","targetHints":{"allow":["GET"]}}],"collection":[{"href":"https:\/\/www.europesays.com\/es\/wp-json\/wp\/v2\/posts"}],"about":[{"href":"https:\/\/www.europesays.com\/es\/wp-json\/wp\/v2\/types\/post"}],"author":[{"embeddable":true,"href":"https:\/\/www.europesays.com\/es\/wp-json\/wp\/v2\/users\/2"}],"replies":[{"embeddable":true,"href":"https:\/\/www.europesays.com\/es\/wp-json\/wp\/v2\/comments?post=227446"}],"version-history":[{"count":0,"href":"https:\/\/www.europesays.com\/es\/wp-json\/wp\/v2\/posts\/227446\/revisions"}],"wp:featuredmedia":[{"embeddable":true,"href":"https:\/\/www.europesays.com\/es\/wp-json\/wp\/v2\/media\/227447"}],"wp:attachment":[{"href":"https:\/\/www.europesays.com\/es\/wp-json\/wp\/v2\/media?parent=227446"}],"wp:term":[{"taxonomy":"category","embeddable":true,"href":"https:\/\/www.europesays.com\/es\/wp-json\/wp\/v2\/categories?post=227446"},{"taxonomy":"post_tag","embeddable":true,"href":"https:\/\/www.europesays.com\/es\/wp-json\/wp\/v2\/tags?post=227446"}],"curies":[{"name":"wp","href":"https:\/\/api.w.org\/{rel}","templated":true}]}}