{"id":227452,"date":"2025-11-09T21:51:11","date_gmt":"2025-11-09T21:51:11","guid":{"rendered":"https:\/\/www.europesays.com\/es\/227452\/"},"modified":"2025-11-09T21:51:11","modified_gmt":"2025-11-09T21:51:11","slug":"el-uemc-baloncesto-valladolid-a-lo-suyo-lejos-de-las-goteras","status":"publish","type":"post","link":"https:\/\/www.europesays.com\/es\/227452\/","title":{"rendered":"El UEMC Baloncesto Valladolid, a lo suyo lejos de las goteras"},"content":{"rendered":"<p class=\"paragraph\">&#8230; Y el UEMC Baloncesto Valladolid sum\u00f3 un nuevo triunfo en Gij\u00f3n para mantener su casillero de derrotas inmaculado y mantener su privilegiada situaci\u00f3n de invicto. No importa que las goteras de Pisuerga le llevaran a jugar al tetris a lo largo de la semana para poder entrenar. No importa que llevara dos semanas sin competir tras la sonrojante suspensi\u00f3n ante la Cultural Leonesa. No importa que no haya podido entrenar a\u00fan con el equipo al completo. De puntillas y sin hacer ruido el UEMC CBV sigue a lo suyo, sorteando inconvenientes y con ese \u00e1rbol de ra\u00edz amarga pero de frutos muy dulces que es la paciencia. Y es que no hay aut\u00e9ntico genio sin paciencia. La paciencia de saber esperar a que se cruzara en el camino un jugador como EduArqu\u00e9s, sustituto eventual del lesionado Ochi y&#8230; por lo visto en Gij\u00f3n,  cuando se recupere el p\u00edvot tunecino todo un refuerzo de lujo hasta final de temporada.<\/p>\n<p>            <a href=\"#\" title=\"\"><\/p>\n<p>                    <img loading=\"lazy\" decoding=\"async\" data-index=\"\" width=\"140\" height=\"140\" alt=\"Imagen de la suspensi\u00f3n del \u00faltimo partido del UEMC Baloncesto Valladolid por las goteras de Pisuerga.\" data-full=\"[object Object]\" data-original=\"[object Object]\" src=\"https:\/\/imagenes.diariodevalladolid.es\/files\/related_image\/uploads\/2025\/11\/08\/690f95dc06454.jpeg\" data-full-src=\"https:\/\/www.europesays.com\/es\/wp-content\/uploads\/2025\/11\/690f95dc06454.jpeg\"\/><\/p>\n<p>            <\/a><\/p>\n<p class=\"paragraph\">Porque el UEMC Baloncesto Valladolid mostr\u00f3 en Gij\u00f3n que tiene un equipo muy bien armado. Que juega al son que toca Pau Isern pero en el que cada uno tiene un papel protagonista para dar relevo al l\u00edder que  se ha erigido desde el arranque. I\u00f1aki Ordo\u00f1ez, con ese trabajo impagable de trincheras que por momentos recuerda a la buena \u00e9poca (solo la buena) de Sergio de la Fuente. Capaz de matar desde fuera. Capaz de ayudar en el rebote. Capaz de  desequilibrar como pocos en ese juego dentro-fuera letal en el baloncesto moderno.<\/p>\n<p class=\"paragraph\">Tras unos primeros momentos de tanteo y estudio del rival con intercambio de canastas el UEMC CBCV\u00a0supo esperar para asestar su primer golpe de manos de Isern en el segundo cuarto. Las balas de Gij\u00f3n representadas en las figuras de Pierre Philippe y Arcos, pronto se convertir\u00edan en fuegos de artificio cediendo ante un rival vallisoletano con mucho fondo de armario y sin la necesidad ni siquiera de forzar a Carre\u00f1o, testigo de excepci\u00f3n en el banquillo.<\/p>\n<p class=\"paragraph\">Edu Arqu\u00e9s demostr\u00f3 su versatilidad con dos envenenados triples que sirvieron para dar las primeras ventajas claras al UEMC. Pero si algo tiene este equipo es que tiene puntos, muchos puntos en sus manos apreciando ese basket vertiginoso sin descanso que propugna el impasible David Barro. Hanna y Haney cogieron tambi\u00e9n su fusil para ametrallar al previsible e impotente  C\u00edrculo de Gij\u00f3n y dar relevo a un inspirado Pau Isern, que volvi\u00f3 a gustarse ejerciendo desde su posici\u00f3n de base de m\u00e1ximo artillero del partido con 24 puntos y 31 de valoraci\u00f3n.<\/p>\n<p>C\u00edrculo Gij\u00f3n 74; UEMC Baloncesto Valladolid 88<\/p>\n<ul>\n<li><b>C\u00edrculo Gij\u00f3n Baloncesto:<\/b> Reilly (8), Philippe (22), Arcos (14), Okafor (2) y Men\u00e9ndez (10) -quinteto inicial- Ram\u00edrez (1), Franco (2),  Barros (10), Luis (-) y D\u00edaz (5).<\/li>\n<li><b>UEMC Baloncesto Valladolid<\/b>: Taiwo (2), Hanna (13), Haney (15), Mar\u00edn (4) y Ord\u00f3\u00f1ez (17) -quinteto inicial- Garc\u00eda-Abril (1), Isern (24), Mart\u00edn (2), Arqu\u00e9s (10) y Hansen (-).<\/li>\n<li><b>\u00c1rbitros<\/b>: Rijo e Ibarra.<\/li>\n<li><b>Parciales cada Cuarto:<\/b> 18-29; 18-23 (36-43;descanso); 19-23 y 19-22 (<b>74-88; final<\/b>).<\/li>\n<\/ul>\n<p><\/p>\n<p class=\"paragraph\">El UEMC Baloncesto Valladolid, fino y acertado desde la linea de tres (11 de 21)  se sacaba de la chistera otro laborioso triunfo aparentemente sin dificultad y repartiendo minutos de forma equitativa entre sus 10 profesionales con el regalo a\u00f1adido de minuto y medio para el canterano Hansen (74-88).<\/p>\n<p class=\"c-detail__media__subtitle\">\n<p>                Imagen del duelo entre  el C\u00edrculo Gij\u00f3n Baloncesto y el UEMC Baloncesto Valladolid.LOF<\/p>\n<p>        Imagen del duelo entre  el C\u00edrculo Gij\u00f3n Baloncesto y el UEMC Baloncesto Valladolid.<\/p>\n<p class=\"c-detail__media__subtitle\">\n<p>                Imagen del duelo entre  el C\u00edrculo Gij\u00f3n Baloncesto y el UEMC Baloncesto Valladolid.LOF<\/p>\n<p>        Imagen del duelo entre  el C\u00edrculo Gij\u00f3n Baloncesto y el UEMC Baloncesto Valladolid.<\/p>\n<p class=\"c-detail__media__subtitle\">\n<p>                Imagen del duelo entre  el C\u00edrculo Gij\u00f3n Baloncesto y el UEMC Baloncesto Valladolid.LOF<\/p>\n<p>        Imagen del duelo entre  el C\u00edrculo Gij\u00f3n Baloncesto y el UEMC Baloncesto Valladolid.<\/p>\n<p class=\"c-detail__media__subtitle\">\n<p>                Imagen del duelo entre  el C\u00edrculo Gij\u00f3n Baloncesto y el UEMC Baloncesto Valladolid.LOF<\/p>\n<p>        Imagen del duelo entre  el C\u00edrculo Gij\u00f3n Baloncesto y el UEMC Baloncesto Valladolid.<\/p>\n<p class=\"c-detail__media__subtitle\">\n<p>                Imagen del duelo entre  el C\u00edrculo Gij\u00f3n Baloncesto y el UEMC Baloncesto Valladolid.LOF<\/p>\n<p>        Imagen del duelo entre  el C\u00edrculo Gij\u00f3n Baloncesto y el UEMC Baloncesto Valladolid.<\/p>\n<p class=\"c-detail__media__subtitle\">\n<p>                Imagen del duelo entre  el C\u00edrculo Gij\u00f3n Baloncesto y el UEMC Baloncesto Valladolid.LOF<\/p>\n<p>        Imagen del duelo entre  el C\u00edrculo Gij\u00f3n Baloncesto y el UEMC Baloncesto Valladolid.<\/p>\n<p class=\"c-detail__media__subtitle\">\n<p>                Imagen del duelo entre  el C\u00edrculo Gij\u00f3n Baloncesto y el UEMC Baloncesto Valladolid.LOF<\/p>\n<p>        Imagen del duelo entre  el C\u00edrculo Gij\u00f3n Baloncesto y el UEMC Baloncesto Valladolid.<\/p>\n<p class=\"c-detail__media__subtitle\">\n<p>                Imagen del duelo entre  el C\u00edrculo Gij\u00f3n Baloncesto y el UEMC Baloncesto Valladolid.LOF<\/p>\n<p>        Imagen del duelo entre  el C\u00edrculo Gij\u00f3n Baloncesto y el UEMC Baloncesto Valladolid.<\/p>\n<p class=\"c-detail__media__subtitle\">\n<p>                Imagen del duelo entre  el C\u00edrculo Gij\u00f3n Baloncesto y el UEMC Baloncesto Valladolid.LOF<\/p>\n<p>        Imagen del duelo entre  el C\u00edrculo Gij\u00f3n Baloncesto y el UEMC Baloncesto Valladolid.<\/p>\n<p class=\"c-detail__media__subtitle\">\n<p>                Imagen del duelo entre  el C\u00edrculo Gij\u00f3n Baloncesto y el UEMC Baloncesto Valladolid.LOF<\/p>\n<p>        Imagen del duelo entre  el C\u00edrculo Gij\u00f3n Baloncesto y el UEMC Baloncesto Valladolid.<\/p>\n<p class=\"c-detail__media__subtitle\">\n<p>                Imagen del duelo entre  el C\u00edrculo Gij\u00f3n Baloncesto y el UEMC Baloncesto Valladolid.LOF<\/p>\n<p>        Imagen del duelo entre  el C\u00edrculo Gij\u00f3n Baloncesto y el UEMC Baloncesto Valladolid.<\/p>\n<p class=\"c-detail__media__subtitle\">\n<p>                Imagen del duelo entre  el C\u00edrculo Gij\u00f3n Baloncesto y el UEMC Baloncesto Valladolid.LOF<\/p>\n<p>        Imagen del duelo entre  el C\u00edrculo Gij\u00f3n Baloncesto y el UEMC Baloncesto Valladolid.<\/p>\n<p class=\"c-detail__media__subtitle\">\n<p>                Imagen del duelo entre  el C\u00edrculo Gij\u00f3n Baloncesto y el UEMC Baloncesto Valladolid.LOF<\/p>\n<p>        Imagen del duelo entre  el C\u00edrculo Gij\u00f3n Baloncesto y el UEMC Baloncesto Valladolid.<\/p>\n<p class=\"c-detail__media__subtitle\">\n<p>                Imagen del duelo entre  el C\u00edrculo Gij\u00f3n Baloncesto y el UEMC Baloncesto Valladolid.LOF<\/p>\n<p>        Imagen del duelo entre  el C\u00edrculo Gij\u00f3n Baloncesto y el UEMC Baloncesto Valladolid.<\/p>\n","protected":false},"excerpt":{"rendered":"&#8230; Y el UEMC Baloncesto Valladolid sum\u00f3 un nuevo triunfo en Gij\u00f3n para mantener su casillero de derrotas&hellip;\n","protected":false},"author":2,"featured_media":227453,"comment_status":"","ping_status":"","sticky":false,"template":"","format":"standard","meta":{"footnotes":""},"categories":[269],"tags":[299,298,168,25,24,3923,6023,23,167],"class_list":{"0":"post-227452","1":"post","2":"type-post","3":"status-publish","4":"format-standard","5":"has-post-thumbnail","7":"category-baloncesto","8":"tag-baloncesto","9":"tag-basketball","10":"tag-deportes","11":"tag-es","12":"tag-espana","13":"tag-federacion-espanola-de-baloncesto","14":"tag-gijon","15":"tag-spain","16":"tag-sports"},"share_on_mastodon":{"url":"https:\/\/pubeurope.com\/@es\/115521958189550582","error":""},"_links":{"self":[{"href":"https:\/\/www.europesays.com\/es\/wp-json\/wp\/v2\/posts\/227452","targetHints":{"allow":["GET"]}}],"collection":[{"href":"https:\/\/www.europesays.com\/es\/wp-json\/wp\/v2\/posts"}],"about":[{"href":"https:\/\/www.europesays.com\/es\/wp-json\/wp\/v2\/types\/post"}],"author":[{"embeddable":true,"href":"https:\/\/www.europesays.com\/es\/wp-json\/wp\/v2\/users\/2"}],"replies":[{"embeddable":true,"href":"https:\/\/www.europesays.com\/es\/wp-json\/wp\/v2\/comments?post=227452"}],"version-history":[{"count":0,"href":"https:\/\/www.europesays.com\/es\/wp-json\/wp\/v2\/posts\/227452\/revisions"}],"wp:featuredmedia":[{"embeddable":true,"href":"https:\/\/www.europesays.com\/es\/wp-json\/wp\/v2\/media\/227453"}],"wp:attachment":[{"href":"https:\/\/www.europesays.com\/es\/wp-json\/wp\/v2\/media?parent=227452"}],"wp:term":[{"taxonomy":"category","embeddable":true,"href":"https:\/\/www.europesays.com\/es\/wp-json\/wp\/v2\/categories?post=227452"},{"taxonomy":"post_tag","embeddable":true,"href":"https:\/\/www.europesays.com\/es\/wp-json\/wp\/v2\/tags?post=227452"}],"curies":[{"name":"wp","href":"https:\/\/api.w.org\/{rel}","templated":true}]}}