{"id":227471,"date":"2025-11-09T22:04:11","date_gmt":"2025-11-09T22:04:11","guid":{"rendered":"https:\/\/www.europesays.com\/es\/227471\/"},"modified":"2025-11-09T22:04:11","modified_gmt":"2025-11-09T22:04:11","slug":"la-encargada-de-la-embajada-de-mexico-en-peru-abandona-el-pais-en-medio-de-la-ruptura-diplomatica-entre-ambas-naciones","status":"publish","type":"post","link":"https:\/\/www.europesays.com\/es\/227471\/","title":{"rendered":"La encargada de la embajada de M\u00e9xico en Per\u00fa abandona el pa\u00eds en medio de la ruptura diplom\u00e1tica entre ambas naciones"},"content":{"rendered":"<p class=\"\">Karla Ornelas, la encargada de la embajada de M\u00e9xico en Per\u00fa, abandon\u00f3 el pa\u00eds el s\u00e1bado por la noche, una semana despu\u00e9s de que el Gobierno de Jos\u00e9 Jer\u00ed la expulsara con un \u201cplazo perentorio\u201d. Algunos periodistas apostados en la residencia, ubicada en el distrito lime\u00f1o de San Isidro, alertaron la salida de una camioneta hacia el aeropuerto Jorge Ch\u00e1vez. Por algunas horas corri\u00f3 el rumor de que en el veh\u00edculo iba Betssy Ch\u00e1vez, la exprimera ministra de Pedro Castillo, acusada de rebeli\u00f3n y conspiraci\u00f3n, cuyo asilo deton\u00f3 el <a href=\"https:\/\/elpais.com\/mexico\/2025-11-03\/peru-rompe-relaciones-diplomaticas-con-mexico-por-el-asilo-a-la-ex-primera-ministra-de-pedro-castillo.html\" target=\"_self\" rel=\"nofollow noopener\" title=\"https:\/\/elpais.com\/mexico\/2025-11-03\/peru-rompe-relaciones-diplomaticas-con-mexico-por-el-asilo-a-la-ex-primera-ministra-de-pedro-castillo.html\">rompimiento de las relaciones<\/a> diplom\u00e1ticas entre Per\u00fa y M\u00e9xico.<\/p>\n<p class=\"\">Migraciones acab\u00f3 al borde de la medianoche con las especulaciones que corr\u00edan como reguero de p\u00f3lvora en las redes sociales. \u201cEn la fecha y seg\u00fan lo dispuesto por el Gobierno del Per\u00fa, la encargada de negocios de los Estados Unidos Mexicanos realiz\u00f3 su control migratorio de salida y abandon\u00f3 el pa\u00eds\u201d, asegur\u00f3 el organismo de Interior en un escueto comunicado. <\/p>\n<p><img alt=\"Fachada de la embajada de M\u00e9xico en Per\u00fa, el 3 de noviembre.\" decoding=\"auto\" class=\"_re lazyload a_m-h\" height=\"276\"  width=\"414\"  src=\"https:\/\/www.europesays.com\/es\/wp-content\/uploads\/2025\/11\/C5WJDOBFKBJPZDO234YZFYDO3M.jpg\" loading=\"lazy\"\/>Fachada de la embajada de M\u00e9xico en Per\u00fa, el 3 de noviembre.Martin Mejia (AP)<\/p>\n<p class=\"\">No es la primera vez que el Per\u00fa <a href=\"https:\/\/elpais.com\/mexico\/2025-11-07\/historia-de-una-ruptura-asi-se-deterioraron-las-relaciones-diplomaticas-entre-peru-y-mexico.html\" target=\"_self\" rel=\"nofollow noopener\" title=\"https:\/\/elpais.com\/mexico\/2025-11-07\/historia-de-una-ruptura-asi-se-deterioraron-las-relaciones-diplomaticas-entre-peru-y-mexico.html\">expulsa a un diplom\u00e1tico mexicano<\/a> de alto rango. En diciembre de 2022, removi\u00f3 al embajador Pablo Monroy en represalia por haber sido determinante para que M\u00e9xico asilara a la esposa y a los hijos del expresidente Pedro Castillo tras su fallido intento por quebrar el orden constitucional. Ahora, el choque se repite con Karla Ornelas, quien dio su visto bueno para que Ch\u00e1vez, una de las presuntas coautoras del autogolpe, se refugiara en la embajada. <\/p>\n<p class=\"\">El Gobierno mexicano ha determinado que Ch\u00e1vez es una perseguida pol\u00edtica, al igual que Pedro Castillo. Una percepci\u00f3n que ha sido cuestionada por la clase pol\u00edtica peruana. Hace unos d\u00edas, el Ministerio de Relaciones Exteriores emiti\u00f3 un comunicado donde dej\u00f3 en suspenso la entrega del salvoconducto que necesita Ch\u00e1vez para viajar a M\u00e9xico. El Gobierno de Jos\u00e9 Jer\u00ed \u2014<a href=\"https:\/\/elpais.com\/america\/2025-10-15\/jose-jeri-presenta-su-gabinete-en-la-vispera-de-una-protesta-nacional-que-reclama-su-salida.html\" target=\"_self\" rel=\"nofollow noopener\" title=\"https:\/\/elpais.com\/america\/2025-10-15\/jose-jeri-presenta-su-gabinete-en-la-vispera-de-una-protesta-nacional-que-reclama-su-salida.html\">que este lunes cumplir\u00e1 un mes en el cargo<\/a>\u2014 se resiste bajo el argumento de que el derecho al asilo diplom\u00e1tico se ha desnaturalizado al otorgarse a quienes no son perseguidos. <\/p>\n<p><img alt=\"Pedro Castillo y Betssy Ch\u00e1vez en Lima, en noviembre de 2022.\" decoding=\"auto\" class=\"_re lazyload a_m-h\" height=\"276\"  width=\"414\"  src=\"https:\/\/www.europesays.com\/es\/wp-content\/uploads\/2025\/11\/5U7IWLWJEVFDPMYMCYXROF5EUU.jpg\" loading=\"lazy\"\/>Pedro Castillo y Betssy Ch\u00e1vez en Lima, en noviembre de 2022.@BetssyChavez<\/p>\n<p class=\"\">Algunos internacionalistas sostienen que el Per\u00fa debe cumplir con sus compromisos internacionales y no poner m\u00e1s piedras en este l\u00edo que ha roto las relaciones entre dos pa\u00edses que en doscientos a\u00f1os de historia casi no hab\u00edan tenido impasses. Se trata de un conflicto que ha escalado desde hace tres a\u00f1os. Lo cierto es que, seg\u00fan una encuesta de Ipsos para el diario Per\u00fa 21, un gran sector de la poblaci\u00f3n considera que Betssy Ch\u00e1vez debe quedarse en el Per\u00fa para afrontar su juicio. El 79% est\u00e1 de acuerdo con ello. Un porcentaje que disminuye al 75% en las regiones y crece hasta el 84% en Lima, la capital. <\/p>\n<p class=\"\">La situaci\u00f3n de Betssy Ch\u00e1vez <a href=\"https:\/\/elpais.com\/mexico\/2025-11-08\/peru-deja-en-suspenso-el-salvoconducto-a-la-ex-primera-ministra-de-pedro-castillo-refugiada-en-la-embajada-de-mexico.html\" target=\"_self\" rel=\"nofollow noopener\" title=\"https:\/\/elpais.com\/mexico\/2025-11-08\/peru-deja-en-suspenso-el-salvoconducto-a-la-ex-primera-ministra-de-pedro-castillo-refugiada-en-la-embajada-de-mexico.html\">ha entrado en una nebulosa<\/a>. Permanece en la embajada de M\u00e9xico, pero sin la presencia de su m\u00e1ximo representante. Si pone un pie fuera de la residencia ser\u00e1 arrestada. El Ejecutivo, en tanto, ha se\u00f1alado que pedir\u00e1 a la OEA que reforme la Convenci\u00f3n de Caracas, porque se \u201cha producido una evoluci\u00f3n negativa en su pr\u00e1ctica internacional\u201d. Conversar\u00e1 con los pa\u00edses miembro para elevar una propuesta. Un proceso sin ning\u00fan plazo a la vista que solo alargar\u00e1 la decisi\u00f3n sobre la exprimera ministra. <\/p>\n<p class=\"\">Hace unos d\u00edas, el Ministerio P\u00fablico solicit\u00f3 que se revoque la comparecencia que se le otorg\u00f3 a Betssy Ch\u00e1vez y se le d\u00e9 una nueva prisi\u00f3n preventiva por \u201cincumplir con todas las restricciones impuestas\u201d. Como se recuerda, la abogada estuvo encarcelada desde mediados de 2023 hasta septiembre, cuando recuper\u00f3 su libertad gracias a un fallo del Tribunal Constitucional. Una nueva decisi\u00f3n se conocer\u00e1 este 13 de noviembre.<\/p>\n","protected":false},"excerpt":{"rendered":"Karla Ornelas, la encargada de la embajada de M\u00e9xico en Per\u00fa, abandon\u00f3 el pa\u00eds el s\u00e1bado por la&hellip;\n","protected":false},"author":2,"featured_media":227472,"comment_status":"","ping_status":"","sticky":false,"template":"","format":"standard","meta":{"footnotes":""},"categories":[42],"tags":[889,17,18,18291,47619,48892,15229,13,14,11,61,62,63,64,19,20,1804,1906,9,10,15,16,59914,705,13805,12,21,22,65,66,67],"class_list":{"0":"post-227471","1":"post","2":"type-post","3":"status-publish","4":"format-standard","5":"has-post-thumbnail","7":"category-internacional","8":"tag-america","9":"tag-breaking-news","10":"tag-breakingnews","11":"tag-claudia-sheinbaum","12":"tag-conflictos-diplomaticos","13":"tag-dina-boluarte","14":"tag-diplomacia","15":"tag-featured-news","16":"tag-featurednews","17":"tag-headlines","18":"tag-internacional","19":"tag-international","20":"tag-international-news","21":"tag-internationalnews","22":"tag-latest-news","23":"tag-latestnews","24":"tag-latinoamerica","25":"tag-mexico","26":"tag-news","27":"tag-noticias","28":"tag-noticias-destacadas","29":"tag-noticiasdestacadas","30":"tag-pedro-castillo","31":"tag-peru","32":"tag-relaciones-bilaterales","33":"tag-titulares","34":"tag-ultimas-noticias","35":"tag-ultimasnoticias","36":"tag-world","37":"tag-world-news","38":"tag-worldnews"},"share_on_mastodon":{"url":"","error":"Validation failed: Text character limit of 500 exceeded"},"_links":{"self":[{"href":"https:\/\/www.europesays.com\/es\/wp-json\/wp\/v2\/posts\/227471","targetHints":{"allow":["GET"]}}],"collection":[{"href":"https:\/\/www.europesays.com\/es\/wp-json\/wp\/v2\/posts"}],"about":[{"href":"https:\/\/www.europesays.com\/es\/wp-json\/wp\/v2\/types\/post"}],"author":[{"embeddable":true,"href":"https:\/\/www.europesays.com\/es\/wp-json\/wp\/v2\/users\/2"}],"replies":[{"embeddable":true,"href":"https:\/\/www.europesays.com\/es\/wp-json\/wp\/v2\/comments?post=227471"}],"version-history":[{"count":0,"href":"https:\/\/www.europesays.com\/es\/wp-json\/wp\/v2\/posts\/227471\/revisions"}],"wp:featuredmedia":[{"embeddable":true,"href":"https:\/\/www.europesays.com\/es\/wp-json\/wp\/v2\/media\/227472"}],"wp:attachment":[{"href":"https:\/\/www.europesays.com\/es\/wp-json\/wp\/v2\/media?parent=227471"}],"wp:term":[{"taxonomy":"category","embeddable":true,"href":"https:\/\/www.europesays.com\/es\/wp-json\/wp\/v2\/categories?post=227471"},{"taxonomy":"post_tag","embeddable":true,"href":"https:\/\/www.europesays.com\/es\/wp-json\/wp\/v2\/tags?post=227471"}],"curies":[{"name":"wp","href":"https:\/\/api.w.org\/{rel}","templated":true}]}}