{"id":227479,"date":"2025-11-09T22:11:10","date_gmt":"2025-11-09T22:11:10","guid":{"rendered":"https:\/\/www.europesays.com\/es\/227479\/"},"modified":"2025-11-09T22:11:10","modified_gmt":"2025-11-09T22:11:10","slug":"la-sonrojante-pregunta-de-la-rusa-elena-vesnina-y-el-viaje-relampago-de-casper-ruud-a-turin","status":"publish","type":"post","link":"https:\/\/www.europesays.com\/es\/227479\/","title":{"rendered":"La sonrojante pregunta de la rusa Elena Vesnina y el viaje rel\u00e1mpago de Casper Ruud a Tur\u00edn"},"content":{"rendered":"<p data-mrf-recirculation=\"Links P\u00e1rrafos\" class=\"ue-c-article__paragraph paragraph ue-c-article--first-letter-highlighted\">La primera jornada de las ATP Finals trajo las victorias de los favoritos, <strong>Carlos Alcaraz y Alexander Zverev ante Alex de Mi\u00f1aur y Ben Shelton, respectivamente<\/strong>. Lo m\u00e1s llamativo de todo lo que pas\u00f3 se traslad\u00f3 fuera de las pistas a la espera del debut este lunes de Jannik Sinner, el favorito del p\u00fablico local y que pone en juego ante Felix Auger-Aliassime una racha de 26 partidos seguidos ganados en superficie dura bajo techo. Para encontrar su \u00faltima derrota hay que remontarse a la final del Masters de 2023 contra Novak Djokovic.\u00a0<\/p>\n<p><img decoding=\"async\" width=\"660\" height=\"80\" class=\"ue-c-article__image lazyload\" alt=\"para\" loading=\"lazy\" src=\"https:\/\/www.europesays.com\/es\/wp-content\/uploads\/2025\/11\/6911068956d8d.jpeg\"\/><\/p>\n<p data-mrf-recirculation=\"Links P\u00e1rrafos\" class=\"ue-c-article__paragraph paragraph\"><strong>Elena Vesnina<\/strong>, extenista profesional y que ahora es comentarista para una televisi\u00f3n rusa, acudi\u00f3 a la sala de prensa para preguntarle a Alcaraz si segu\u00eda soltero o estaba comprometido. \u00ab<strong>Ya has contestado todo acerca del partido. Mi cuesti\u00f3n es acerca de algo que se preguntan muchas chicas alrededor del mundo. \u00bfTu coraz\u00f3n est\u00e1 ocupado?<\/strong>\u00ab\u00bb. Al principio, el murciano no sal\u00eda de su asombro. Vesnina insisti\u00f3: \u00ab<strong>\u00bfTu coraz\u00f3n est\u00e1 libre u ocupado?<\/strong>\u00ab. A lo que Carlitos, con su sentido del humor, respondi\u00f3: \u00ab<strong>Estoy libre<\/strong>\u00ab.\u00a0<\/p>\n<p><img decoding=\"async\" width=\"660\" height=\"80\" class=\"ue-c-article__image lazyload\" alt=\"ruud\" loading=\"lazy\" src=\"https:\/\/www.europesays.com\/es\/wp-content\/uploads\/2025\/11\/691107e8b670d.jpeg\"\/><\/p>\n<p data-mrf-recirculation=\"Links P\u00e1rrafos\" class=\"ue-c-article__paragraph paragraph\"><strong>Casper Ruud<\/strong>, el decimosegundo del ranking ATP, <strong>no dud\u00f3 un segundo en aceptar la llamada de la organizaci\u00f3n del Masters masculino para acudir a Tur\u00edn como segundo reserva<\/strong>. Las opciones que tiene de jugar son remotas, <strong>pero se embolsar\u00e1 155.000 d\u00f3lares<\/strong> por seis d\u00edas en la capital de la regi\u00f3n del Piamonte.\u00a0<\/p>\n<p><img decoding=\"async\" width=\"660\" height=\"80\" class=\"ue-c-article__image lazyload\" alt=\"ola\" loading=\"lazy\" src=\"https:\/\/www.europesays.com\/es\/wp-content\/uploads\/2025\/11\/6911088b18286.jpeg\"\/><\/p>\n<p data-mrf-recirculation=\"Links P\u00e1rrafos\" class=\"ue-c-article__paragraph paragraph\"><strong>Carlitos se anot\u00f3 la victoria n\u00famero 68 del curso y la s\u00e9ptima en superficie dura bajo techo<\/strong>. No ganaba un partido del circuito en ese h\u00e1bitat desde la final de Rotterdam, precisamente con Alex de Mi\u00f1aur. Ha llegado con las pilas cargadas al \u00faltimo tramo del curso y quiere doblete: <strong>t\u00edtulo de maestro y beber de la Ensaladera de plata<\/strong>.\u00a0<\/p>\n<p><img decoding=\"async\" width=\"660\" height=\"80\" class=\"ue-c-article__image lazyload\" alt=\"bom\" loading=\"lazy\" src=\"https:\/\/www.europesays.com\/es\/wp-content\/uploads\/2025\/11\/6911095dcae9c.jpeg\"\/><\/p>\n<p data-mrf-recirculation=\"Links P\u00e1rrafos\" class=\"ue-c-article__paragraph paragraph\">Este lunes 10 de noviembre, <strong>Jannik Sinner perder\u00e1 los 1.500 puntos de campe\u00f3n invicto de las ATP Finals 2024<\/strong>. Eso significa que Alcaraz regresa al n\u00famero 1 e inicia la semana 44\u00ba en lo m\u00e1s alto.\u00a0<\/p>\n","protected":false},"excerpt":{"rendered":"La primera jornada de las ATP Finals trajo las victorias de los favoritos, Carlos Alcaraz y Alexander Zverev&hellip;\n","protected":false},"author":2,"featured_media":227480,"comment_status":"","ping_status":"","sticky":false,"template":"","format":"standard","meta":{"footnotes":""},"categories":[274],"tags":[168,25,24,23,167,327,326],"class_list":{"0":"post-227479","1":"post","2":"type-post","3":"status-publish","4":"format-standard","5":"has-post-thumbnail","7":"category-tenis","8":"tag-deportes","9":"tag-es","10":"tag-espana","11":"tag-spain","12":"tag-sports","13":"tag-tenis","14":"tag-tennis"},"share_on_mastodon":{"url":"https:\/\/pubeurope.com\/@es\/115522036503638731","error":""},"_links":{"self":[{"href":"https:\/\/www.europesays.com\/es\/wp-json\/wp\/v2\/posts\/227479","targetHints":{"allow":["GET"]}}],"collection":[{"href":"https:\/\/www.europesays.com\/es\/wp-json\/wp\/v2\/posts"}],"about":[{"href":"https:\/\/www.europesays.com\/es\/wp-json\/wp\/v2\/types\/post"}],"author":[{"embeddable":true,"href":"https:\/\/www.europesays.com\/es\/wp-json\/wp\/v2\/users\/2"}],"replies":[{"embeddable":true,"href":"https:\/\/www.europesays.com\/es\/wp-json\/wp\/v2\/comments?post=227479"}],"version-history":[{"count":0,"href":"https:\/\/www.europesays.com\/es\/wp-json\/wp\/v2\/posts\/227479\/revisions"}],"wp:featuredmedia":[{"embeddable":true,"href":"https:\/\/www.europesays.com\/es\/wp-json\/wp\/v2\/media\/227480"}],"wp:attachment":[{"href":"https:\/\/www.europesays.com\/es\/wp-json\/wp\/v2\/media?parent=227479"}],"wp:term":[{"taxonomy":"category","embeddable":true,"href":"https:\/\/www.europesays.com\/es\/wp-json\/wp\/v2\/categories?post=227479"},{"taxonomy":"post_tag","embeddable":true,"href":"https:\/\/www.europesays.com\/es\/wp-json\/wp\/v2\/tags?post=227479"}],"curies":[{"name":"wp","href":"https:\/\/api.w.org\/{rel}","templated":true}]}}