{"id":227485,"date":"2025-11-09T22:15:09","date_gmt":"2025-11-09T22:15:09","guid":{"rendered":"https:\/\/www.europesays.com\/es\/227485\/"},"modified":"2025-11-09T22:15:09","modified_gmt":"2025-11-09T22:15:09","slug":"1-1-el-lugo-iguala-en-guadalajara-un-encuentro-con-mucha-polemica","status":"publish","type":"post","link":"https:\/\/www.europesays.com\/es\/227485\/","title":{"rendered":"1-1. El Lugo iguala en Guadalajara un encuentro con mucha pol\u00e9mica"},"content":{"rendered":"<p>El <a target=\"_blank\" href=\"https:\/\/www.elprogreso.es\/tags\/cd-lugo\/\" rel=\"nofollow noopener\">CD Lugo<\/a> encaden\u00f3 en <strong>Guadalajara <\/strong>su tercer empate consecutivo en un partido marcado por la <strong>pol\u00e9mica <\/strong>y por las decisiones arbitrales que no favorecieron en ning\u00fan caso al equipo de Yago Iglesias. Los rojiblancos perdieron sus dos &#8216;<strong>challenges<\/strong>&#8216; del <strong>FVS <\/strong>en la primera parte en dos posibles penaltis y tambi\u00e9n protestaron la acci\u00f3n del 1-0 por una <strong>agresi\u00f3n <\/strong>a <strong>Jos\u00e9 Amo<\/strong> que ninguna c\u00e1mara capt\u00f3 en la realizaci\u00f3n.<\/p>\n<p>\u00a0<\/p>\n<p>Los <strong>albivermellos <\/strong>suman con este partido <strong>seis sin conocer la derrota<\/strong> y se consolidan en la d\u00e9cima plaza de la clasificaci\u00f3n, con cinco empates en las primeras once jornadas y unas <strong>sensaciones <\/strong>que, aunque lento, mejoran cada fin de semana.<\/p>\n<p>Sorprendi\u00f3 <strong>Yago Iglesias<\/strong> con una alineaci\u00f3n in\u00e9dita en el estadio <strong>Pedro Escart\u00edn<\/strong>. El t\u00e9cnico gallego revolucion\u00f3 su once e introdujo varias <strong>rotaciones <\/strong>respecto a las \u00faltimas jornadas, sobre todo con una renovaci\u00f3n total de su l\u00ednea de ataque habitual. No jugaron de inicio ni <strong>Lago J\u00fanior, ni Pastrana ni Unzueta<\/strong>. S\u00ed lo hicieron un activo<strong> Jorge Gonz\u00e1lez, Samanes y Reniero<\/strong>. En el centro del campo, adem\u00e1s, <strong>Carbonell <\/strong>y <strong>Balboa <\/strong>recuperaron la titularidad.<\/p>\n<p>Esto le permiti\u00f3 <strong>incomodar <\/strong>al Guadalajara durante el primer cuarto de hora del partido. El Lugo entr\u00f3 mand\u00f3n al partido y <strong>monopoliz\u00f3 <\/strong>el control del bal\u00f3n durante los primeros compases. Tanto fue as\u00ed que forz\u00f3 un <strong>saque de esquina<\/strong> antes de cumplirse el minuto 2 y en la primera de las varias acciones peligrosas que gener\u00f3 Jorge Gonz\u00e1lez en el costado derecho.<\/p>\n<p>El extremo estuvo especialmente <strong>agresivo <\/strong>en sus diagonales y en sus recepciones. Sufri\u00f3 Julio Mart\u00ednez para contener al canterano, que logr\u00f3 poner varios centros peligrosos no aprovechados por sus compa\u00f1eros. El que m\u00e1s cerca estuvo fue<strong> Txus Alba<\/strong>, que control\u00f3 con calidad el bal\u00f3n y busc\u00f3 la escuadra con la pierna izquierda, pero el disparo se march\u00f3 alto.<\/p>\n<p>Los locales despiertan y el Lugo reclama dos penaltis<\/p>\n<p>La buena fase inicial del Lugo dio paso a una <strong>reacci\u00f3n <\/strong>del Guadalajara. Los de Pere Mart\u00ed llegaron a este partido con un solo triunfo en su estadio y buscaron darle esa alegr\u00eda a su afici\u00f3n con<strong> buenos minutos<\/strong> de f\u00fatbol y ocasiones claras. La m\u00e1s peligrosa la inventaron entre <strong>Ram\u00edrez <\/strong>y <strong>Mu\u00f1oz <\/strong>con una pared en la frontal que oblig\u00f3 a <strong>\u00cdker Piedra<\/strong> a evitar el primer gol local con un aut\u00e9ntico <strong>parad\u00f3n<\/strong>.<\/p>\n<p>Sin due\u00f1o claro, las llegadas se alternaron en las dos \u00e1reas en un <strong>\u00faltimo cuarto de hora<\/strong> en el que el <strong>FVS <\/strong>fue el claro protagonista. Hasta en dos ocasiones lo pidi\u00f3 Yago Iglesias. La primera por una <strong>posible mano <\/strong>dentro del \u00e1rea\u00a0y en la segunda, en un<strong> posible derribo\u00a0<\/strong>sobre \u00c1lex Balboa. El colegiado no vio nada punible en ninguna de las dos acciones y el Lugo <strong>se qued\u00f3 sin &#8216;challenges&#8217;<\/strong> para el resto del encuentro.<\/p>\n<p>El Guadalajara se adelanta con pol\u00e9mica pero el Lugo reacciona<\/p>\n<p>El encuentro se reanud\u00f3 con un <strong>pol\u00e9mico gol <\/strong>del Guadalajara que provoc\u00f3 un <strong>enfado monumental <\/strong>en los jugadores del Lugo. La acci\u00f3n arranca con una <strong>posible mano<\/strong> de Pablo Mu\u00f1oz y contin\u00faa con un tres contra uno que resuelve con calidad Amigo, pero se revis\u00f3\u00a0porque<strong> Jos\u00e9 Amo no particip\u00f3 en la jugada por estar en el suelo con una brecha en la ceja<\/strong>. La mala suerte para los rojiblancos es que <strong>ninguna c\u00e1mara capt\u00f3 la agresi\u00f3n<\/strong> al defensa del Lugo y el gol subi\u00f3 al marcador tras una revisi\u00f3n de varios minutos. Surrealista.<\/p>\n<p>El enfado de los jugadores del Lugo abri\u00f3 una fase en la que el Guadalajara pudo marcar el segundo. Los de Yago Iglesias perdieron moment\u00e1neamente la cara al partido y trat\u00f3 de remediarlo el t\u00e9cnico con tres cambios decisivos.\u00a0<strong>Pastrana, Unzueta y Lago J\u00fanior <\/strong>entraron a escena y en la primera acci\u00f3n individual del marfile\u00f1o, <strong>Reniero <\/strong>logr\u00f3 el<strong> gol del empate<\/strong> con un buen remate de cabeza.\u00a0<\/p>\n<p>No pas\u00f3 nada en el ecuador de la segunda mitad hasta que <strong>Carbonell <\/strong>envi\u00f3 un bal\u00f3n al <strong>larguero <\/strong>a falta de diez minutos para el final. Esa y los dos remates de Trigueros y Pastrana en el descuento fueron\u00a0las ocasiones m\u00e1s clara para un equipo que rem\u00f3 a <strong>contracorriente <\/strong>todo el partido y que, en l\u00edneas generales, mereci\u00f3 mejor resultado en el Pedro Escart\u00edn.<\/p>\n","protected":false},"excerpt":{"rendered":"El CD Lugo encaden\u00f3 en Guadalajara su tercer empate consecutivo en un partido marcado por la pol\u00e9mica y&hellip;\n","protected":false},"author":2,"featured_media":227486,"comment_status":"","ping_status":"","sticky":false,"template":"","format":"standard","meta":{"footnotes":""},"categories":[268],"tags":[20969,168,25,24,280,282,439,6958,281,23,167],"class_list":{"0":"post-227485","1":"post","2":"type-post","3":"status-publish","4":"format-standard","5":"has-post-thumbnail","7":"category-futbol","8":"tag-cd-lugo","9":"tag-deportes","10":"tag-es","11":"tag-espana","12":"tag-football","13":"tag-futbol","14":"tag-guadalajara","15":"tag-primera-rfef","16":"tag-soccer","17":"tag-spain","18":"tag-sports"},"share_on_mastodon":{"url":"https:\/\/pubeurope.com\/@es\/115522052133068065","error":""},"_links":{"self":[{"href":"https:\/\/www.europesays.com\/es\/wp-json\/wp\/v2\/posts\/227485","targetHints":{"allow":["GET"]}}],"collection":[{"href":"https:\/\/www.europesays.com\/es\/wp-json\/wp\/v2\/posts"}],"about":[{"href":"https:\/\/www.europesays.com\/es\/wp-json\/wp\/v2\/types\/post"}],"author":[{"embeddable":true,"href":"https:\/\/www.europesays.com\/es\/wp-json\/wp\/v2\/users\/2"}],"replies":[{"embeddable":true,"href":"https:\/\/www.europesays.com\/es\/wp-json\/wp\/v2\/comments?post=227485"}],"version-history":[{"count":0,"href":"https:\/\/www.europesays.com\/es\/wp-json\/wp\/v2\/posts\/227485\/revisions"}],"wp:featuredmedia":[{"embeddable":true,"href":"https:\/\/www.europesays.com\/es\/wp-json\/wp\/v2\/media\/227486"}],"wp:attachment":[{"href":"https:\/\/www.europesays.com\/es\/wp-json\/wp\/v2\/media?parent=227485"}],"wp:term":[{"taxonomy":"category","embeddable":true,"href":"https:\/\/www.europesays.com\/es\/wp-json\/wp\/v2\/categories?post=227485"},{"taxonomy":"post_tag","embeddable":true,"href":"https:\/\/www.europesays.com\/es\/wp-json\/wp\/v2\/tags?post=227485"}],"curies":[{"name":"wp","href":"https:\/\/api.w.org\/{rel}","templated":true}]}}