{"id":227509,"date":"2025-11-09T22:34:13","date_gmt":"2025-11-09T22:34:13","guid":{"rendered":"https:\/\/www.europesays.com\/es\/227509\/"},"modified":"2025-11-09T22:34:13","modified_gmt":"2025-11-09T22:34:13","slug":"el-nuevo-record-que-coloca-a-djokovic-por-encima-de-federer-nadal-y-murray","status":"publish","type":"post","link":"https:\/\/www.europesays.com\/es\/227509\/","title":{"rendered":"El nuevo r\u00e9cord que coloca a Djokovic por encima de Federer, Nadal y Murray"},"content":{"rendered":"<p class=\"\"><a href=\"https:\/\/as.com\/noticias\/novak-djokovic\/\" target=\"_self\" rel=\"nofollow noopener\" title=\"https:\/\/as.com\/noticias\/novak-djokovic\/\">Novak Djokovic<\/a> no se cansa de hacer historia. <b>A sus 38 a\u00f1os, el serbio mantiene intactas sus ganas de ganar<\/b>, y este s\u00e1bado lo volvi\u00f3 a demostrar <a href=\"https:\/\/as.com\/tenis\/final_atp\/djokovic-gana-su-titulo-101-y-deja-fuera-de-las-finals-a-musetti-f202511-n\/\" target=\"_self\" rel=\"nofollow noopener\" title=\"https:\/\/as.com\/tenis\/final_atp\/djokovic-gana-su-titulo-101-y-deja-fuera-de-las-finals-a-musetti-f202511-n\/\">levantando un nuevo t\u00edtulo que trascendi\u00f3 de lo deportivo<\/a> por ser en Atenas, ciudad que lo ha acogido <a href=\"https:\/\/as.com\/tenis\/mas_tenis\/serbia-borra-a-djokovic-f202510-n\/\" target=\"_self\" rel=\"nofollow noopener\" title=\"https:\/\/as.com\/tenis\/mas_tenis\/serbia-borra-a-djokovic-f202510-n\/\">tras ser declarado como \u201ctraidor\u201d<\/a> por el gobierno de su pa\u00eds, y dejar una imagen para el recuerdo <b>desgarrando su camiseta por completo ante un p\u00fablico entregado<\/b>.<\/p>\n<p class=\"\">Con su remontada ante el italiano Lorenzo Musetti, Nole aument\u00f3 su colecci\u00f3n de t\u00edtulos ATP hasta los 101 <b>y firm\u00f3 otros tres r\u00e9cords a su dilatada trayectoria<\/b>. <\/p>\n<p class=\"\">Por un lado, <b>super\u00f3 a Roger Federer como el tenista con m\u00e1s trofeos en pista dura (72)<\/b> y se queda a solo dos de los 103 que conquist\u00f3 el suizo en todas las superficies. Por otro, se convirti\u00f3 en el segundo jugador de la historia en levantar su (hasta ahora) \u00faltimo t\u00edtulo con mayor diferencia de tiempo con respecto al primero: <b>19 a\u00f1os y 108 d\u00edas<\/b>, solo por detr\u00e1s del franc\u00e9s Gael Monfils (19 a\u00f1os y 157 d\u00edas). <\/p>\n<p class=\"\">Pero no solo eso, sino que tambi\u00e9n logr\u00f3 ser <b>el primer tenista desde 1990 que muerde chapa en 20 pa\u00edses diferentes<\/b>. Un apartado m\u00e1s en el que supera a sus compa\u00f1eros del Big Four, ya que <b>Federer lo logr\u00f3 en 19, mientras que Nadal y Murray en 18<\/b>. <\/p>\n<p class=\"\">En concreto, <b>Djokovic ha triunfado (al menos una vez) en los siguientes pa\u00edses<\/b>: Francia, Australia, Estados Unidos, Holanda, Portugal, Canad\u00e1, Austria, Italia, China, Emiratos \u00c1rabes Unidos, Serbia, Suiza, Espa\u00f1a, M\u00f3naco, Qatar, Jap\u00f3n, Israel, Kazajist\u00e1n y Grecia. <b>Una cuenta que intentar\u00e1 seguir agrandando<\/b> <b>en los \u00faltimos compases de una carrera de leyenda<\/b>.<\/p>\n<p>Noticias relacionadas<a href=\"https:\/\/as.com\/tenis\/final_atp\/rybakina-hace-saltar-la-banca-con-su-titulo-en-las-wta-finals-f202511-n\/\" class=\"s_m_w _rt-16x9\" title=\"La kazaja se proclama campeona al vencer en la final a la bielorrusa Sabalenka y se lleva los 4,5 millones de euros de premio al acabar el torneo invicta.\" data-tb-link=\"\" rel=\"nofollow noopener\" target=\"_blank\"><img decoding=\"async\" src=\"https:\/\/www.europesays.com\/es\/wp-content\/uploads\/2025\/11\/MBVAZVK4PVMJ5IFBKK7ZWFAIPM.jpg\" alt=\"Rybakina hace saltar la banca con su t\u00edtulo en las WTA Finals \" class=\"\" height=\"1\" width=\"1\"   loading=\"lazy\" data-tb-thumbnail=\"\"\/><\/a><a href=\"https:\/\/as.com\/tenis\/final_atp\/carlos-alcaraz-a-por-un-doble-objetivo-en-las-atp-finals-f202511-n\/\" class=\"s_m_w _rt-16x9\" title=\"El espa\u00f1ol inicia este domingo ante De Mi\u00f1aur el intento de asalto al t\u00edtulo de las ATP Finals y al n\u00famero uno. Djokovic no ser\u00e1 uno de sus rivales.\" data-tb-link=\"\" rel=\"nofollow noopener\" target=\"_blank\"><img decoding=\"async\" src=\"https:\/\/www.europesays.com\/es\/wp-content\/uploads\/2025\/11\/1762727653_103_BXPNDN5SRZHJVFMGPEV7EMFNQI.jpg\" alt=\"Carlos Alcaraz, a por un doble objetivo en las ATP Finals\" class=\"\" height=\"1\" width=\"1\"   loading=\"lazy\" data-tb-thumbnail=\"\"\/><\/a><\/p>\n<p class=\"\"><b>\u00a1Tus opiniones importan!<\/b> Comenta en los art\u00edculos y suscr\u00edbete gratis a nuestra <a href=\"https:\/\/asfan.as.com\/newsletters\/\" rel=\"nofollow noopener\" title=\"https:\/\/asfan.as.com\/newsletters\/\" target=\"_blank\">newsletter<\/a> y a las alertas informativas en la <a href=\"https:\/\/as.com\/aplicacion-de-as-n\/\" rel=\"nofollow noopener\" title=\"https:\/\/as.com\/aplicacion-de-as-n\/\" target=\"_blank\">App<\/a> o el canal de <a href=\"https:\/\/www.whatsapp.com\/channel\/0029VaAasdA7j6g745nz9M10\" rel=\"nofollow noopener\" title=\"https:\/\/www.whatsapp.com\/channel\/0029VaAasdA7j6g745nz9M10\" target=\"_blank\">WhatsApp<\/a>.<\/p>\n<p class=\"\">\u00bfBuscas licenciar contenido? Haz clic <a href=\"https:\/\/profesional.elpais.com\/soluciones-sindicacion?utm_medium=interno&amp;utm_source=crosslinking&amp;utm_campaign=sindicacion_as_pie_articulos\" rel=\"nofollow noopener\" title=\"https:\/\/profesional.elpais.com\/soluciones-sindicacion?utm_medium=interno&amp;utm_source=crosslinking&amp;utm_campaign=sindicacion_as_pie_articulos\" target=\"_blank\">aqu\u00ed<\/a><\/p>\n","protected":false},"excerpt":{"rendered":"Novak Djokovic no se cansa de hacer historia. A sus 38 a\u00f1os, el serbio mantiene intactas sus ganas&hellip;\n","protected":false},"author":2,"featured_media":227510,"comment_status":"","ping_status":"","sticky":false,"template":"","format":"standard","meta":{"footnotes":""},"categories":[274],"tags":[168,25,24,23,167,327,326],"class_list":{"0":"post-227509","1":"post","2":"type-post","3":"status-publish","4":"format-standard","5":"has-post-thumbnail","7":"category-tenis","8":"tag-deportes","9":"tag-es","10":"tag-espana","11":"tag-spain","12":"tag-sports","13":"tag-tenis","14":"tag-tennis"},"share_on_mastodon":{"url":"https:\/\/pubeurope.com\/@es\/115522127441235238","error":""},"_links":{"self":[{"href":"https:\/\/www.europesays.com\/es\/wp-json\/wp\/v2\/posts\/227509","targetHints":{"allow":["GET"]}}],"collection":[{"href":"https:\/\/www.europesays.com\/es\/wp-json\/wp\/v2\/posts"}],"about":[{"href":"https:\/\/www.europesays.com\/es\/wp-json\/wp\/v2\/types\/post"}],"author":[{"embeddable":true,"href":"https:\/\/www.europesays.com\/es\/wp-json\/wp\/v2\/users\/2"}],"replies":[{"embeddable":true,"href":"https:\/\/www.europesays.com\/es\/wp-json\/wp\/v2\/comments?post=227509"}],"version-history":[{"count":0,"href":"https:\/\/www.europesays.com\/es\/wp-json\/wp\/v2\/posts\/227509\/revisions"}],"wp:featuredmedia":[{"embeddable":true,"href":"https:\/\/www.europesays.com\/es\/wp-json\/wp\/v2\/media\/227510"}],"wp:attachment":[{"href":"https:\/\/www.europesays.com\/es\/wp-json\/wp\/v2\/media?parent=227509"}],"wp:term":[{"taxonomy":"category","embeddable":true,"href":"https:\/\/www.europesays.com\/es\/wp-json\/wp\/v2\/categories?post=227509"},{"taxonomy":"post_tag","embeddable":true,"href":"https:\/\/www.europesays.com\/es\/wp-json\/wp\/v2\/tags?post=227509"}],"curies":[{"name":"wp","href":"https:\/\/api.w.org\/{rel}","templated":true}]}}