{"id":227521,"date":"2025-11-09T22:42:14","date_gmt":"2025-11-09T22:42:14","guid":{"rendered":"https:\/\/www.europesays.com\/es\/227521\/"},"modified":"2025-11-09T22:42:14","modified_gmt":"2025-11-09T22:42:14","slug":"tal-vez-sea-este-el-momento-mas-oportuno","status":"publish","type":"post","link":"https:\/\/www.europesays.com\/es\/227521\/","title":{"rendered":"Tal vez sea este el momento m\u00e1s oportuno&#8230;"},"content":{"rendered":"<p class=\"c-paragraph\"><b>Mat\u00edas Prats, al igual que Susanna Griso, Sandra Barneda o Diego Losada<\/b>, han sido algunos de los profesionales que han sido <a href=\"https:\/\/www.20minutos.es\/television\/matias-prats-susanna-griso-sandra-barneda-diego-losada-entre-los-galardonados-los-premios-antena-oro-2025_6523770_0.html\" rel=\"nofollow noopener\" target=\"_blank\">reconocidos en la 52\u00aa edici\u00f3n de los Premios Antena de Oro<\/a>.<\/p>\n<p class=\"c-paragraph\">Este a\u00f1o ha concedido la Antena Extraordinaria al periodista de Antena 3\u00a0por su \u00ab<b>rigor y proximidad con el espectado<\/b>r, sus bodas de oro con la profesi\u00f3n y sus 10.000 informativos\u00bb.<\/p>\n<p class=\"c-paragraph\">\u00abSiempre ha habido un Mat\u00edas Prats en la televisi\u00f3n, el padre que la inaugur\u00f3 pr\u00e1cticamente, yo me solap\u00e9 con \u00e9l durante unos a\u00f1os y mi hijo que lleva ya tambi\u00e9n unos cuantos a\u00f1os\u00bb, record\u00f3 el comunicador al obtener el premio. Adem\u00e1s, asegur\u00f3 que <b>recoge el premio \u00abcon enorme satisfacci\u00f3n\u00bb<\/b> porque siente \u00abmuchas clases de afecto, de cari\u00f1o y de apoyo\u00bb.<\/p>\n<p class=\"c-paragraph\">El periodista, consciente de la expectaci\u00f3n que hab\u00eda, quiso elegir ese momento para anunciar algo que gener\u00f3 sorpresa y, en un primer instante, algo de tensi\u00f3n. \u00ab<b>Tal vez sea este el momento m\u00e1s oportuno<\/b>, con un premio reci\u00e9n recibido, entre compa\u00f1eros de la profesi\u00f3n&#8230;\u00bb, empez\u00f3 diciendo el comunicador.<\/p>\n<p class=\"c-paragraph\">\u00abMomento dulce con la cadena l\u00edder, con esas noticias Antena 3 imbatibles, que <b>yo les diga, que yo les anuncie, que yo les ratifique, que&#8230; \u00a1Voy a seguir bastante m\u00e1s en la tele!<\/b>\u00ab, zanj\u00f3, acabando as\u00ed con el momento tenso solo roto por los aplausos que demostraban la alegr\u00eda entre los presentes por el anuncio de su continuidad en televisi\u00f3n.<\/p>\n","protected":false},"excerpt":{"rendered":"Mat\u00edas Prats, al igual que Susanna Griso, Sandra Barneda o Diego Losada, han sido algunos de los profesionales&hellip;\n","protected":false},"author":2,"featured_media":227522,"comment_status":"","ping_status":"","sticky":false,"template":"","format":"standard","meta":{"footnotes":""},"categories":[171],"tags":[6243,146,147,25,24,21697,59921,57,23,1197,214],"class_list":{"0":"post-227521","1":"post","2":"type-post","3":"status-publish","4":"format-standard","5":"has-post-thumbnail","7":"category-tv","8":"tag-anuncio","9":"tag-entertainment","10":"tag-entretenimiento","11":"tag-es","12":"tag-espana","13":"tag-matias","14":"tag-prats","15":"tag-sobre","16":"tag-spain","17":"tag-tenso","18":"tag-tv"},"share_on_mastodon":{"url":"https:\/\/pubeurope.com\/@es\/115522158225544208","error":""},"_links":{"self":[{"href":"https:\/\/www.europesays.com\/es\/wp-json\/wp\/v2\/posts\/227521","targetHints":{"allow":["GET"]}}],"collection":[{"href":"https:\/\/www.europesays.com\/es\/wp-json\/wp\/v2\/posts"}],"about":[{"href":"https:\/\/www.europesays.com\/es\/wp-json\/wp\/v2\/types\/post"}],"author":[{"embeddable":true,"href":"https:\/\/www.europesays.com\/es\/wp-json\/wp\/v2\/users\/2"}],"replies":[{"embeddable":true,"href":"https:\/\/www.europesays.com\/es\/wp-json\/wp\/v2\/comments?post=227521"}],"version-history":[{"count":0,"href":"https:\/\/www.europesays.com\/es\/wp-json\/wp\/v2\/posts\/227521\/revisions"}],"wp:featuredmedia":[{"embeddable":true,"href":"https:\/\/www.europesays.com\/es\/wp-json\/wp\/v2\/media\/227522"}],"wp:attachment":[{"href":"https:\/\/www.europesays.com\/es\/wp-json\/wp\/v2\/media?parent=227521"}],"wp:term":[{"taxonomy":"category","embeddable":true,"href":"https:\/\/www.europesays.com\/es\/wp-json\/wp\/v2\/categories?post=227521"},{"taxonomy":"post_tag","embeddable":true,"href":"https:\/\/www.europesays.com\/es\/wp-json\/wp\/v2\/tags?post=227521"}],"curies":[{"name":"wp","href":"https:\/\/api.w.org\/{rel}","templated":true}]}}