{"id":227537,"date":"2025-11-09T22:50:10","date_gmt":"2025-11-09T22:50:10","guid":{"rendered":"https:\/\/www.europesays.com\/es\/227537\/"},"modified":"2025-11-09T22:50:10","modified_gmt":"2025-11-09T22:50:10","slug":"palestina-hamas-asegura-haber-entregado-el-cuerpo-del-soldado-israeli-hadar-goldin-asesinado-en-la-guerra-de-2014","status":"publish","type":"post","link":"https:\/\/www.europesays.com\/es\/227537\/","title":{"rendered":"PALESTINA | Ham\u00e1s asegura haber entregado el cuerpo del soldado israel\u00ed Hadar Goldin, asesinado en la guerra de 2014"},"content":{"rendered":"<p class=\"ft-text ft-helper-closenews\">El <strong>fr\u00e1gil alto el fuego en Gaza<\/strong> parece avanzar a medida que las milicias palestinas recuperan y entregan los cuerpos de rehenes israel\u00edes atrapados en la Franja. Este domingo, las Brigadas al Qasam, el brazo armado de Ham\u00e1s, entregaron a la Cruz Roja el <strong>cuerpo del soldado Hadar Goldin<\/strong>, asesinado durante la guerra de 2014. Con el de Goldin, ya son seis los cuerpos recuperados por Israel en la \u00faltima semana, mientras que <strong>otros cuatro permanecen retenidos en Gaza<\/strong>, seg\u00fan medios israel\u00edes.<\/p>\n<p class=\"ft-text\">Hadar Goldin, de 23 a\u00f1os en el momento de su muerte, fue abatido en una <strong>emboscada en R\u00e1fah durante el verano de 2014<\/strong>, y sus restos hab\u00edan permanecido en manos de Ham\u00e1s desde entonces. El grupo palestino inform\u00f3 el s\u00e1bado de que hab\u00eda hallado el cuerpo en un <strong>t\u00fanel del campo de refugiados de Yebna<\/strong>, en R\u00e1fah, ciudad bajo control del Ej\u00e9rcito israel\u00ed desde hace m\u00e1s de un a\u00f1o, seg\u00fan un comunicado difundido a trav\u00e9s de sus canales oficiales.<\/p>\n<p class=\"ft-text\">El Instituto Forense Abu Kabir de Tel Aviv ha confirmado que el cad\u00e1ver devuelto este domingo por Ham\u00e1s en Gaza pertenece al soldado Hadar Goldin, seg\u00fan un comunicado de la oficina del primer ministro, Benjam\u00edn Netanyahu.<\/p>\n<p>Once a\u00f1os despu\u00e9s<\/p>\n<p class=\"ft-text\">La entrega del cuerpo de Hadar Goldin, el <strong>\u00fanico reh\u00e9n retenido desde antes de los ataques del 7 de octubre <\/strong>de 2023, tiene un profundo significado simb\u00f3lico para el Estado hebreo y contribuye a cerrar las heridas de una guerra anterior a la que hoy se mantiene en pausa gracias al acuerdo de alto el fuego. En aquel<strong> conflicto de 2014<\/strong>, que se prolong\u00f3 durante 49 d\u00edas, <strong>murieron 71 israel\u00edes y 2.310 palestinos<\/strong>.<\/p>\n<p class=\"ft-text\">El Ej\u00e9rcito israel\u00ed celebr\u00f3 entonces un entierro simb\u00f3lico para Goldin, y su familia pidi\u00f3 a las Fuerzas de Defensa de Israel (FDI) que no abandonaran Gaza sin recuperar su cuerpo. \u201c<strong>Su familia ha sufrido una profunda angustia<\/strong> y ahora podr\u00e1 darle sepultura en la tierra de Israel\u201d, ha declarado el primer ministro israel\u00ed, <strong>Benjam\u00edn Netanyahu<\/strong>, durante una reuni\u00f3n de gabinete, seg\u00fan The Times of Israel.<\/p>\n<p>En medio del alto el fuego<\/p>\n<p class=\"ft-text\">La ciudad de R\u00e1fah, en el sur de Gaza, permanece dentro de la llamada <strong>\u201cl\u00ednea amarilla\u201d marcada por la primera fase del acuerdo de alto el fuego<\/strong>, detr\u00e1s de la cual las fuerzas israel\u00edes deben retirarse. En esta zona, Ham\u00e1s ha confirmado, tras negarlo en primera instancia, siguen atrapados m\u00e1s de un centenar de milicianos palestinos.<\/p>\n<p class=\"ft-text\">Esta semana, el grupo palestino ha intentado negociar la<strong> evacuaci\u00f3n de sus combatientes<\/strong> a trav\u00e9s de corredores humanitarios gestionados por la Cruz Roja para evitar enfrentamientos directos con las FDI. Por su parte, el Gobierno israel\u00ed se niega p\u00fablicamente a aceptar un acuerdo sobre este asunto, mientras que, en privado, mediadores trabajan para resolver la crisis y evitar enfrentamientos directos, seg\u00fan explica el medio israel\u00ed Haaretz.<\/p>\n<p class=\"ft-text\">A\u00fan as\u00ed, las<strong> garant\u00edas que sostienen el acuerdo est\u00e1n constantemente cuestionadas<\/strong>. Durante casi un mes en vigor, se ha visto interrumpido en dos ocasiones por ataques a\u00e9reos lanzados por Israel en represalia por emboscadas contra sus tropas en los alrededores de la ciudad sure\u00f1a de Rafah, atribuidas a Ham\u00e1s.<\/p>\n<p class=\"ft-text\">Pese al alto el fuego actual, <strong>m\u00e1s de 240 personas han muerto en Gaza.<\/strong> En total, los ataques israel\u00edes desde el 7 de octubre de 2023 han dejado <strong>69.176 muertos y 170.690 heridos<\/strong>, seg\u00fan las autoridades locales.<\/p>\n<p data-close=\"closedContent\" class=\"subscribeHideForDisplay\">Suscr\u00edbete para seguir leyendo<\/p>\n","protected":false},"excerpt":{"rendered":"El fr\u00e1gil alto el fuego en Gaza parece avanzar a medida que las milicias palestinas recuperan y entregan&hellip;\n","protected":false},"author":2,"featured_media":227538,"comment_status":"","ping_status":"","sticky":false,"template":"","format":"standard","meta":{"footnotes":""},"categories":[42],"tags":[1136,17,18,873,36910,13,14,694,6633,59923,75,11,61,62,63,64,74,19,20,9,10,15,16,12,21,22,65,66,67],"class_list":{"0":"post-227537","1":"post","2":"type-post","3":"status-publish","4":"format-standard","5":"has-post-thumbnail","7":"category-internacional","8":"tag-asegura","9":"tag-breaking-news","10":"tag-breakingnews","11":"tag-cuerpo","12":"tag-entregado","13":"tag-featured-news","14":"tag-featurednews","15":"tag-gaza","16":"tag-haber","17":"tag-hadar-goldin","18":"tag-hamas","19":"tag-headlines","20":"tag-internacional","21":"tag-international","22":"tag-international-news","23":"tag-internationalnews","24":"tag-israel","25":"tag-latest-news","26":"tag-latestnews","27":"tag-news","28":"tag-noticias","29":"tag-noticias-destacadas","30":"tag-noticiasdestacadas","31":"tag-titulares","32":"tag-ultimas-noticias","33":"tag-ultimasnoticias","34":"tag-world","35":"tag-world-news","36":"tag-worldnews"},"share_on_mastodon":{"url":"https:\/\/pubeurope.com\/@es\/115522189591480941","error":""},"_links":{"self":[{"href":"https:\/\/www.europesays.com\/es\/wp-json\/wp\/v2\/posts\/227537","targetHints":{"allow":["GET"]}}],"collection":[{"href":"https:\/\/www.europesays.com\/es\/wp-json\/wp\/v2\/posts"}],"about":[{"href":"https:\/\/www.europesays.com\/es\/wp-json\/wp\/v2\/types\/post"}],"author":[{"embeddable":true,"href":"https:\/\/www.europesays.com\/es\/wp-json\/wp\/v2\/users\/2"}],"replies":[{"embeddable":true,"href":"https:\/\/www.europesays.com\/es\/wp-json\/wp\/v2\/comments?post=227537"}],"version-history":[{"count":0,"href":"https:\/\/www.europesays.com\/es\/wp-json\/wp\/v2\/posts\/227537\/revisions"}],"wp:featuredmedia":[{"embeddable":true,"href":"https:\/\/www.europesays.com\/es\/wp-json\/wp\/v2\/media\/227538"}],"wp:attachment":[{"href":"https:\/\/www.europesays.com\/es\/wp-json\/wp\/v2\/media?parent=227537"}],"wp:term":[{"taxonomy":"category","embeddable":true,"href":"https:\/\/www.europesays.com\/es\/wp-json\/wp\/v2\/categories?post=227537"},{"taxonomy":"post_tag","embeddable":true,"href":"https:\/\/www.europesays.com\/es\/wp-json\/wp\/v2\/tags?post=227537"}],"curies":[{"name":"wp","href":"https:\/\/api.w.org\/{rel}","templated":true}]}}