{"id":227551,"date":"2025-11-09T23:03:12","date_gmt":"2025-11-09T23:03:12","guid":{"rendered":"https:\/\/www.europesays.com\/es\/227551\/"},"modified":"2025-11-09T23:03:12","modified_gmt":"2025-11-09T23:03:12","slug":"la-mujer-canaria-de-pedro-de-guezala-se-vuelve-presente-en-el-espacio-la-panera","status":"publish","type":"post","link":"https:\/\/www.europesays.com\/es\/227551\/","title":{"rendered":"La mujer canaria de Pedro de Guezala se vuelve presente en el Espacio La Panera"},"content":{"rendered":"<p class=\"ft-text ft-helper-closenews\"><strong>Las magas del pintor lagunero <\/strong><a class=\"ft-link ft-link--decoration\" href=\"https:\/\/www.eldia.es\/tenerife\/2019\/04\/20\/estampa-enamoro-pedro-guezala-22647386.html\" rel=\"nofollow noopener\" target=\"_blank\"><strong>Pedro de Guezala<\/strong><\/a> se convirtieron, durante buena parte del siglo XX, en una de las mejores cartas de presentaci\u00f3n de <a class=\"ft-link ft-link--decoration\" href=\"https:\/\/www.eldia.es\/canarias\/\" rel=\"nofollow noopener\" target=\"_blank\">Canarias<\/a>. Hu\u00edan, no obstante, de la imagen m\u00e1s puramente promocional del Archipi\u00e9lago, ya que el artista <strong>idealiz\u00f3 un regionalismo<\/strong> protagonizado por la belleza del territorio y sus tradiciones. Comenz\u00f3 a pintarlas en 1938 y fueron muy demandas entre la burgues\u00eda local, lo que provoc\u00f3 que terminara incluy\u00e9ndolas en pr\u00e1cticamente toda su producci\u00f3n, pint\u00e1ndolas hasta sus \u00faltimos d\u00edas. Junto con estas magas, los trajes que vest\u00edan y los objetos que portaban disfrutaban del mismo protagonismo que las propias mujeres junto con elementos referidos al ruralismo. Aunque sin un nombre que las identificara, cada uno de estos cuadros era una aut\u00e9ntica estampa sobre la feminidad canaria.<\/p>\n<p class=\"ft-text\">D\u00e9cadas despu\u00e9s, <strong>el artista tinerfe\u00f1o Crist\u00f3bal Tabares y la fot\u00f3grafa y v\u00eddeo creadora Raquel San Nicol\u00e1s<\/strong> regresan a la obra de Guezala y recrean algunas de estas im\u00e1genes que, en esta ocasi\u00f3n, nacen desde una visi\u00f3n actual, democr\u00e1tica e igualitaria. La propuesta se puede ver ya, y hasta el pr\u00f3ximo d\u00eda 22, en el <a class=\"ft-link ft-link--decoration\" href=\"https:\/\/www.eldia.es\/cultura\/2024\/11\/25\/panera-cocina-arte-joven-canario-111955384.html\" rel=\"nofollow noopener\" target=\"_blank\">Espacio La Panera<\/a>, en <a class=\"ft-link ft-link--decoration\" href=\"https:\/\/www.eldia.es\/tenerife\/la-laguna\/\" rel=\"nofollow noopener\" target=\"_blank\">La Laguna<\/a>, bajo el t\u00edtulo <strong>Mujeres-Isla (tras Guezala)<\/strong>.<\/p>\n<p>Largo recorrido<\/p>\n<p class=\"ft-text\">Crist\u00f3bal Tabares comenz\u00f3 a trabajar en esta l\u00ednea hace ya algunos a\u00f1os y precisamente recurri\u00f3 a San Nicol\u00e1s para personificar \u00abla maga de <a class=\"ft-link ft-link--decoration\" href=\"https:\/\/www.eldia.es\/tenerife\/\" rel=\"nofollow noopener\" target=\"_blank\">Tenerife<\/a> ahora\u00bb. Fue entonces cuando decidieron unirse para que ella tambi\u00e9n pudiera ofrecer su visi\u00f3n sobre la mujer actual. Tras desgranar buena parte de los s\u00edmbolos,<strong> \u00abtratamos de explicar con ellos a la mujer contempor\u00e1nea<\/strong>, tanto rural como cosmopolita, a la mujer moderna que pudiera representar a todo el espectro de hoy en d\u00eda\u00bb.<\/p>\n<p class=\"ft-text\">Sin embargo, no deseaban que sus im\u00e1genes tuvieran una atm\u00f3sfera editorial, por lo que han tratado de<strong> dotar a las fotograf\u00edas y los cuadros de un \u00abaire natural\u00bb <\/strong>gracias a la participaci\u00f3n de personalidades femeninas de las Islas, que van desde empresarias, artistas, campesinas, escritoras o modelos. Se trata de una docena de rostros que aparecen representados al m\u00e1s puro estilo Guezala, pero que incluyen otras actitudes y elementos que, en vez de idealizarlas, las traen hasta la actualidad.<\/p>\n<p>12 nombres<\/p>\n<p class=\"ft-text\">Conce Fragoso, Daniasa Curbelo, Berta Makowsky, Daida Brito, Emma Toledo, Claudia Bliss, Ceci Wallace, Cristina Mahelo, Andrea Abreu, <a class=\"ft-link ft-link--decoration\" href=\"https:\/\/www.eldia.es\/tags\/eloisa-gonzalez\/\" rel=\"nofollow noopener\" target=\"_blank\">Elo\u00edsa Gonz\u00e1lez<\/a>, Teresa Cabrera y Milagros Santos son las protagonistas de la que los artistas anuncian que es tan solo la primera serie de este proyecto. <strong>Mujeres fuertes, resilientes<\/strong>, muchas de ellas provenientes tambi\u00e9n del mundo rural, y no tan j\u00f3venes como la mayor\u00eda de las campesinas pintadas por Guezala, se encargan de subrayar la diversidad de la condici\u00f3n femenina hoy en d\u00eda.<\/p>\n<p><img decoding=\"async\" src=\"https:\/\/www.europesays.com\/es\/wp-content\/uploads\/2025\/11\/65faa0ef-f630-492f-a4eb-990d696f1504_alta-libre-aspect-ratio_default_0.jpg\" width=\"1200\" height=\"799\" alt=\"Dos de las mujeres protagonistas de la serie.\" class=\"ft-helper-img-rd\" loading=\"lazy\"\/><\/p>\n<p class=\"ft-helper-fontColor-quaternary ft-helper-fontSize-body-S ft-helper-spacer-t-xxs\">Dos de las mujeres protagonistas de la serie.  \/ Arturo Jim\u00e9nez<\/p>\n<p class=\"ft-text\">Los j\u00f3venes artistas canarios<strong> reivindican con este proyecto el feminismo<\/strong> y una representaci\u00f3n de todo lo que ha cambiado la sociedad canaria en las \u00faltimas d\u00e9cadas. Cada una de las im\u00e1genes de la docena de mujeres retratadas invoca un peque\u00f1o universo personal. En todos ellos danza el alma de Guezala pero los detalles extra\u00eddos de los cuadros en piezas un poco m\u00e1s peque\u00f1as \u00abhablan de qui\u00e9n es cada una de ellas y podemos profundizar en sus historias\u00bb, expresa Raquel San Nicol\u00e1s.<\/p>\n<p>Canariedad<\/p>\n<p class=\"ft-text\">A pesar de la docena de trabajos presentados, los artistas afirman que \u00abeste es el primer paso de un camino m\u00e1s largo que a\u00fan tenemos que recorrer\u00bb, asegura Crist\u00f3bal Tabares, quien avanza que a\u00fan les queda mucho por investigar para traer la idea de Guezala a la actualidad y tratar de responder a la pregunta de<strong> \u00bfqu\u00e9 es ser canario? <\/strong>\u00abA veces, las identidades son tan solo ficciones, y hoy en d\u00eda tambi\u00e9n\u00bb.<\/p>\n<p><img decoding=\"async\" src=\"https:\/\/www.europesays.com\/es\/wp-content\/uploads\/2025\/11\/d8b1d08f-4878-4a71-b105-bcf5b438f1b5_alta-libre-aspect-ratio_default_0.jpg\" width=\"1200\" height=\"799\" alt=\"La propuesta incluye pintura y fotograf\u00eda.\" class=\"ft-helper-img-rd\" loading=\"lazy\"\/><\/p>\n<p class=\"ft-helper-fontColor-quaternary ft-helper-fontSize-body-S ft-helper-spacer-t-xxs\">La propuesta incluye pintura y fotograf\u00eda.  \/ Arturo Jim\u00e9nez<\/p>\n<p class=\"ft-text\">Mujeres-Isla (tras Guezala) nace con la vocaci\u00f3n de tratar de discernir qu\u00e9 es la canariedad, \u00abun concepto que es mucho m\u00e1s complejo de lo que deber\u00eda ser, o al menos que se entiende de ese modo, pero que a nosotros nos interesa mucho\u00bb, a\u00f1ade San Nicol\u00e1s, quien recuerda que \u00abser canaria puede verse de muchas formas, tiene muchos colores, matices y capas, y nosotros tenemos la intenci\u00f3n de traer esa tradici\u00f3n de una forma nueva, de una manera que tenga sentido para cada uno de nosotros\u00bb.<strong> \u00abSomos un lugar y eso nos atraviesa inevitablemente\u00bb<\/strong>, sentencia la v\u00eddeo creadora quien incide en la \u00abprofundidad\u00bb que tiene el hecho de ser canario. \u00abPor todas esas razones, merece la pena investigarlo a trav\u00e9s de este proceso, porque cuanto m\u00e1s se estudia, m\u00e1s se podr\u00e1 comprender\u00bb, concluyen los artistas tinerfe\u00f1os, herederos del legado de Guezala.<\/p>\n<p data-close=\"closedContent\" class=\"subscribeHideForDisplay\">Suscr\u00edbete para seguir leyendo<\/p>\n","protected":false},"excerpt":{"rendered":"Las magas del pintor lagunero Pedro de Guezala se convirtieron, durante buena parte del siglo XX, en una&hellip;\n","protected":false},"author":2,"featured_media":227552,"comment_status":"","ping_status":"","sticky":false,"template":"","format":"standard","meta":{"footnotes":""},"categories":[173],"tags":[229,233,231,230,7221,1896,232,234,146,147,25,10558,24,59924,3643,433,2461,4044,59925,1822,23],"class_list":{"0":"post-227551","1":"post","2":"type-post","3":"status-publish","4":"format-standard","5":"has-post-thumbnail","7":"category-arte-y-diseno","8":"tag-arte","9":"tag-arte-y-diseno","10":"tag-arts","11":"tag-arts-and-design","12":"tag-canaria","13":"tag-canarias","14":"tag-design","15":"tag-diseno","16":"tag-entertainment","17":"tag-entretenimiento","18":"tag-es","19":"tag-espacio","20":"tag-espana","21":"tag-guezala","22":"tag-isla","23":"tag-jovenes","24":"tag-mujer","25":"tag-mujeres","26":"tag-panera","27":"tag-pedro","28":"tag-spain"},"share_on_mastodon":{"url":"https:\/\/pubeurope.com\/@es\/115522240820982441","error":""},"_links":{"self":[{"href":"https:\/\/www.europesays.com\/es\/wp-json\/wp\/v2\/posts\/227551","targetHints":{"allow":["GET"]}}],"collection":[{"href":"https:\/\/www.europesays.com\/es\/wp-json\/wp\/v2\/posts"}],"about":[{"href":"https:\/\/www.europesays.com\/es\/wp-json\/wp\/v2\/types\/post"}],"author":[{"embeddable":true,"href":"https:\/\/www.europesays.com\/es\/wp-json\/wp\/v2\/users\/2"}],"replies":[{"embeddable":true,"href":"https:\/\/www.europesays.com\/es\/wp-json\/wp\/v2\/comments?post=227551"}],"version-history":[{"count":0,"href":"https:\/\/www.europesays.com\/es\/wp-json\/wp\/v2\/posts\/227551\/revisions"}],"wp:featuredmedia":[{"embeddable":true,"href":"https:\/\/www.europesays.com\/es\/wp-json\/wp\/v2\/media\/227552"}],"wp:attachment":[{"href":"https:\/\/www.europesays.com\/es\/wp-json\/wp\/v2\/media?parent=227551"}],"wp:term":[{"taxonomy":"category","embeddable":true,"href":"https:\/\/www.europesays.com\/es\/wp-json\/wp\/v2\/categories?post=227551"},{"taxonomy":"post_tag","embeddable":true,"href":"https:\/\/www.europesays.com\/es\/wp-json\/wp\/v2\/tags?post=227551"}],"curies":[{"name":"wp","href":"https:\/\/api.w.org\/{rel}","templated":true}]}}