{"id":227558,"date":"2025-11-09T23:09:13","date_gmt":"2025-11-09T23:09:13","guid":{"rendered":"https:\/\/www.europesays.com\/es\/227558\/"},"modified":"2025-11-09T23:09:13","modified_gmt":"2025-11-09T23:09:13","slug":"benavente-acoge-la-xxv-semana-de-la-diabetes-hasta-el-14-de-noviembre","status":"publish","type":"post","link":"https:\/\/www.europesays.com\/es\/227558\/","title":{"rendered":"Benavente acoge la XXV Semana de la Diabetes hasta el 14 de noviembre"},"content":{"rendered":"<p>La Asociaci\u00f3n de Diabetes de Benavente (ADIBE) organiza la XXV Semana de la Diabetes, que se abrir\u00e1 hoy y concluir\u00e1 el 14 de noviembre, con motivo del D\u00eda Mundial de la Diabetes, que se conmemora cada a\u00f1o el 14 de noviembre y que en esta edici\u00f3n se presenta bajo el lema \u201cDiabetes y bienestar laboral\u201d. Las actividades se desarrollan en el marco del convenio de colaboraci\u00f3n con el Ayuntamiento de Benavente.<\/p>\n<p>Millones de personas con diabetes se enfrentan a retos diarios relacionados con el estigma, la discriminaci\u00f3n y la gesti\u00f3n de la enfermedad en su entorno laboral. Actualmente, 7 de cada 10 personas con diabetes est\u00e1n en edad de trabajar, y un 63% del colectivo afirma que el miedo a desarrollar complicaciones afecta a su bienestar. ADIBE busca visibilizar esta realidad para que empleadores y empleados conozcan mejor la patolog\u00eda y puedan aplicar medidas que favorezcan entornos laborales seguros, inclusivos y adaptados.<\/p>\n<p>Con el acceso adecuado a los cuidados y al apoyo necesario, todas las personas con diabetes pueden mejorar su bienestar y su calidad de vida.<\/p>\n<p><img loading=\"lazy\" decoding=\"async\" width=\"509\" height=\"720\" alt=\"Cartel XXV Semana de la Diabetes\" src=\"https:\/\/www.europesays.com\/es\/wp-content\/uploads\/2025\/11\/2025110917370657350.jpg\" class=\"lazyload\"\/><br \/>\nCartel XXV Semana de la Diabetes<\/p>\n<p>La XXV Semana Diabetol\u00f3gica incluye cuatro charlas abiertas al p\u00fablico, que abordar\u00e1n distintos aspectos relacionados con la enfermedad. Tendr\u00e1n lugar en el Parador de Turismo de Benavente, a las 20:00 horas, desde el lunes 10 de noviembre hasta el viernes 14 (se adjunta cartel).<\/p>\n<p>Adem\u00e1s, el jueves 13 de noviembre, voluntarios de ADIBE realizar\u00e1n una nueva jornada de la Campa\u00f1a de Detecci\u00f3n Precoz de la Diabetes, con pruebas de glucosa en sangre para identificar posibles casos no diagnosticados \u2014ya que la mitad de las personas con diabetes desconoce que la padece\u2014. Las pruebas se llevar\u00e1n a cabo en una carpa instalada en la Plaza de Santa Mar\u00eda, de 10:30 a 13:30 horas, con la colaboraci\u00f3n de varios laboratorios y el patrocinio del Ayuntamiento de Benavente.<\/p>\n<p>Como gesto simb\u00f3lico, el Ayuntamiento de Benavente iluminar\u00e1 de color azul \u2014tono representativo del D\u00eda Mundial de la Diabetes\u2014 la fachada del Ayuntamiento de la Plaza Mayor.<\/p>\n","protected":false},"excerpt":{"rendered":"La Asociaci\u00f3n de Diabetes de Benavente (ADIBE) organiza la XXV Semana de la Diabetes, que se abrir\u00e1 hoy&hellip;\n","protected":false},"author":2,"featured_media":227559,"comment_status":"","ping_status":"","sticky":false,"template":"","format":"standard","meta":{"footnotes":""},"categories":[92],"tags":[4066,4807,25,24,165,15355,166,773,23],"class_list":{"0":"post-227558","1":"post","2":"type-post","3":"status-publish","4":"format-standard","5":"has-post-thumbnail","7":"category-salud","8":"tag-benavente","9":"tag-diabetes","10":"tag-es","11":"tag-espana","12":"tag-health","13":"tag-noviembre","14":"tag-salud","15":"tag-semana","16":"tag-spain"},"share_on_mastodon":{"url":"https:\/\/pubeurope.com\/@es\/115522264755005597","error":""},"_links":{"self":[{"href":"https:\/\/www.europesays.com\/es\/wp-json\/wp\/v2\/posts\/227558","targetHints":{"allow":["GET"]}}],"collection":[{"href":"https:\/\/www.europesays.com\/es\/wp-json\/wp\/v2\/posts"}],"about":[{"href":"https:\/\/www.europesays.com\/es\/wp-json\/wp\/v2\/types\/post"}],"author":[{"embeddable":true,"href":"https:\/\/www.europesays.com\/es\/wp-json\/wp\/v2\/users\/2"}],"replies":[{"embeddable":true,"href":"https:\/\/www.europesays.com\/es\/wp-json\/wp\/v2\/comments?post=227558"}],"version-history":[{"count":0,"href":"https:\/\/www.europesays.com\/es\/wp-json\/wp\/v2\/posts\/227558\/revisions"}],"wp:featuredmedia":[{"embeddable":true,"href":"https:\/\/www.europesays.com\/es\/wp-json\/wp\/v2\/media\/227559"}],"wp:attachment":[{"href":"https:\/\/www.europesays.com\/es\/wp-json\/wp\/v2\/media?parent=227558"}],"wp:term":[{"taxonomy":"category","embeddable":true,"href":"https:\/\/www.europesays.com\/es\/wp-json\/wp\/v2\/categories?post=227558"},{"taxonomy":"post_tag","embeddable":true,"href":"https:\/\/www.europesays.com\/es\/wp-json\/wp\/v2\/tags?post=227558"}],"curies":[{"name":"wp","href":"https:\/\/api.w.org\/{rel}","templated":true}]}}