{"id":227568,"date":"2025-11-09T23:14:09","date_gmt":"2025-11-09T23:14:09","guid":{"rendered":"https:\/\/www.europesays.com\/es\/227568\/"},"modified":"2025-11-09T23:14:09","modified_gmt":"2025-11-09T23:14:09","slug":"desde-este-lunes-navarra-confina-11-millones-de-gallinas","status":"publish","type":"post","link":"https:\/\/www.europesays.com\/es\/227568\/","title":{"rendered":"Desde este lunes, Navarra confina 1,1 millones de gallinas"},"content":{"rendered":"<p>\n        <strong>Espa\u00f1a refuerza desde este lunes su lucha para frenar el avance de la gripe aviar<\/strong>, tras m\u00e1s de dos millones de aves de granja sacrificadas en los \u00faltimos meses \u2013ninguna de ellas en <a href=\"https:\/\/www.noticiasdenavarra.com\/tags\/navarra\/\" title=\"Navarra\" target=\"_blank\" class=\"link copy\" rel=\"nofollow noopener\">Navarra<\/a>\u2013, y lo har\u00e1 con la implementaci\u00f3n de nuevas medidas como el <strong>confinamiento de las aves de corral en 1.199 municipios ubicados en zonas de especial riesgo<\/strong>. El Ministerio de Agricultura ha establecido una zona especial de vigilancia en Navarra, pr\u00f3xima a humedales, en la que est\u00e1n encuadrados doce municipios.\n<\/p>\n<p class=\"article-body__text \">\n        Este lunes <strong>21 granjas, instaladas en ocho de esas localidades,<\/strong> van a tener que confinar a 1,1 millones de gallinas. <strong>Los pueblos afectados son Ablitas, Arguedas, Carcastillo, Murchante, Pitillas, Tafalla, Tudela y Valtierra.<\/strong>\n<\/p>\n<p class=\"article-body__text \">\n        El incremento de los casos y de los movimientos de aves migratorias ha llevado al Ministerio de Agricultura, Pesca y Alimentaci\u00f3n (MAPA) a activar la totalidad de las medidas de protecci\u00f3n previstas en la Orden APA\/2442\/2006, de 27 de julio. Desde hoy, se activan varias prohibiciones y obligaciones en las zonas de especial riesgo y vigilancia.\n<\/p>\n<p>  <strong>Las medidas <\/strong><\/p>\n<p class=\"article-body__text \">\n        Entre las medidas que se van a aplicar, va a quedar prohibida la cr\u00edas de aves de corral al aire libre pero cuando esto no sea posible la autoridad podr\u00e1 autorizar el mantenimiento de aves de corral al aire libre mediante la colocaci\u00f3n de telas pajareras o <strong>cualquier otro dispositivo que impida la entrada de aves silvestres<\/strong>.\n<\/p>\n<p class=\"article-body__text \">\n        No va a poder darse agua a las aves de corral procedente de dep\u00f3sitos a los que puedan acceder aves silvestres, salvo que el agua sea tratada a fin de garantizar la inactivaci\u00f3n de posibles virus de influenza aviar. Se proh\u00edbe tambi\u00e9n la presencia de aves de corral u otro tipo de aves cautivas en los centros de concentraci\u00f3n de animales.\n<\/p>\n<p class=\"article-body__text \">\n        Para el resto del territorio que no tenga alerta, el Gobierno recomienda extremar las medidas de bioseguridad en las explotaciones av\u00edcolas, especialmente aquellas destinadas a evitar el contacto con aves silvestres, as\u00ed como reforzar la vigilancia pasiva, y notificar cuanto antes cualquier sospecha de enfermedad. Las comunidades, que tienen las competencias en sanidad animal, pueden determinar adem\u00e1s otras medidas complementarias.<\/p>\n","protected":false},"excerpt":{"rendered":"Espa\u00f1a refuerza desde este lunes su lucha para frenar el avance de la gripe aviar, tras m\u00e1s de&hellip;\n","protected":false},"author":2,"featured_media":227569,"comment_status":"","ping_status":"","sticky":false,"template":"","format":"standard","meta":{"footnotes":""},"categories":[8],"tags":[3099,17,18,59930,25,24,13,14,11,19,20,1051,708,9,10,15,16,23,12,21,22],"class_list":{"0":"post-227568","1":"post","2":"type-post","3":"status-publish","4":"format-standard","5":"has-post-thumbnail","7":"category-espana","8":"tag-3099","9":"tag-breaking-news","10":"tag-breakingnews","11":"tag-confina","12":"tag-es","13":"tag-espana","14":"tag-featured-news","15":"tag-featurednews","16":"tag-headlines","17":"tag-latest-news","18":"tag-latestnews","19":"tag-lunes","20":"tag-navarra","21":"tag-news","22":"tag-noticias","23":"tag-noticias-destacadas","24":"tag-noticiasdestacadas","25":"tag-spain","26":"tag-titulares","27":"tag-ultimas-noticias","28":"tag-ultimasnoticias"},"share_on_mastodon":{"url":"https:\/\/pubeurope.com\/@es\/115522284065595509","error":""},"_links":{"self":[{"href":"https:\/\/www.europesays.com\/es\/wp-json\/wp\/v2\/posts\/227568","targetHints":{"allow":["GET"]}}],"collection":[{"href":"https:\/\/www.europesays.com\/es\/wp-json\/wp\/v2\/posts"}],"about":[{"href":"https:\/\/www.europesays.com\/es\/wp-json\/wp\/v2\/types\/post"}],"author":[{"embeddable":true,"href":"https:\/\/www.europesays.com\/es\/wp-json\/wp\/v2\/users\/2"}],"replies":[{"embeddable":true,"href":"https:\/\/www.europesays.com\/es\/wp-json\/wp\/v2\/comments?post=227568"}],"version-history":[{"count":0,"href":"https:\/\/www.europesays.com\/es\/wp-json\/wp\/v2\/posts\/227568\/revisions"}],"wp:featuredmedia":[{"embeddable":true,"href":"https:\/\/www.europesays.com\/es\/wp-json\/wp\/v2\/media\/227569"}],"wp:attachment":[{"href":"https:\/\/www.europesays.com\/es\/wp-json\/wp\/v2\/media?parent=227568"}],"wp:term":[{"taxonomy":"category","embeddable":true,"href":"https:\/\/www.europesays.com\/es\/wp-json\/wp\/v2\/categories?post=227568"},{"taxonomy":"post_tag","embeddable":true,"href":"https:\/\/www.europesays.com\/es\/wp-json\/wp\/v2\/tags?post=227568"}],"curies":[{"name":"wp","href":"https:\/\/api.w.org\/{rel}","templated":true}]}}