{"id":227581,"date":"2025-11-09T23:26:16","date_gmt":"2025-11-09T23:26:16","guid":{"rendered":"https:\/\/www.europesays.com\/es\/227581\/"},"modified":"2025-11-09T23:26:16","modified_gmt":"2025-11-09T23:26:16","slug":"un-homenaje-al-origen-de-la-escuela-de-artes-y-oficios","status":"publish","type":"post","link":"https:\/\/www.europesays.com\/es\/227581\/","title":{"rendered":"un homenaje al origen de la Escuela de Artes y Oficios"},"content":{"rendered":"<p>La <strong data-start=\"184\" data-end=\"233\">Escuela de Artes y Oficios de Vitoria-Gasteiz<\/strong> celebra sus <strong data-start=\"246\" data-end=\"270\">250 a\u00f1os de historia<\/strong> con la exposici\u00f3n &#8216;250 a\u00f1os dibujando&#8217;, que puede visitarse hasta el <strong data-start=\"340\" data-end=\"363\">29 de enero de 2026<\/strong> en el Paraninfo del centro.<\/p>\n<p>La muestra cierra un a\u00f1o de celebraciones y <strong>rinde homenaje al dibujo<\/strong>, la disciplina que ha acompa\u00f1ado a la Escuela desde su fundaci\u00f3n en 1774.<\/p>\n<p>\t\t\t\t\t\t\tPUBLICIDAD &#8211; SIGUE LEYENDO ABAJO<br \/>\n\t\t\t\t\t\t\t<a rel=\"noreferrer nofollow noopener\" href=\"https:\/\/varitek.es\/varitek-vitoria\/\" target=\"_blank\"><br \/>\n\t\t\t\t\t\t\t\t<img decoding=\"async\" width=\"400px\" height=\"400px\" layout=\"responsive\" data-category=\"banner-varitek\" id=\"segundoparr\" class=\"banclick\" src=\"https:\/\/www.europesays.com\/es\/wp-content\/uploads\/2025\/10\/1760714649_101_publicidad-segundo-parrafo-61.gif\"\/><br \/>\n\t\t\t\t\t\t\t<\/a><\/p>\n<p><img fetchpriority=\"high\" decoding=\"async\" class=\"aligncenter wp-image-274815 size-full\" title=\"250-urte-marrazten_250-a\u00f1os-dibujando-2\" src=\"https:\/\/www.europesays.com\/es\/wp-content\/uploads\/2025\/11\/250-urte-marrazten_250-anos-dibujando-2.jpg\" alt=\"250-urte-marrazten_250-a\u00f1os-dibujando-2\" width=\"1500\" height=\"2000\"  \/><\/p>\n<p>El recorrido invita a descubrir c\u00f3mo ha evolucionado el dibujo en la ense\u00f1anza art\u00edstica, desde las primeras l\u00e1minas y moldes de escayola hasta los trabajos de autores como <strong>D\u00edaz de Olano, Salvador Azpiazu o P\u00e9rez de Arenaza.<\/strong><\/p>\n<p>Y es que, trav\u00e9s de fotograf\u00edas, documentos y materiales de archivo, la exposici\u00f3n muestra c\u00f3mo el dibujo ha sido siempre el punto de partida para comprender y representar el mundo,<strong> \u00abbase de todas las artes\u00bb.<\/strong><\/p>\n<p>\t\t\t\t\t\tPUBLICIDAD &#8211; SIGUE LEYENDO ABAJO<br \/>\n\t\t\t\t\t\t<a rel=\"noreferrer nofollow noopener\" href=\"https:\/\/www.hyundai.es\/concesionarios\/autolasa\/gama-hibrida-electrica\" target=\"_blank\"><br \/>\n\t\t\t\t\t\t\t<img decoding=\"async\" width=\"400px\" height=\"400px\" layout=\"responsive\" data-category=\"banner-Hyundai-autolasa\" id=\"quintoparr\" class=\"banclick\" src=\"https:\/\/www.europesays.com\/es\/wp-content\/uploads\/2025\/10\/publicidad-quinto-parrafo-33.gif\"\/><br \/>\n\t\t\t\t\t\t<\/a><\/p>\n<p>All\u00ed, Uno de los elementos m\u00e1s emotivos de la muestra es una <strong data-start=\"1036\" data-end=\"1055\">pieza colectiva<\/strong> creada con l\u00e1pices donados por el alumnado. <strong>Cada l\u00e1piz simboliza \u00abuna historia, una mano, una mirada\u00bb.<\/strong><\/p>\n<p>Con ellos, el equipo docente<strong> ha recreado las plantas de las tres sedes<\/strong> que ha tenido la Escuela a lo largo de su historia: el Palacio Escoriaza-Esquivel, el Campillo y Conde Pe\u00f1aflorida. Y es que, los lapiceros representan la presencia viva de generaciones de estudiantes.<\/p>\n<p><img loading=\"lazy\" decoding=\"async\" class=\"aligncenter wp-image-274816 size-full\" title=\"250-urte-marrazten_250-a\u00f1os-dibujando-4\" src=\"https:\/\/www.europesays.com\/es\/wp-content\/uploads\/2025\/11\/250-urte-marrazten_250-anos-dibujando-4.jpg\" alt=\"250-urte-marrazten_250-a\u00f1os-dibujando-4\" width=\"2000\" height=\"1500\"  \/><\/p>\n<p>Para cerrar el aniversario<\/p>\n<p>Para terminar, la exposici\u00f3n se completa con la \u00faltima muestra <strong>&#8216;250 mm.&#8217;<\/strong>, que se inaugurar\u00e1 el <strong data-start=\"1545\" data-end=\"1564\">27 de noviembre<\/strong> como cierre de este aniversario. Ser\u00e1 una celebraci\u00f3n coral en la que todos los talleres del centro presentar\u00e1n obras con una misma medida simb\u00f3lica: 250 mil\u00edmetros.<\/p>\n<p>\t\t\t\t\t\t\tPUBLICIDAD &#8211; SIGUE LEYENDO ABAJO<br \/>\n\t\t\t\t\t\t\t<a rel=\"noreferrer nofollow noopener\" href=\"https:\/\/www.bakh.es\/\" target=\"_blank\"><br \/>\n\t\t\t\t\t\t\t\t<img decoding=\"async\" width=\"400px\" height=\"400px\" layout=\"responsive\" data-category=\"banner-bakh\" id=\"novparr\" class=\"banclick\" src=\"https:\/\/www.europesays.com\/es\/wp-content\/uploads\/2025\/11\/publicidad-noveno-parrafo-66.jpg\"\/><br \/>\n\t\t\t\t\t\t\t<\/a><\/p>\n","protected":false},"excerpt":{"rendered":"La Escuela de Artes y Oficios de Vitoria-Gasteiz celebra sus 250 a\u00f1os de historia con la exposici\u00f3n &#8216;250&hellip;\n","protected":false},"author":2,"featured_media":227582,"comment_status":"","ping_status":"","sticky":false,"template":"","format":"standard","meta":{"footnotes":""},"categories":[173],"tags":[229,233,231,230,232,234,146,147,25,24,23],"class_list":{"0":"post-227581","1":"post","2":"type-post","3":"status-publish","4":"format-standard","5":"has-post-thumbnail","7":"category-arte-y-diseno","8":"tag-arte","9":"tag-arte-y-diseno","10":"tag-arts","11":"tag-arts-and-design","12":"tag-design","13":"tag-diseno","14":"tag-entertainment","15":"tag-entretenimiento","16":"tag-es","17":"tag-espana","18":"tag-spain"},"share_on_mastodon":{"url":"https:\/\/pubeurope.com\/@es\/115522331248685641","error":""},"_links":{"self":[{"href":"https:\/\/www.europesays.com\/es\/wp-json\/wp\/v2\/posts\/227581","targetHints":{"allow":["GET"]}}],"collection":[{"href":"https:\/\/www.europesays.com\/es\/wp-json\/wp\/v2\/posts"}],"about":[{"href":"https:\/\/www.europesays.com\/es\/wp-json\/wp\/v2\/types\/post"}],"author":[{"embeddable":true,"href":"https:\/\/www.europesays.com\/es\/wp-json\/wp\/v2\/users\/2"}],"replies":[{"embeddable":true,"href":"https:\/\/www.europesays.com\/es\/wp-json\/wp\/v2\/comments?post=227581"}],"version-history":[{"count":0,"href":"https:\/\/www.europesays.com\/es\/wp-json\/wp\/v2\/posts\/227581\/revisions"}],"wp:featuredmedia":[{"embeddable":true,"href":"https:\/\/www.europesays.com\/es\/wp-json\/wp\/v2\/media\/227582"}],"wp:attachment":[{"href":"https:\/\/www.europesays.com\/es\/wp-json\/wp\/v2\/media?parent=227581"}],"wp:term":[{"taxonomy":"category","embeddable":true,"href":"https:\/\/www.europesays.com\/es\/wp-json\/wp\/v2\/categories?post=227581"},{"taxonomy":"post_tag","embeddable":true,"href":"https:\/\/www.europesays.com\/es\/wp-json\/wp\/v2\/tags?post=227581"}],"curies":[{"name":"wp","href":"https:\/\/api.w.org\/{rel}","templated":true}]}}