{"id":227720,"date":"2025-11-10T01:26:09","date_gmt":"2025-11-10T01:26:09","guid":{"rendered":"https:\/\/www.europesays.com\/es\/227720\/"},"modified":"2025-11-10T01:26:09","modified_gmt":"2025-11-10T01:26:09","slug":"betis-cayo-en-la-trampa-de-un-partido-loco-1-1","status":"publish","type":"post","link":"https:\/\/www.europesays.com\/es\/227720\/","title":{"rendered":"Betis: Cay\u00f3 en la trampa de un partido loco (1-1)"},"content":{"rendered":"<p style=\"\">El <strong>Betis<\/strong> cay\u00f3 en la trampa pero sali\u00f3 vivo de una locura. Un encuentro demasiado descontrolado, desbocado, sin riendas como propuso el <strong>Valencia<\/strong> fue contagioso para el equipo de Manuel <strong>Pellegrini<\/strong>, que respondi\u00f3 al frenes\u00ed con m\u00e1s v\u00e9rtigo. Y as\u00ed los locales  &#8230; tuvieron opciones hasta el final. Un duelo en el que los verdiblancos se adelantaron gracias a una buena definici\u00f3n de <strong>Cucho Hern\u00e1ndez<\/strong> en el minuto 75 pero vieron c\u00f3mo un b\u00e9tico como Luis <strong>Rioja<\/strong> revolucion\u00f3 el choque en su contra con acciones sin freno hasta lograr el empate y casi m\u00e1s. Mestalla era una caldera para su equipo con la estrategia local de meter presi\u00f3n hasta el final en cada jugada con asentimiento del \u00e1rbitro y eso no lo supo superar el bloque heliopolitano para no perder el tren Champions de Atl\u00e9tico y Villarreal. Se va al par\u00f3n el Betis sin poder hacer el tres de tres y con cosas a\u00fan que mejorar. <\/p>\n<p class=\"voc-p\" style=\"\">Destac\u00f3 Valles en la meta y eso no suele ser buena noticia. Y se vieron demasiados fallos en servicios sencillos. Hasta hubo t\u00e1nganas en el campo en un choque que el Valencia plante\u00f3 como lo har\u00e1n otros equipos tipo Getafe o el propio Sevilla en el derbi. Juego interrumpido, acciones al l\u00edmite e intensidad para que la calidad se diluya y las fuerzas se igualen. Y en esa trampa cay\u00f3 el Betis en un duelo que debi\u00f3 manejar para hacerlo suyo, sobre todo despu\u00e9s del 0-1. Y acab\u00f3 como en Elche, Vigo, Ciudad de Valencia y Villarreal.<\/p>\n<p class=\"voc-p\" style=\"\">El partido empez\u00f3 movido, con un ritmo precioso para los espectadores pero dif\u00edcil de soportar para las piernas de los protagonistas. Como si ambos tuvieran prisa por dar el primer golpe. Abde tras carrera de Antony, fall\u00f3 por precipitaci\u00f3n, le dio al bal\u00f3n con un pie y despu\u00e9s otro, en el minuto cuatro. Pero es que en el siete, Valles tuvo que salir a desbaratar un mano a mano con Danjuma en el \u00e1rea y este delantero local dispar\u00f3 con fuerza en el nueve y el meta b\u00e9tico desvi\u00f3 al larguero. Una locura de inicio que apenas se detuvo porque el partido iba de un lado a otro, con los verdiblancos buscando a sus estiletes y el Valencia tratando de presionar alt\u00edsimo y salir con menos metros por delante.<\/p>\n<p class=\"voc-p\" style=\"\">En el minuto 29 lleg\u00f3 la segunda oportunidad clamorosa del Betis, con un contragolpe de Cucho por la izquierda, atracci\u00f3n de hasta cuatro rivales, para dejar solo a Antony ante Agirrezabala. El disparo del brasile\u00f1o sali\u00f3 alto y su lamento se escuch\u00f3 en toda Valencia y alrededores. No estaba matando el Betis un partido que dejaba ah\u00ed vivo pero es que el Valencia tambi\u00e9n ten\u00eda cosas que decir y Valles tuvo que hacer otra parada de m\u00e9rito ante Diego L\u00f3pez tras un pase lateral de Gay\u00e1.<\/p>\n<p class=\"voc-p\" style=\"\">Menci\u00f3n aparte ten\u00edan las decisiones de Garc\u00eda Verdura, que permit\u00eda mucho juego brusco del Valencia, que pretend\u00eda emborronar el partido para frenar la ofensiva b\u00e9tica, con Gay\u00e1 como uno de los cabecillas. Choques y muchas simulaciones para condicionar al \u00e1rbitro. En esas se intern\u00f3 Lo Celso en el \u00e1rea desde la banda izquierda y el arrastre del pie trasero de Thierry Correia le impidi\u00f3 seguir con una zancadilla. Iglesias Villanueva, desde el VAR, ni avis\u00f3 al colegiado de campo. Otro penalti que se queda en el limbo de las quejas heliopolitanas. Y as\u00ed se lleg\u00f3 al descanso.<\/p>\n<ul class=\"voc-list\">\n<li class=\"voc-list__item\">\n<strong>Valencia CF<\/strong><br \/>\nAgirrezabala; Thierry Correia, T\u00e1rrega, Copete, Gay\u00e1 (Jes\u00fas V\u00e1zquez, m. 77); Javi Guerra, Pepelu (Santamar\u00eda, m. 77), Diego L\u00f3pez (Rioja, m. 68), Almeida (Raba, m. 77); Beltr\u00e1n (Hugo Duro, m. 68) y Danjuma.\n<\/li>\n<li class=\"voc-list__item\">\n<strong>Real Betis<\/strong><br \/>\nValles; Beller\u00edn, Bartra, Natan, Valent\u00edn; Amrabat, Fornals; Antony, Lo Celso (Marc Roca, m. 77), Abde (Riquelme, m. 77); y Cucho Hern\u00e1ndez (Chimy \u00c1vila, m. 92).\n<\/li>\n<li class=\"voc-list__item\">\n<strong>\u00c1rbitro<\/strong><br \/>\nGarc\u00eda Verdura (Comit\u00e9 Catal\u00e1n). Amonest\u00f3 a Gay\u00e1, Natan, Pepelu, Abde,  Valent\u00edn, T\u00e1rrega, Chimy y Hugo Duro.\n<\/li>\n<li class=\"voc-list__item\">\n<strong>Goles<\/strong><br \/>\n0-1, m. 75: Cucho Hern\u00e1ndez. 1-1, m. 82: Rioja.\n<\/li>\n<\/ul>\n<p class=\"voc-p\" style=\"\">Antony entra en el \u00e1rea tras pase de Cucho y Gay\u00e1 le molesta lo suficiente para que no tenga el cuerpo c\u00f3modo para disparar con tino. Garc\u00eda Verdura sigue permitiendo que los locales jueguen al l\u00edmite y las faltas se obvian y eso desespera. Correia empuja a Abde cuando controla en el \u00e1rea. Tampoco hay penalti. Es el Betis el que domina claramente en esta fase y evitando las transiciones locales. Diego L\u00f3pez representa el mayor peligro valencianista porque se le ve muy activo. La defensa b\u00e9tica bloquea bien cada intento.<\/p>\n<p class=\"voc-p\" style=\"\">Abde llega a la l\u00ednea de fondo y su pase al segundo palo lo salva Gay\u00e1 con <strong>Antony<\/strong> entrando solo para rematar. Pasamos ya de la hora de juego. El Betis recupera y recupera m\u00e1s pronto y quiere imprimir m\u00e1s velocidad al juego pero le falta precisi\u00f3n y hay fallos en los pases f\u00e1ciles de Valent\u00edn, Cucho o Beller\u00edn. Pero el dominio se reparte y el Valencia se siente c\u00f3modo lanzando a sus laterales. <strong>Natan<\/strong> ve amarilla por una falta tonta y queda apercibido para el derbi. Abde es frenado por Pepelu en falta y \u00e9ste ve amarilla. El choque sigue excesivamente parejo y obligando al Betis a un esfuerzo f\u00edsico importante tras haber jugado el pasado jueves. El Valencia da un paso adelante y encadena saques de esquina. Antony con la derecha en un contragollpe dispara cruzado con el meta valencianista mirando. Est\u00e1 el choque para una genialidad.<\/p>\n<p class=\"voc-p\" style=\"\">Y la convierte <strong>Cucho Hern\u00e1ndez<\/strong> despu\u00e9s de un pase err\u00f3neo de T\u00e1rrega en la salida que acaba en los pies de Abde, quien le da r\u00e1pido el bal\u00f3n a Cucho, quien encara a Agirrezabala y marca el 0-1 para locura de todos. El Valencia no se toma bien la celebraci\u00f3n y T\u00e1rrega se encara con Abde. Ambos ven amarilla. Pellegrini mete a Marc Roca en lugar de Lo Celso para asentar la medular adelantando a Fornals y a Riquelme en la izquierda en lugar de Abde. Agota los cambios Corber\u00e1n con una triple sustituci\u00f3n. Queda un cuarto de hora de juego y ahora los verdiblancos han de sostener su ventaja o ampliarla, que la ambici\u00f3n de este equipo siempre est\u00e1 ah\u00ed.<\/p>\n<p class=\"voc-p\" style=\"\">Pero a la salida de un c\u00f3rner <strong>Rioja<\/strong> le gana un bal\u00f3n en la frontal a Antony y dispara ajustado para que Valles no pueda hacer nada y firma el 1-1. Un jarro de agua fr\u00eda demasiado pronto. Hay falta sobre Valent\u00edn en zona ofensiva y la va a sacar Antony con todos en el \u00e1rea valencianista pero va muy alta. Valent\u00edn sufre con Rioja y le tiene que hacer falta, con amarilla, cuando se va. Y la acci\u00f3n es similar ahora en el \u00e1rea contraria. El choque  tiene pausa y puede ganar cualquiera. Cucho intenta que sea el Betis en una internada y su disparo con la zurda lo desv\u00eda el meta local con los pies en el minuto 89. El \u00e1rbitro da cuatro minutos de alargue y en ese tramo es el Valencia el m\u00e1s activo con Rioja como protagonista hasta el final. El Betis entiende que si no puede ganar ha de sumar al menos y eso se convierte en el objetivo. No perder. Y as\u00ed sali\u00f3 de un rodeo tan complicado como el que el plante\u00f3 el Valencia de principio a fin en Mestalla.<\/p>\n<p class=\"voc-p\" style=\"\">\u00a0<\/p>\n","protected":false},"excerpt":{"rendered":"El Betis cay\u00f3 en la trampa pero sali\u00f3 vivo de una locura. Un encuentro demasiado descontrolado, desbocado, sin&hellip;\n","protected":false},"author":2,"featured_media":227721,"comment_status":"","ping_status":"","sticky":false,"template":"","format":"standard","meta":{"footnotes":""},"categories":[93],"tags":[59950,168,25,24,23,167],"class_list":{"0":"post-227720","1":"post","2":"type-post","3":"status-publish","4":"format-standard","5":"has-post-thumbnail","7":"category-deportes","8":"tag-dddd","9":"tag-deportes","10":"tag-es","11":"tag-espana","12":"tag-spain","13":"tag-sports"},"share_on_mastodon":{"url":"https:\/\/pubeurope.com\/@es\/115522803145656331","error":""},"_links":{"self":[{"href":"https:\/\/www.europesays.com\/es\/wp-json\/wp\/v2\/posts\/227720","targetHints":{"allow":["GET"]}}],"collection":[{"href":"https:\/\/www.europesays.com\/es\/wp-json\/wp\/v2\/posts"}],"about":[{"href":"https:\/\/www.europesays.com\/es\/wp-json\/wp\/v2\/types\/post"}],"author":[{"embeddable":true,"href":"https:\/\/www.europesays.com\/es\/wp-json\/wp\/v2\/users\/2"}],"replies":[{"embeddable":true,"href":"https:\/\/www.europesays.com\/es\/wp-json\/wp\/v2\/comments?post=227720"}],"version-history":[{"count":0,"href":"https:\/\/www.europesays.com\/es\/wp-json\/wp\/v2\/posts\/227720\/revisions"}],"wp:featuredmedia":[{"embeddable":true,"href":"https:\/\/www.europesays.com\/es\/wp-json\/wp\/v2\/media\/227721"}],"wp:attachment":[{"href":"https:\/\/www.europesays.com\/es\/wp-json\/wp\/v2\/media?parent=227720"}],"wp:term":[{"taxonomy":"category","embeddable":true,"href":"https:\/\/www.europesays.com\/es\/wp-json\/wp\/v2\/categories?post=227720"},{"taxonomy":"post_tag","embeddable":true,"href":"https:\/\/www.europesays.com\/es\/wp-json\/wp\/v2\/tags?post=227720"}],"curies":[{"name":"wp","href":"https:\/\/api.w.org\/{rel}","templated":true}]}}