{"id":227755,"date":"2025-11-10T01:55:11","date_gmt":"2025-11-10T01:55:11","guid":{"rendered":"https:\/\/www.europesays.com\/es\/227755\/"},"modified":"2025-11-10T01:55:11","modified_gmt":"2025-11-10T01:55:11","slug":"un-ciervo-campa-por-zamora-y-se-refugia-en-un-parking-del-centro","status":"publish","type":"post","link":"https:\/\/www.europesays.com\/es\/227755\/","title":{"rendered":"Un ciervo campa por Zamora y se refugia en un &#8216;parking&#8217; del centro"},"content":{"rendered":"<p style=\"\">Un reguero de llamadas en torno a las 15 horas daba fe de ello: <strong>un ciervo ha recorrido Zamora este domingo a la hora de comer.<\/strong> El ejemplar, con una cornamenta completa, ha atravesado el bosque de Valorio y ha llegado hasta el centro  &#8230; de la capital zamorana. \u00abA la carrera\u00bb por la calle Doctor Fleming y hacia el parque de San Mart\u00edn, ha acabado por <strong>encontrar refugio en un &#8216;parking&#8217;<\/strong> en pleno casco antiguo, tal y como ha informado el 1-1-2. <\/p>\n<p class=\"voc-p\" style=\"\">All\u00ed ha estado durante varias horas, a la espera de que los servicios veterinarios municipales y la Junta determinen las medidas oportunas para<strong> retirarlo sin que se produzca riesgos para las personas o sufra da\u00f1os el animal. <\/strong>El animal lograba ser sedado tiempo despu\u00e9s con dardos tranquilizantes y atrapado sin que sufriera da\u00f1o y sin que el suceso llegara a afectar a ninguna persona, seg\u00fan destacaban a Ical fuentes de la Concejal\u00eda de Protecci\u00f3n Ciudadana del Ayuntamiento de Zamora.<\/p>\n<p><img decoding=\"async\" loading=\"lazy\" src=\"https:\/\/www.europesays.com\/es\/wp-content\/uploads\/2025\/11\/_09MAX202511713084-U35483024674ozF-760x427@diario_abc.jpg\" class=\"voc-img\" width=\"760\" height=\"427\" alt=\"Lo servicios veterinarios logran atrapar y atender al ciervo que ha entrado en un aparcamiento en Zamora capital\" data-voc-vtm-id=\"in-text-traffic\"\/><\/p>\n<p>Lo servicios veterinarios logran atrapar y atender al ciervo que ha entrado en un aparcamiento en Zamora capital<\/p>\n<p>ICAL<\/p>\n<p class=\"voc-p\" style=\"\">\u00abEl ciervo entr\u00f3 esta tarde en el casco urbano de la ciudad y se desplaz\u00f3 por las calles Pisones y Doctor Fleming y se introdujo en el aparcamiento de San Mart\u00edn sin mayores consecuencias\u00bb, ha reiterado el primer teniente de alcalde y concejal de Protecci\u00f3n Ciudadana y Promoci\u00f3n Econ\u00f3mica, David Gago. \u00abEn estos momentos, est\u00e1 dentro del aparcamiento y se han cerrado las salidas. La Polic\u00eda Municipal est\u00e1 al habla con los servicios veterinarios municipales y con la Junta de Castilla y Le\u00f3n para tratar la situaci\u00f3n y ver la mejor soluci\u00f3n para el animal y que no comprometa la seguridad de nadie\u00bb, ha a\u00f1adido.<\/p>\n<p class=\"voc-p\" style=\"\">Veh\u00edculos de la Polic\u00eda Nacional y de la Polic\u00eda Municipal bloquean el acceso al aparcamiento para evitar que el animal salga descontrolado de la misma forma que entr\u00f3. <\/p>\n<p class=\"voc-p\" style=\"\">Tras varias horas de trabajo, se lograba dormir al animal con dardos tranquilizantes, con la ayuda de dos veterinarios. El ciervo presentaba <strong>varias heridas, probablemente, provocadas en su huida<\/strong>, desorientado, por la ciudad y los alrededores. Una vez curadas por los veterinarios, los Bomberos de Zamora lo trasladaban a una zona natural \u201cdonde no corra peligro\u201d, seg\u00fan explicaron las mismas fuentes.<\/p>\n","protected":false},"excerpt":{"rendered":"Un reguero de llamadas en torno a las 15 horas daba fe de ello: un ciervo ha recorrido&hellip;\n","protected":false},"author":2,"featured_media":227756,"comment_status":"","ping_status":"","sticky":false,"template":"","format":"standard","meta":{"footnotes":""},"categories":[8],"tags":[17,18,37782,245,47045,25,24,13,14,11,19,20,9,10,15,16,31270,59960,23,12,21,22,2946],"class_list":{"0":"post-227755","1":"post","2":"type-post","3":"status-publish","4":"format-standard","5":"has-post-thumbnail","7":"category-espana","8":"tag-breaking-news","9":"tag-breakingnews","10":"tag-campa","11":"tag-centro","12":"tag-ciervo","13":"tag-es","14":"tag-espana","15":"tag-featured-news","16":"tag-featurednews","17":"tag-headlines","18":"tag-latest-news","19":"tag-latestnews","20":"tag-news","21":"tag-noticias","22":"tag-noticias-destacadas","23":"tag-noticiasdestacadas","24":"tag-parking","25":"tag-refugia","26":"tag-spain","27":"tag-titulares","28":"tag-ultimas-noticias","29":"tag-ultimasnoticias","30":"tag-zamora"},"share_on_mastodon":{"url":"https:\/\/pubeurope.com\/@es\/115522917355470896","error":""},"_links":{"self":[{"href":"https:\/\/www.europesays.com\/es\/wp-json\/wp\/v2\/posts\/227755","targetHints":{"allow":["GET"]}}],"collection":[{"href":"https:\/\/www.europesays.com\/es\/wp-json\/wp\/v2\/posts"}],"about":[{"href":"https:\/\/www.europesays.com\/es\/wp-json\/wp\/v2\/types\/post"}],"author":[{"embeddable":true,"href":"https:\/\/www.europesays.com\/es\/wp-json\/wp\/v2\/users\/2"}],"replies":[{"embeddable":true,"href":"https:\/\/www.europesays.com\/es\/wp-json\/wp\/v2\/comments?post=227755"}],"version-history":[{"count":0,"href":"https:\/\/www.europesays.com\/es\/wp-json\/wp\/v2\/posts\/227755\/revisions"}],"wp:featuredmedia":[{"embeddable":true,"href":"https:\/\/www.europesays.com\/es\/wp-json\/wp\/v2\/media\/227756"}],"wp:attachment":[{"href":"https:\/\/www.europesays.com\/es\/wp-json\/wp\/v2\/media?parent=227755"}],"wp:term":[{"taxonomy":"category","embeddable":true,"href":"https:\/\/www.europesays.com\/es\/wp-json\/wp\/v2\/categories?post=227755"},{"taxonomy":"post_tag","embeddable":true,"href":"https:\/\/www.europesays.com\/es\/wp-json\/wp\/v2\/tags?post=227755"}],"curies":[{"name":"wp","href":"https:\/\/api.w.org\/{rel}","templated":true}]}}